{"id":12024,"date":"2024-09-20T10:51:41","date_gmt":"2024-09-20T13:51:41","guid":{"rendered":"https:\/\/www.paparazzinews.com.br\/?p=12024"},"modified":"2024-09-20T10:51:42","modified_gmt":"2024-09-20T13:51:42","slug":"menina-de-6-anos-recebe-aparelho-sonoro-e-escuta-pela-primeira-vez","status":"publish","type":"post","link":"https:\/\/www.paparazzinews.com.br\/?p=12024","title":{"rendered":"Menina de 6 anos recebe aparelho sonoro e escuta pela primeira vez"},"content":{"rendered":"\n<p>Pela primeira vez desde o seu nascimento, Emanuelly Cristina Vieira Mendes, 6 anos, conseguiu ouvir o mundo ao seu redor, por meio de um aparelho de amplifica\u00e7\u00e3o sonoro individual (AASI). Em v\u00eddeo gravado pelos profissionais do Ambulat\u00f3rio M\u00e9dico de Especialidades (AME) de Pariquera-A\u00e7u, Manu, como \u00e9 chamada carinhosamente, tem o aparelho inserido pelo pai. Surpresa com os primeiros sons que ouve, a menina sorri, bate palmas e acena empolgada para as pessoas em volta. A informa\u00e7\u00e3o \u00e9 da Ag\u00eancia SP.<\/p>\n\n\n\n<p>A crian\u00e7a \u00e9 uma das 2,3 mil pessoas atendidas com cuidados de sa\u00fade auditiva no servi\u00e7o do Governo de S\u00e3o Paulo desde 2017. O AME, ligado \u00e0 Secretaria de Estado da Sa\u00fade, j\u00e1 entregou aparelhos para crian\u00e7as, adultos e idosos. \u201cPor meio do trabalho da equipe multidisciplinar, o servi\u00e7o garante ao paciente o atendimento integral e compartilhado com a rede, visando a qualidade de vida social, laboral e o desenvolvimento cognitivo das crian\u00e7as e adolescentes\u201d, comenta a supervisora multiprofissional do AME, Adriana Fernandes.<\/p>\n\n\n\n<p>A crian\u00e7a mora com a fam\u00edlia no munic\u00edpio de Juqui\u00e1. O pai tamb\u00e9m possui defici\u00eancia auditiva. A condi\u00e7\u00e3o de Manu foi identificada pelas educadoras da escola, ao perceberem a falta de retorno da menina quando eram realizados testes de intera\u00e7\u00e3o.<\/p>\n\n\n\n<p>Desconfiados do comportamento de Manu, a respons\u00e1vel por intermediar o caso da garota para o servi\u00e7o de sa\u00fade foi a professora Raissa de Oliveira Souza, que compreendeu o contexto familiar no qual a crian\u00e7a estava inserida, j\u00e1 que os parentes consideravam o desenvolvimento da menina como adequado para a idade.<\/p>\n\n\n\n<p>Raissa relata que, apesar da inser\u00e7\u00e3o do aparelho auditivo ser recente, j\u00e1 percebe mudan\u00e7as na forma de comunica\u00e7\u00e3o de Manu. \u201cPercebi ela tentando falar mais, do jeito dela, mas isso j\u00e1 \u00e9 uma evolu\u00e7\u00e3o. O que desejamos \u00e9 que ela consiga realmente ter efic\u00e1cia no tratamento e tenha um desenvolvimento pleno.\u201d<\/p>\n\n\n\n<h2 class=\"wp-block-heading\">Sobre o AME Pariquera-A\u00e7u<\/h2>\n\n\n\n<p>O AME atende aos usu\u00e1rios do Sistema \u00danico de Sa\u00fade (SUS) dos 15 munic\u00edpios da Departamento Regional de Sa\u00fade (DRS) de Registro, beneficiando uma m\u00e9dia de 285 mil habitantes dos munic\u00edpios de Barra do Turvo, Cajati, Canan\u00e9ia, Eldorado, Iguape, Ilha Comprida, Iporanga, Itariri, Jacupiranga, Juqui\u00e1, Miracatu, Pariquera-A\u00e7u, Pedro de Toledo, Registro e Sete Barras.<\/p>\n\n\n\n<p>Implantado em 2014, o servi\u00e7o \u00e9 um grande avan\u00e7o para a regi\u00e3o que dependia de servi\u00e7os especializados nos grandes centros como S\u00e3o Paulo. Para a supervisora da institui\u00e7\u00e3o, o AME trouxe grandes impactos para a regi\u00e3o. \u201cVemos a otimiza\u00e7\u00e3o dos recursos p\u00fablicos com os gastos de deslocamento dos pacientes, e um cuidado com a popula\u00e7\u00e3o que demanda al\u00e9m do olhar cl\u00ednico.\u201d<\/p>\n\n\n\n<p><strong><em><strong><em><strong><em><strong><em><strong><em><strong><em><strong><em><strong><em><strong>Siga nossas redes sociais no\u00a0<a href=\"https:\/\/www.instagram.com\/ronipaparazzi\/\">Instagram\u00a0<\/a>e\u00a0<a href=\"https:\/\/www.facebook.com\/ronipaparazzicomvoce\">Facebook<\/a>\u00a0participe da nossa comunidade do Canal Roni Paparazzi no Whatsapp e receba as principais not\u00edcias da regi\u00e3o de Ara\u00e7atuba do dia direto no seu celular.<\/strong>\u00a0<a href=\"https:\/\/chat.whatsapp.com\/GsG1XKo0jPOEfjzudWQcml\" target=\"_blank\" rel=\"noreferrer noopener\">\u00a0Clique aqui e se inscreva.<\/a><\/em><\/strong><\/em><\/strong><\/em><\/strong><\/em><\/strong><\/em><\/strong><\/em><\/strong><\/em><\/strong><\/em><\/strong><\/p>\n","protected":false},"excerpt":{"rendered":"<p>Pela primeira vez desde o seu nascimento, Emanuelly Cristina Vieira Mendes, 6 anos, conseguiu ouvir o mundo ao seu redor, por meio de um aparelho de amplifica\u00e7\u00e3o sonoro individual (AASI). Em v\u00eddeo gravado pelos profissionais do Ambulat\u00f3rio M\u00e9dico de Especialidades (AME) de Pariquera-A\u00e7u, Manu, como \u00e9 chamada carinhosamente, tem o aparelho inserido pelo pai. Surpresa &hellip;<\/p>\n","protected":false},"author":1,"featured_media":12025,"comment_status":"open","ping_status":"open","sticky":false,"template":"","format":"standard","meta":{"_jetpack_memberships_contains_paid_content":false,"footnotes":"","jetpack_publicize_message":"","jetpack_publicize_feature_enabled":true,"jetpack_social_post_already_shared":false,"jetpack_social_options":{"image_generator_settings":{"template":"highway","default_image_id":0,"enabled":false},"version":2}},"categories":[4],"tags":[],"class_list":["post-12024","post","type-post","status-publish","format-standard","has-post-thumbnail","hentry","category-regiao"],"jetpack_publicize_connections":[],"jetpack_featured_media_url":"https:\/\/i0.wp.com\/www.paparazzinews.com.br\/wp-content\/uploads\/2024\/09\/Captura-de-Tela-2024-09-19-as-18.23.14-1536x960-1.png?fit=1536%2C960&ssl=1","views":"1998","jetpack_likes_enabled":true,"jetpack_sharing_enabled":true,"_links":{"self":[{"href":"https:\/\/www.paparazzinews.com.br\/index.php?rest_route=\/wp\/v2\/posts\/12024","targetHints":{"allow":["GET"]}}],"collection":[{"href":"https:\/\/www.paparazzinews.com.br\/index.php?rest_route=\/wp\/v2\/posts"}],"about":[{"href":"https:\/\/www.paparazzinews.com.br\/index.php?rest_route=\/wp\/v2\/types\/post"}],"author":[{"embeddable":true,"href":"https:\/\/www.paparazzinews.com.br\/index.php?rest_route=\/wp\/v2\/users\/1"}],"replies":[{"embeddable":true,"href":"https:\/\/www.paparazzinews.com.br\/index.php?rest_route=%2Fwp%2Fv2%2Fcomments&post=12024"}],"version-history":[{"count":1,"href":"https:\/\/www.paparazzinews.com.br\/index.php?rest_route=\/wp\/v2\/posts\/12024\/revisions"}],"predecessor-version":[{"id":12026,"href":"https:\/\/www.paparazzinews.com.br\/index.php?rest_route=\/wp\/v2\/posts\/12024\/revisions\/12026"}],"wp:featuredmedia":[{"embeddable":true,"href":"https:\/\/www.paparazzinews.com.br\/index.php?rest_route=\/wp\/v2\/media\/12025"}],"wp:attachment":[{"href":"https:\/\/www.paparazzinews.com.br\/index.php?rest_route=%2Fwp%2Fv2%2Fmedia&parent=12024"}],"wp:term":[{"taxonomy":"category","embeddable":true,"href":"https:\/\/www.paparazzinews.com.br\/index.php?rest_route=%2Fwp%2Fv2%2Fcategories&post=12024"},{"taxonomy":"post_tag","embeddable":true,"href":"https:\/\/www.paparazzinews.com.br\/index.php?rest_route=%2Fwp%2Fv2%2Ftags&post=12024"}],"curies":[{"name":"wp","href":"https:\/\/api.w.org\/{rel}","templated":true}]}}