{"id":12021,"date":"2024-09-20T10:50:20","date_gmt":"2024-09-20T13:50:20","guid":{"rendered":"https:\/\/www.paparazzinews.com.br\/?p=12021"},"modified":"2024-09-20T10:50:21","modified_gmt":"2024-09-20T13:50:21","slug":"campanha-do-agasalho-de-sp-faz-doacao-de-32-mil-cobertores-para-hospitais-publicos","status":"publish","type":"post","link":"https:\/\/www.paparazzinews.com.br\/?p=12021","title":{"rendered":"Campanha do Agasalho de SP faz doa\u00e7\u00e3o de 3,2 mil cobertores para hospitais p\u00fablicos"},"content":{"rendered":"\n<p>A\u00a0<a href=\"https:\/\/www.agenciasp.sp.gov.br\/campanha-do-agasalho-2024-completa-3-meses-com-entrega-de-125-mil-cobertores\/\">Campanha do Agasalho do Governo do Estado de S\u00e3o Paulo<\/a>\u00a0est\u00e1 doando cerca de 3,2 mil cobertores para 15 hospitais p\u00fablicos da capital paulista. A iniciativa, realizada pelo Fundo Social de S\u00e3o Paulo, visa refor\u00e7ar a infraestrutura dessas unidades de sa\u00fade, garantindo maior conforto e prote\u00e7\u00e3o para os pacientes neste per\u00edodo de baixas temperaturas, especialmente nos per\u00edodos mais cr\u00edticos do inverno. A informa\u00e7\u00e3o \u00e9 da Ag\u00eancia SP.<\/p>\n\n\n\n<p>Entre os hospitais que est\u00e3o recebendo os cobertores, est\u00e3o o Conjunto Hospitalar do Mandaqui, Hospital Geral \u201cJesus Teixeira da Costa\u201d \u2013 Guaianases, Hospital Geral de Taipas \u201cK\u00e1tia de Souza Rodrigues\u201d, Hospital Geral de Vila Nova Cachoeirinha \u201cDr. \u00c1lvaro Sim\u00f5es de Souza\u201d, Hospital Geral \u201cDr. Jos\u00e9 Pangella\u201d de Vila Penteado, Hospital Heli\u00f3polis, Hospital Ipiranga, Hospital Regional Sul, Hospital Infantil Darcy Vargas, Instituto de Infectologia Em\u00edlio Ribas, Hospital Maternidade \u201cWaldemar Seyssel \u2013 Arrelia Interlagos\u201d, Hospital Maternidade Leonor Mendes de Barros, Instituto Clemente Ferreira, Centro de Aten\u00e7\u00e3o Integrada \u00e0 Sa\u00fade Mental \u201cDr. David Capistrano da Costa Filho\u201d da \u00c1gua Funda e Centro de Aten\u00e7\u00e3o Integrada \u00e0 Sa\u00fade Mental Philippe Pinel.<\/p>\n\n\n\n<p>A doa\u00e7\u00e3o ocorre para refor\u00e7ar o trabalho do governo estadual no cuidado com os mais vulner\u00e1veis, n\u00e3o apenas por meio de entidades e munic\u00edpios , mas tamb\u00e9m nos hospitais p\u00fablicos que atendem milhares de pessoas diariamente e poder\u00e3o, com essa doa\u00e7\u00e3o, disponibilizar cobertores extras para atender a grande demanda de pacientes que passam por esses locais.<\/p>\n\n\n\n<h2 class=\"wp-block-heading\">Frio intenso<\/h2>\n\n\n\n<p>At\u00e9 o momento, j\u00e1 foram arrecadados mais de 154 mil cobertores, cerca de 13 mil pe\u00e7as de roupas na sede do Fundo Social, na capital, e mais de R$ 1,4 milh\u00e3o em doa\u00e7\u00f5es em dinheiro. A campanha, que segue at\u00e9 o dia 22 de setembro, distribuiu 125 mil cobertores para os 645 munic\u00edpios paulistas,&nbsp;<a href=\"https:\/\/www.agenciasp.sp.gov.br\/campanha-do-agasalho-de-sp-reforca-pedido-de-doacoes-com-nova-onda-de-frio\/\">com prioridade para as regi\u00f5es mais afetadas pelo frio<\/a>.<\/p>\n\n\n\n<p><a href=\"https:\/\/www.agenciasp.sp.gov.br\/fundo-social-de-sp-lanca-cobertometro-para-marcar-dois-meses-da-campanha-do-agasalho\/\">Este ano, a campanha conta com uma novidade: o \u201cCobert\u00f4metro\u201d<\/a>. Esse indicador, dispon\u00edvel na p\u00e1gina oficial da campanha, permite que as pessoas acompanhem em tempo real as doa\u00e7\u00f5es recebidas, incentivando ainda mais a participa\u00e7\u00e3o de toda a popula\u00e7\u00e3o.<\/p>\n\n\n\n<h2 class=\"wp-block-heading\">Como Doar:<\/h2>\n\n\n\n<p><strong>Doa\u00e7\u00f5es em dinheiro:<br><\/strong>\u2022 Conta Corrente: 19.771-8<br>\u2022 Ag\u00eancia: 1897-X (Banco do Brasil)<br>\u2022 CNPJ\/MF: 44.111.698\/0001-98<br><strong>Doa\u00e7\u00f5es de cobertores e outras pe\u00e7as de inverno:<br><\/strong>\u2022 Capital: Fundo Social de S\u00e3o Paulo, Avenida Marechal M\u00e1rio Guedes, 301 \u2013 Jaguar\u00e9 \u2013 S\u00e3o Paulo \u2013 SP (segunda a sexta-feira, das 8h \u00e0s 17h)<br>\u2022 Demais cidades: Postos definidos pelas prefeituras locais<\/p>\n\n\n\n<p><strong><em><strong><em><strong><em><strong><em><strong><em><strong><em><strong><em><strong><em><strong>Siga nossas redes sociais no\u00a0<a href=\"https:\/\/www.instagram.com\/ronipaparazzi\/\">Instagram\u00a0<\/a>e\u00a0<a href=\"https:\/\/www.facebook.com\/ronipaparazzicomvoce\">Facebook<\/a>\u00a0participe da nossa comunidade do Canal Roni Paparazzi no Whatsapp e receba as principais not\u00edcias da regi\u00e3o de Ara\u00e7atuba do dia direto no seu celular.<\/strong>\u00a0<a href=\"https:\/\/chat.whatsapp.com\/GsG1XKo0jPOEfjzudWQcml\" target=\"_blank\" rel=\"noreferrer noopener\">\u00a0Clique aqui e se inscreva.<\/a><\/em><\/strong><\/em><\/strong><\/em><\/strong><\/em><\/strong><\/em><\/strong><\/em><\/strong><\/em><\/strong><\/em><\/strong><\/p>\n","protected":false},"excerpt":{"rendered":"<p>A\u00a0Campanha do Agasalho do Governo do Estado de S\u00e3o Paulo\u00a0est\u00e1 doando cerca de 3,2 mil cobertores para 15 hospitais p\u00fablicos da capital paulista. A iniciativa, realizada pelo Fundo Social de S\u00e3o Paulo, visa refor\u00e7ar a infraestrutura dessas unidades de sa\u00fade, garantindo maior conforto e prote\u00e7\u00e3o para os pacientes neste per\u00edodo de baixas temperaturas, especialmente nos &hellip;<\/p>\n","protected":false},"author":1,"featured_media":12022,"comment_status":"open","ping_status":"open","sticky":false,"template":"","format":"standard","meta":{"_jetpack_memberships_contains_paid_content":false,"footnotes":"","jetpack_publicize_message":"","jetpack_publicize_feature_enabled":true,"jetpack_social_post_already_shared":false,"jetpack_social_options":{"image_generator_settings":{"template":"highway","default_image_id":0,"enabled":false},"version":2}},"categories":[4],"tags":[],"class_list":["post-12021","post","type-post","status-publish","format-standard","has-post-thumbnail","hentry","category-regiao"],"jetpack_publicize_connections":[],"jetpack_featured_media_url":"https:\/\/i0.wp.com\/www.paparazzinews.com.br\/wp-content\/uploads\/2024\/09\/Cobertores-Fundo-Social-1536x1152-1.jpeg?fit=1536%2C1152&ssl=1","views":"2068","jetpack_likes_enabled":true,"jetpack_sharing_enabled":true,"_links":{"self":[{"href":"https:\/\/www.paparazzinews.com.br\/index.php?rest_route=\/wp\/v2\/posts\/12021","targetHints":{"allow":["GET"]}}],"collection":[{"href":"https:\/\/www.paparazzinews.com.br\/index.php?rest_route=\/wp\/v2\/posts"}],"about":[{"href":"https:\/\/www.paparazzinews.com.br\/index.php?rest_route=\/wp\/v2\/types\/post"}],"author":[{"embeddable":true,"href":"https:\/\/www.paparazzinews.com.br\/index.php?rest_route=\/wp\/v2\/users\/1"}],"replies":[{"embeddable":true,"href":"https:\/\/www.paparazzinews.com.br\/index.php?rest_route=%2Fwp%2Fv2%2Fcomments&post=12021"}],"version-history":[{"count":1,"href":"https:\/\/www.paparazzinews.com.br\/index.php?rest_route=\/wp\/v2\/posts\/12021\/revisions"}],"predecessor-version":[{"id":12023,"href":"https:\/\/www.paparazzinews.com.br\/index.php?rest_route=\/wp\/v2\/posts\/12021\/revisions\/12023"}],"wp:featuredmedia":[{"embeddable":true,"href":"https:\/\/www.paparazzinews.com.br\/index.php?rest_route=\/wp\/v2\/media\/12022"}],"wp:attachment":[{"href":"https:\/\/www.paparazzinews.com.br\/index.php?rest_route=%2Fwp%2Fv2%2Fmedia&parent=12021"}],"wp:term":[{"taxonomy":"category","embeddable":true,"href":"https:\/\/www.paparazzinews.com.br\/index.php?rest_route=%2Fwp%2Fv2%2Fcategories&post=12021"},{"taxonomy":"post_tag","embeddable":true,"href":"https:\/\/www.paparazzinews.com.br\/index.php?rest_route=%2Fwp%2Fv2%2Ftags&post=12021"}],"curies":[{"name":"wp","href":"https:\/\/api.w.org\/{rel}","templated":true}]}}