{"id":12001,"date":"2024-09-19T12:27:38","date_gmt":"2024-09-19T15:27:38","guid":{"rendered":"https:\/\/www.paparazzinews.com.br\/?p=12001"},"modified":"2024-09-19T12:27:39","modified_gmt":"2024-09-19T15:27:39","slug":"policia-ambiental-lanca-operacao-dia-da-arvore-em-todo-o-estado-de-sao-paulo","status":"publish","type":"post","link":"https:\/\/www.paparazzinews.com.br\/?p=12001","title":{"rendered":"Pol\u00edcia Ambiental lan\u00e7a &#8220;Opera\u00e7\u00e3o Dia da \u00c1rvore&#8221; em todo o estado de S\u00e3o Paulo"},"content":{"rendered":"\n<p>A Pol\u00edcia Militar Ambiental iniciou hoje (19) a &#8220;Opera\u00e7\u00e3o Dia da \u00c1rvore&#8221;, com foco em combater o com\u00e9rcio ilegal de madeira nativa, preservar a vegeta\u00e7\u00e3o e conscientizar a popula\u00e7\u00e3o sobre a import\u00e2ncia da prote\u00e7\u00e3o ambiental. A a\u00e7\u00e3o faz parte de um esfor\u00e7o cont\u00ednuo para manter o equil\u00edbrio ecol\u00f3gico e proteger as \u00e1reas florestais do estado. O trabalho intensivo segue at\u00e9 a pr\u00f3xima ter\u00e7a-feira, dia 24. A informa\u00e7\u00e3o \u00e9 do Sbtinterior.<br><br>A fiscaliza\u00e7\u00e3o ser\u00e1 feita em p\u00e1tios madeireiros, com base em relat\u00f3rios t\u00e9cnicos, para identificar e coibir atividades ilegais relacionadas ao desmatamento e com\u00e9rcio de madeira nativa. Al\u00e9m disso, a opera\u00e7\u00e3o vai monitorar focos de inc\u00eandio dentro do programa estadual &#8220;SP Sem Fogo&#8221;, voltado para a preven\u00e7\u00e3o e combate a inc\u00eandios florestais.<\/p>\n\n\n\n<p><strong>EDUCA\u00c7\u00c3O<\/strong><\/p>\n\n\n\n<p>Outro destaque da &#8220;Opera\u00e7\u00e3o Dia da \u00c1rvore&#8221; ser\u00e1 a parceria com a comunidade, especialmente escolas, onde ocorrer\u00e3o atividades de educa\u00e7\u00e3o ambiental. Essas a\u00e7\u00f5es t\u00eam o objetivo de conscientizar crian\u00e7as e jovens sobre a import\u00e2ncia de preservar o meio ambiente, destacando o papel das florestas na manuten\u00e7\u00e3o do clima, da \u00e1gua e da biodiversidade.<\/p>\n\n\n\n<p>O Comando de Policiamento Ambiental coordenar\u00e1 a opera\u00e7\u00e3o com apoio de todas as suas unidades, usando tecnologias de monitoramento via sat\u00e9lite e intelig\u00eancia estrat\u00e9gica para garantir uma fiscaliza\u00e7\u00e3o eficaz.<\/p>\n\n\n\n<p><strong><em><strong><em><strong><em><strong><em><strong><em><strong><em><strong><em><strong><em><strong>Siga nossas redes sociais no\u00a0<a href=\"https:\/\/www.instagram.com\/ronipaparazzi\/\">Instagram\u00a0<\/a>e\u00a0<a href=\"https:\/\/www.facebook.com\/ronipaparazzicomvoce\">Facebook<\/a>\u00a0participe da nossa comunidade do Canal Roni Paparazzi no Whatsapp e receba as principais not\u00edcias da regi\u00e3o de Ara\u00e7atuba do dia direto no seu celular.<\/strong>\u00a0<a href=\"https:\/\/chat.whatsapp.com\/GsG1XKo0jPOEfjzudWQcml\" target=\"_blank\" rel=\"noreferrer noopener\">\u00a0Clique aqui e se inscreva.<\/a><\/em><\/strong><\/em><\/strong><\/em><\/strong><\/em><\/strong><\/em><\/strong><\/em><\/strong><\/em><\/strong><\/em><\/strong><\/p>\n","protected":false},"excerpt":{"rendered":"<p>A Pol\u00edcia Militar Ambiental iniciou hoje (19) a &#8220;Opera\u00e7\u00e3o Dia da \u00c1rvore&#8221;, com foco em combater o com\u00e9rcio ilegal de madeira nativa, preservar a vegeta\u00e7\u00e3o e conscientizar a popula\u00e7\u00e3o sobre a import\u00e2ncia da prote\u00e7\u00e3o ambiental. A a\u00e7\u00e3o faz parte de um esfor\u00e7o cont\u00ednuo para manter o equil\u00edbrio ecol\u00f3gico e proteger as \u00e1reas florestais do estado. &hellip;<\/p>\n","protected":false},"author":1,"featured_media":12002,"comment_status":"open","ping_status":"open","sticky":false,"template":"","format":"standard","meta":{"_jetpack_memberships_contains_paid_content":false,"footnotes":"","jetpack_publicize_message":"","jetpack_publicize_feature_enabled":true,"jetpack_social_post_already_shared":false,"jetpack_social_options":{"image_generator_settings":{"template":"highway","default_image_id":0,"enabled":false},"version":2}},"categories":[3],"tags":[],"class_list":["post-12001","post","type-post","status-publish","format-standard","has-post-thumbnail","hentry","category-policial"],"jetpack_publicize_connections":[],"jetpack_featured_media_url":"https:\/\/i0.wp.com\/www.paparazzinews.com.br\/wp-content\/uploads\/2024\/09\/policia-ambiental-lanca-quot-operacao-dia-da-arvore-quot-em-todo-o-estado-de-sao-paulo-190924_100434.jpg?fit=533%2C400&ssl=1","views":"2049","jetpack_likes_enabled":true,"jetpack_sharing_enabled":true,"_links":{"self":[{"href":"https:\/\/www.paparazzinews.com.br\/index.php?rest_route=\/wp\/v2\/posts\/12001","targetHints":{"allow":["GET"]}}],"collection":[{"href":"https:\/\/www.paparazzinews.com.br\/index.php?rest_route=\/wp\/v2\/posts"}],"about":[{"href":"https:\/\/www.paparazzinews.com.br\/index.php?rest_route=\/wp\/v2\/types\/post"}],"author":[{"embeddable":true,"href":"https:\/\/www.paparazzinews.com.br\/index.php?rest_route=\/wp\/v2\/users\/1"}],"replies":[{"embeddable":true,"href":"https:\/\/www.paparazzinews.com.br\/index.php?rest_route=%2Fwp%2Fv2%2Fcomments&post=12001"}],"version-history":[{"count":1,"href":"https:\/\/www.paparazzinews.com.br\/index.php?rest_route=\/wp\/v2\/posts\/12001\/revisions"}],"predecessor-version":[{"id":12003,"href":"https:\/\/www.paparazzinews.com.br\/index.php?rest_route=\/wp\/v2\/posts\/12001\/revisions\/12003"}],"wp:featuredmedia":[{"embeddable":true,"href":"https:\/\/www.paparazzinews.com.br\/index.php?rest_route=\/wp\/v2\/media\/12002"}],"wp:attachment":[{"href":"https:\/\/www.paparazzinews.com.br\/index.php?rest_route=%2Fwp%2Fv2%2Fmedia&parent=12001"}],"wp:term":[{"taxonomy":"category","embeddable":true,"href":"https:\/\/www.paparazzinews.com.br\/index.php?rest_route=%2Fwp%2Fv2%2Fcategories&post=12001"},{"taxonomy":"post_tag","embeddable":true,"href":"https:\/\/www.paparazzinews.com.br\/index.php?rest_route=%2Fwp%2Fv2%2Ftags&post=12001"}],"curies":[{"name":"wp","href":"https:\/\/api.w.org\/{rel}","templated":true}]}}