{"id":120,"date":"2022-06-22T15:54:51","date_gmt":"2022-06-22T18:54:51","guid":{"rendered":"https:\/\/www.paparazzinews.com.br\/?p=120"},"modified":"2022-06-22T15:54:52","modified_gmt":"2022-06-22T18:54:52","slug":"andradina-pode-ter-curso-de-medicina","status":"publish","type":"post","link":"https:\/\/www.paparazzinews.com.br\/?p=120","title":{"rendered":"Andradina pode ter curso de Medicina"},"content":{"rendered":"\n<p>A reitoria da Universidade Brasil esteve na manh\u00e3 desta quarta-feira (22) no gabinete do prefeito M\u00e1rio Celso Lopes anunciar o protocolo ao Minist\u00e9rio da Educa\u00e7\u00e3o para liberar o curso de um curso de medicina em Andradina.<\/p>\n\n\n\n<p><br>A delega\u00e7\u00e3o liderada pelo reitor Jos\u00e9 Fernando Pinto da Costa, contou com a presen\u00e7a da dire\u00e7\u00e3o da OSS Santa Casa de Andradina, Funda\u00e7\u00e3o Educacional de Andradina, al\u00e9m dos vereares Guto Mar\u00e3o, Helton Rodrigo Prando, Luzimar Rodrigues, Hugo Zamboni, Elaine Vogel, Careca da Nata\u00e7\u00e3o, Lucas Lopes, Mateus Pugliese, Rodarte dos Anjos e S\u00e9rgio Faustino.<\/p>\n\n\n\n<p><br>\u201c\u00c9 uma not\u00edcia excelente esse pedido foi protocolado no dia 21 de junho. Toda cidade estar\u00e1 envolvida agora para receber de bra\u00e7os abertos esse grande projeto que n\u00f3s temos na faculdade de medicina da nossa cidade\u201d, disse M\u00e1rio Celso.<\/p>\n\n\n\n<p>A Universidade Brasil \u00e9 a institui\u00e7\u00e3o de ensino respons\u00e1vel pelas Faculdades Integradas Ruy Barbosa.<\/p>\n\n\n\n<p>A expectativa pelo curso representa um desenvolvimento para o munic\u00edpio pela atividade estudantil e tamb\u00e9m desenvolvimento tecnol\u00f3gico na \u00e1rea de medicina. Em ambos setores se movimenta a economia do munic\u00edpio.<\/p>\n\n\n\n<p><br>O momento n\u00e3o poderia ser mais prop\u00edcio, j\u00e1 que a Santa Casa de Andradina caminha para receber estudantes de medicina em regime de internato e o Governo Federal estuda medidas de para preservar a qualidade do ensino e garantir a pol\u00edtica de boa forma\u00e7\u00e3o m\u00e9dica no Brasil.<\/p>\n\n\n\n<p><br>O prefeito pediu uni\u00e3o de todos os setores por esse projeto que vem de encontro com sua pol\u00edtica de desenvolvimento para Andradina.<\/p>\n","protected":false},"excerpt":{"rendered":"<p>A reitoria da Universidade Brasil esteve na manh\u00e3 desta quarta-feira (22) no gabinete do prefeito M\u00e1rio Celso Lopes anunciar o protocolo ao Minist\u00e9rio da Educa\u00e7\u00e3o para liberar o curso de um curso de medicina em Andradina. A delega\u00e7\u00e3o liderada pelo reitor Jos\u00e9 Fernando Pinto da Costa, contou com a presen\u00e7a da dire\u00e7\u00e3o da OSS Santa &hellip;<\/p>\n","protected":false},"author":1,"featured_media":121,"comment_status":"open","ping_status":"open","sticky":false,"template":"","format":"standard","meta":{"_jetpack_memberships_contains_paid_content":false,"footnotes":"","jetpack_publicize_message":"","jetpack_publicize_feature_enabled":true,"jetpack_social_post_already_shared":false,"jetpack_social_options":{"image_generator_settings":{"template":"highway","default_image_id":0,"enabled":false},"version":2}},"categories":[4],"tags":[],"class_list":["post-120","post","type-post","status-publish","format-standard","has-post-thumbnail","hentry","category-regiao"],"jetpack_publicize_connections":[],"jetpack_featured_media_url":"https:\/\/i0.wp.com\/www.paparazzinews.com.br\/wp-content\/uploads\/2022\/06\/6cce9255-e04f-463b-85d8-00a2611034e0.jpg?fit=1280%2C778&ssl=1","views":"3259","jetpack_likes_enabled":true,"jetpack_sharing_enabled":true,"_links":{"self":[{"href":"https:\/\/www.paparazzinews.com.br\/index.php?rest_route=\/wp\/v2\/posts\/120","targetHints":{"allow":["GET"]}}],"collection":[{"href":"https:\/\/www.paparazzinews.com.br\/index.php?rest_route=\/wp\/v2\/posts"}],"about":[{"href":"https:\/\/www.paparazzinews.com.br\/index.php?rest_route=\/wp\/v2\/types\/post"}],"author":[{"embeddable":true,"href":"https:\/\/www.paparazzinews.com.br\/index.php?rest_route=\/wp\/v2\/users\/1"}],"replies":[{"embeddable":true,"href":"https:\/\/www.paparazzinews.com.br\/index.php?rest_route=%2Fwp%2Fv2%2Fcomments&post=120"}],"version-history":[{"count":1,"href":"https:\/\/www.paparazzinews.com.br\/index.php?rest_route=\/wp\/v2\/posts\/120\/revisions"}],"predecessor-version":[{"id":122,"href":"https:\/\/www.paparazzinews.com.br\/index.php?rest_route=\/wp\/v2\/posts\/120\/revisions\/122"}],"wp:featuredmedia":[{"embeddable":true,"href":"https:\/\/www.paparazzinews.com.br\/index.php?rest_route=\/wp\/v2\/media\/121"}],"wp:attachment":[{"href":"https:\/\/www.paparazzinews.com.br\/index.php?rest_route=%2Fwp%2Fv2%2Fmedia&parent=120"}],"wp:term":[{"taxonomy":"category","embeddable":true,"href":"https:\/\/www.paparazzinews.com.br\/index.php?rest_route=%2Fwp%2Fv2%2Fcategories&post=120"},{"taxonomy":"post_tag","embeddable":true,"href":"https:\/\/www.paparazzinews.com.br\/index.php?rest_route=%2Fwp%2Fv2%2Ftags&post=120"}],"curies":[{"name":"wp","href":"https:\/\/api.w.org\/{rel}","templated":true}]}}