{"id":11998,"date":"2024-09-19T12:25:40","date_gmt":"2024-09-19T15:25:40","guid":{"rendered":"https:\/\/www.paparazzinews.com.br\/?p=11998"},"modified":"2024-09-19T12:25:40","modified_gmt":"2024-09-19T15:25:40","slug":"saidinha-em-dois-dias-numero-de-recapturados-chega-a-312-no-estado-de-sao-paulo","status":"publish","type":"post","link":"https:\/\/www.paparazzinews.com.br\/?p=11998","title":{"rendered":"\u2018Saidinha\u2019: em dois dias, n\u00famero de recapturados chega a 312 no estado de S\u00e3o Paulo"},"content":{"rendered":"\n<p>As for\u00e7as de seguran\u00e7a paulista recapturaram em dois dias da sa\u00edda tempor\u00e1ria 312 detentos no estado de S\u00e3o Paulo. Somente na quarta-feira (18), 125 foram presos pela Pol\u00edcia Militar por descumprimento de medidas restritivas impostas pela Justi\u00e7a, al\u00e9m de 12 detidos em flagrante. J\u00e1 a Guarda Civil Metropolitana (GCM) efetuou 30 pris\u00f5es. Todos foram reconduzidos ao sistema prisional.<\/p>\n\n\n\n<p>Na capital paulista e na Grande S\u00e3o Paulo, foram 55 recapturados pela PM no segundo dia da \u201csaidinha\u201d, o que corresponde a quase metade dos detidos no estado. Em Osasco, m\u00e3e e filha foram presas fora do munic\u00edpio informado \u00e0 Justi\u00e7a<strong>.<\/strong><\/p>\n\n\n\n<p>No interior do estado, houve 70 pris\u00f5es, sendo 14 na regi\u00e3o de Ribeir\u00e3o Preto, 10 na regi\u00e3o de Piracicaba, 9 nas regi\u00f5es de Sorocaba e S\u00e3o Jos\u00e9 do Rio Preto, 7 em S\u00e3o Jos\u00e9 dos Campos, 6 em Presidente Prudente, 5 em Campinas e Bauru, 4 em Santos e uma em Ara\u00e7atuba.<\/p>\n\n\n\n<p>Na ter\u00e7a-feira (17), no primeiro dia do per\u00edodo do benef\u00edcio,&nbsp;a PM&nbsp;<a href=\"https:\/\/www.agenciasp.sp.gov.br\/policia-recaptura-157-detentos-no-primeiro-dia-da-saidinha\/\">recapturou 157 detentos em todo o estado<\/a>. Essa \u00e9 a terceira sa\u00edda tempor\u00e1ria de presos concedida pela Justi\u00e7a no ano em S\u00e3o Paulo. Na \u00faltima, realizada entre 11 e 17 de junho,&nbsp;<a href=\"https:\/\/www.ssp.sp.gov.br\/noticia\/57573\">677 detentos foram recapturados<\/a>&nbsp;em todo o estado pelas for\u00e7as de seguran\u00e7a.<\/p>\n\n\n\n<h2 class=\"wp-block-heading\"><strong>Condi\u00e7\u00f5es para o benef\u00edcio<\/strong><\/h2>\n\n\n\n<p>Para ter direito ao benef\u00edcio concedido pela Justi\u00e7a, os detentos devem cumprir uma s\u00e9rie de medidas. Eles precisam permanecer na cidade informada ao Poder Judici\u00e1rio, n\u00e3o estar nas ruas no per\u00edodo noturno, ficam proibidos de frequentar bares, boates, envolver-se em brigas ou praticar qualquer outro ato considerado grave perante o Poder Judici\u00e1rio.<\/p>\n\n\n\n<p>Ap\u00f3s a recaptura, os detentos s\u00e3o encaminhados ao Instituto M\u00e9dico Legal (IML) para exame pericial e, ent\u00e3o, levados aos Centros de Deten\u00e7\u00e3o Provis\u00f3ria ou \u00e0 Penitenci\u00e1ria Feminina.<\/p>\n\n\n\n<p>Desde o ano passado, os detentos flagrados pelos policiais infringindo as normas impostas pelo Poder Judici\u00e1rio s\u00e3o conduzidos imediatamente ao estabelecimento prisional, conforme prev\u00ea uma portaria publicada pela Secretaria da Seguran\u00e7a P\u00fablica (SSP) com a anu\u00eancia da Secretaria de Administra\u00e7\u00e3o Penitenci\u00e1ria (SAP).<\/p>\n\n\n\n<p>Al\u00e9m disso, um acordo de coopera\u00e7\u00e3o entre a SSP e o Tribunal de Justi\u00e7a do estado facilitou o acesso de policiais aos processos dos r\u00e9us que cumprem a pena fora das pris\u00f5es. Por meio dos dispositivos m\u00f3veis, \u00e9 poss\u00edvel consultar a situa\u00e7\u00e3o prisional do abordado e, assim, verificar se as medidas cautelares impostas pela Justi\u00e7a est\u00e3o sendo cumpridas.<\/p>\n\n\n\n<p><strong><em><strong><em><strong><em><strong><em><strong><em><strong><em><strong><em><strong><em><strong>Siga nossas redes sociais no\u00a0<a href=\"https:\/\/www.instagram.com\/ronipaparazzi\/\">Instagram\u00a0<\/a>e\u00a0<a href=\"https:\/\/www.facebook.com\/ronipaparazzicomvoce\">Facebook<\/a>\u00a0participe da nossa comunidade do Canal Roni Paparazzi no Whatsapp e receba as principais not\u00edcias da regi\u00e3o de Ara\u00e7atuba do dia direto no seu celular.<\/strong>\u00a0<a href=\"https:\/\/chat.whatsapp.com\/GsG1XKo0jPOEfjzudWQcml\" target=\"_blank\" rel=\"noreferrer noopener\">\u00a0Clique aqui e se inscreva.<\/a><\/em><\/strong><\/em><\/strong><\/em><\/strong><\/em><\/strong><\/em><\/strong><\/em><\/strong><\/em><\/strong><\/em><\/strong><\/p>\n","protected":false},"excerpt":{"rendered":"<p>As for\u00e7as de seguran\u00e7a paulista recapturaram em dois dias da sa\u00edda tempor\u00e1ria 312 detentos no estado de S\u00e3o Paulo. Somente na quarta-feira (18), 125 foram presos pela Pol\u00edcia Militar por descumprimento de medidas restritivas impostas pela Justi\u00e7a, al\u00e9m de 12 detidos em flagrante. J\u00e1 a Guarda Civil Metropolitana (GCM) efetuou 30 pris\u00f5es. Todos foram reconduzidos &hellip;<\/p>\n","protected":false},"author":1,"featured_media":11999,"comment_status":"open","ping_status":"open","sticky":false,"template":"","format":"standard","meta":{"_jetpack_memberships_contains_paid_content":false,"footnotes":"","jetpack_publicize_message":"","jetpack_publicize_feature_enabled":true,"jetpack_social_post_already_shared":false,"jetpack_social_options":{"image_generator_settings":{"template":"highway","default_image_id":0,"enabled":false},"version":2}},"categories":[3],"tags":[],"class_list":["post-11998","post","type-post","status-publish","format-standard","has-post-thumbnail","hentry","category-policial"],"jetpack_publicize_connections":[],"jetpack_featured_media_url":"https:\/\/i0.wp.com\/www.paparazzinews.com.br\/wp-content\/uploads\/2024\/09\/53218118750_ddbb3b57a8_k-1536x1024-1.jpg?fit=1536%2C1024&ssl=1","views":"2024","jetpack_likes_enabled":true,"jetpack_sharing_enabled":true,"_links":{"self":[{"href":"https:\/\/www.paparazzinews.com.br\/index.php?rest_route=\/wp\/v2\/posts\/11998","targetHints":{"allow":["GET"]}}],"collection":[{"href":"https:\/\/www.paparazzinews.com.br\/index.php?rest_route=\/wp\/v2\/posts"}],"about":[{"href":"https:\/\/www.paparazzinews.com.br\/index.php?rest_route=\/wp\/v2\/types\/post"}],"author":[{"embeddable":true,"href":"https:\/\/www.paparazzinews.com.br\/index.php?rest_route=\/wp\/v2\/users\/1"}],"replies":[{"embeddable":true,"href":"https:\/\/www.paparazzinews.com.br\/index.php?rest_route=%2Fwp%2Fv2%2Fcomments&post=11998"}],"version-history":[{"count":1,"href":"https:\/\/www.paparazzinews.com.br\/index.php?rest_route=\/wp\/v2\/posts\/11998\/revisions"}],"predecessor-version":[{"id":12000,"href":"https:\/\/www.paparazzinews.com.br\/index.php?rest_route=\/wp\/v2\/posts\/11998\/revisions\/12000"}],"wp:featuredmedia":[{"embeddable":true,"href":"https:\/\/www.paparazzinews.com.br\/index.php?rest_route=\/wp\/v2\/media\/11999"}],"wp:attachment":[{"href":"https:\/\/www.paparazzinews.com.br\/index.php?rest_route=%2Fwp%2Fv2%2Fmedia&parent=11998"}],"wp:term":[{"taxonomy":"category","embeddable":true,"href":"https:\/\/www.paparazzinews.com.br\/index.php?rest_route=%2Fwp%2Fv2%2Fcategories&post=11998"},{"taxonomy":"post_tag","embeddable":true,"href":"https:\/\/www.paparazzinews.com.br\/index.php?rest_route=%2Fwp%2Fv2%2Ftags&post=11998"}],"curies":[{"name":"wp","href":"https:\/\/api.w.org\/{rel}","templated":true}]}}