{"id":11978,"date":"2024-09-18T14:42:20","date_gmt":"2024-09-18T17:42:20","guid":{"rendered":"https:\/\/www.paparazzinews.com.br\/?p=11978"},"modified":"2024-09-18T15:14:04","modified_gmt":"2024-09-18T18:14:04","slug":"candidato-a-vice-de-fatima-nascimento-tentou-mas-nao-conseguiu-impugnar-pesquisa-que-mostra-paulo-reeleito-em-castilho","status":"publish","type":"post","link":"https:\/\/www.paparazzinews.com.br\/?p=11978","title":{"rendered":"Candidato a vice de F\u00e1tima Nascimento tentou, mas n\u00e3o conseguiu impugnar pesquisa que mostra Paulo releito em Castilho"},"content":{"rendered":"\n<p>O vereador e candidato a vice-prefeito Albecyr Pedro da Silva que comp\u00f5e alian\u00e7a com a ex-prefeita F\u00e1tima Nascimento, entrou na semana passada com representa\u00e7\u00e3o na 9\u00ba Zona Eleitoral de Andradina n\u00famero: 0601261-52.2024.6.26.0009, pedindo a impugna\u00e7\u00e3o da pesquisa realizada pela empresa Colectta Instituto de Pesquisa e Estat\u00edstica. Ela apresentou em primeiro lugar nesta ter\u00e7a-feira, 17 de setembro, o candidato a reelei\u00e7\u00e3o pela prefeitura de Castilho Paulo Duarte Boaventura, em segundo Joni Buzachero e terceiro lugar F\u00e1tima Nascimento. Pedro alegou que a divulga\u00e7\u00e3o da pesquisa era fraudulenta, mas a Justi\u00e7a indeferiu sua solicita\u00e7\u00e3o, confira a decis\u00e3o judicial. A informa\u00e7\u00e3o \u00e9 de Roni Paparazzi.<\/p>\n\n\n\n<p>DECIS\u00c3O: Conforme disp\u00f5e o artigo 16, \u00a7 1\u00ba, da Resolu\u00e7\u00e3o TSE n\u00b0 23.600\/19 (ordenamento que disciplina<br>os procedimentos relativos ao registro e \u00e0 divulga\u00e7\u00e3o de pesquisas de opini\u00e3o p\u00fablica realizadas para conhecimento p\u00fablico relativas \u00e0s elei\u00e7\u00f5es municipais de 2024): \u201cdemonstrados a plausibilidade do direito e o perigo de dano, pode ser deferida liminar para suspender a divulga\u00e7\u00e3o dos resultados da pesquisa impugnada ou para determinar que sejam inclu\u00eddos esclarecimentos na divulga\u00e7\u00e3o de seus resultados, cominando-se multa em caso de descumprimento da tutela.&#8221; (Reda\u00e7\u00e3o dada pela Resolu\u00e7\u00e3o n\u00ba 23.727\/2024) Para a concess\u00e3o da medida liminar postulada pela Coliga\u00e7\u00e3o representante, devem concorrer conjuntamente dois pressupostos legais: a probabilidade do direito (fumus boni iuris) e a<br>possibilidade de advir do ato impugnado a inefic\u00e1cia da medida, caso seja deferida somente ao<br>final (periculum in mora).<\/p>\n\n\n\n<p>A parte autora alega que h\u00e1 irregularidade na pesquisa por utilizar dados do Censo 2022, que n\u00e3o<br>est\u00e3o dispon\u00edveis. No entanto, \u00e9 not\u00f3rio que taisa dados est\u00e3o dispon\u00edveis via internet.<br>Isso posto, INDEFIRO o pleito liminar.<\/p>\n\n\n\n<figure class=\"wp-block-image size-large\"><img data-recalc-dims=\"1\" loading=\"lazy\" decoding=\"async\" width=\"708\" height=\"708\" src=\"https:\/\/i0.wp.com\/www.paparazzinews.com.br\/wp-content\/uploads\/2024\/09\/image.png?resize=708%2C708&#038;ssl=1\" alt=\"\" class=\"wp-image-11979\" srcset=\"https:\/\/i0.wp.com\/www.paparazzinews.com.br\/wp-content\/uploads\/2024\/09\/image.png?resize=1024%2C1024&amp;ssl=1 1024w, https:\/\/i0.wp.com\/www.paparazzinews.com.br\/wp-content\/uploads\/2024\/09\/image.png?resize=300%2C300&amp;ssl=1 300w, https:\/\/i0.wp.com\/www.paparazzinews.com.br\/wp-content\/uploads\/2024\/09\/image.png?resize=150%2C150&amp;ssl=1 150w, https:\/\/i0.wp.com\/www.paparazzinews.com.br\/wp-content\/uploads\/2024\/09\/image.png?resize=768%2C768&amp;ssl=1 768w, https:\/\/i0.wp.com\/www.paparazzinews.com.br\/wp-content\/uploads\/2024\/09\/image.png?w=1080&amp;ssl=1 1080w\" sizes=\"auto, (max-width: 708px) 100vw, 708px\" \/><\/figure>\n\n\n\n<p><strong><em><strong><em><strong><em><strong><em><strong><em><strong><em><strong><em><strong><em><strong>Siga nossas redes sociais no\u00a0<a href=\"https:\/\/www.instagram.com\/ronipaparazzi\/\">Instagram\u00a0<\/a>e\u00a0<a href=\"https:\/\/www.facebook.com\/ronipaparazzicomvoce\">Facebook<\/a>\u00a0participe da nossa comunidade do Canal Roni Paparazzi no Whatsapp e receba as principais not\u00edcias da regi\u00e3o de Ara\u00e7atuba do dia direto no seu celular.<\/strong>\u00a0<a href=\"https:\/\/chat.whatsapp.com\/GsG1XKo0jPOEfjzudWQcml\" target=\"_blank\" rel=\"noreferrer noopener\">\u00a0Clique aqui e se inscreva.<\/a><\/em><\/strong><\/em><\/strong><\/em><\/strong><\/em><\/strong><\/em><\/strong><\/em><\/strong><\/em><\/strong><\/em><\/strong><\/p>\n","protected":false},"excerpt":{"rendered":"<p>O vereador e candidato a vice-prefeito Albecyr Pedro da Silva que comp\u00f5e alian\u00e7a com a ex-prefeita F\u00e1tima Nascimento, entrou na semana passada com representa\u00e7\u00e3o na 9\u00ba Zona Eleitoral de Andradina n\u00famero: 0601261-52.2024.6.26.0009, pedindo a impugna\u00e7\u00e3o da pesquisa realizada pela empresa Colectta Instituto de Pesquisa e Estat\u00edstica. Ela apresentou em primeiro lugar nesta ter\u00e7a-feira, 17 de &hellip;<\/p>\n","protected":false},"author":1,"featured_media":11980,"comment_status":"open","ping_status":"open","sticky":false,"template":"","format":"standard","meta":{"_jetpack_memberships_contains_paid_content":false,"footnotes":"","jetpack_publicize_message":"","jetpack_publicize_feature_enabled":true,"jetpack_social_post_already_shared":false,"jetpack_social_options":{"image_generator_settings":{"template":"highway","default_image_id":0,"enabled":false},"version":2}},"categories":[7],"tags":[],"class_list":["post-11978","post","type-post","status-publish","format-standard","has-post-thumbnail","hentry","category-politica"],"jetpack_publicize_connections":[],"jetpack_featured_media_url":"https:\/\/i0.wp.com\/www.paparazzinews.com.br\/wp-content\/uploads\/2024\/09\/9622dbb8-8039-4d85-b8a3-8afa2354bbcd.jpeg?fit=1080%2C1139&ssl=1","views":"3935","jetpack_likes_enabled":true,"jetpack_sharing_enabled":true,"_links":{"self":[{"href":"https:\/\/www.paparazzinews.com.br\/index.php?rest_route=\/wp\/v2\/posts\/11978","targetHints":{"allow":["GET"]}}],"collection":[{"href":"https:\/\/www.paparazzinews.com.br\/index.php?rest_route=\/wp\/v2\/posts"}],"about":[{"href":"https:\/\/www.paparazzinews.com.br\/index.php?rest_route=\/wp\/v2\/types\/post"}],"author":[{"embeddable":true,"href":"https:\/\/www.paparazzinews.com.br\/index.php?rest_route=\/wp\/v2\/users\/1"}],"replies":[{"embeddable":true,"href":"https:\/\/www.paparazzinews.com.br\/index.php?rest_route=%2Fwp%2Fv2%2Fcomments&post=11978"}],"version-history":[{"count":3,"href":"https:\/\/www.paparazzinews.com.br\/index.php?rest_route=\/wp\/v2\/posts\/11978\/revisions"}],"predecessor-version":[{"id":11984,"href":"https:\/\/www.paparazzinews.com.br\/index.php?rest_route=\/wp\/v2\/posts\/11978\/revisions\/11984"}],"wp:featuredmedia":[{"embeddable":true,"href":"https:\/\/www.paparazzinews.com.br\/index.php?rest_route=\/wp\/v2\/media\/11980"}],"wp:attachment":[{"href":"https:\/\/www.paparazzinews.com.br\/index.php?rest_route=%2Fwp%2Fv2%2Fmedia&parent=11978"}],"wp:term":[{"taxonomy":"category","embeddable":true,"href":"https:\/\/www.paparazzinews.com.br\/index.php?rest_route=%2Fwp%2Fv2%2Fcategories&post=11978"},{"taxonomy":"post_tag","embeddable":true,"href":"https:\/\/www.paparazzinews.com.br\/index.php?rest_route=%2Fwp%2Fv2%2Ftags&post=11978"}],"curies":[{"name":"wp","href":"https:\/\/api.w.org\/{rel}","templated":true}]}}