{"id":11959,"date":"2024-09-18T12:39:46","date_gmt":"2024-09-18T15:39:46","guid":{"rendered":"https:\/\/www.paparazzinews.com.br\/?p=11959"},"modified":"2024-09-18T12:39:47","modified_gmt":"2024-09-18T15:39:47","slug":"60-municipios-215-mil-garrafas-de-agua-sao-distribuidas-para-amenizar-efeitos-das-queimadas","status":"publish","type":"post","link":"https:\/\/www.paparazzinews.com.br\/?p=11959","title":{"rendered":"60 MUNIC\u00cdPIOS: 215 mil garrafas de \u00e1gua s\u00e3o distribu\u00eddas para amenizar efeitos das queimadas"},"content":{"rendered":"\n<p>O Governo de S\u00e3o Paulo, por interm\u00e9dio do Fundo Social de S\u00e3o Paulo, inicia mais uma a\u00e7\u00e3o de ajuda humanit\u00e1ria, desta vez voltada para socorrer os munic\u00edpios que enfrentam dificuldades em decorr\u00eancia das queimadas que atingem o estado. Ser\u00e3o distribu\u00eddas 215 mil garrafas de \u00e1gua aos 60 munic\u00edpios mais impactados, onde a qualidade do ar se encontra em n\u00edveis cr\u00edticos, representando um risco \u00e0 sa\u00fade da popula\u00e7\u00e3o. A informa\u00e7\u00e3o \u00e9 da Ag\u00eancia SP.<\/p>\n\n\n\n<p>\u201cNeste momento de crise, o suporte e apoio \u00e0s fam\u00edlias mais vulner\u00e1veis s\u00e3o essenciais. A distribui\u00e7\u00e3o de \u00e1gua \u00e9 uma a\u00e7\u00e3o em que podemos estimular a hidrata\u00e7\u00e3o e auxiliar na redu\u00e7\u00e3o dos efeitos das queimadas e do tempo seco sobre a sa\u00fade da popula\u00e7\u00e3o\u201d, afirmou a primeira-dama e presidente do Fundo Social de S\u00e3o Paulo, Cristiane Freitas.<\/p>\n\n\n\n<figure class=\"wp-block-image\"><img data-recalc-dims=\"1\" height=\"531\" width=\"708\" decoding=\"async\" src=\"https:\/\/i0.wp.com\/www.agenciasp.sp.gov.br\/wp-content\/uploads\/2024\/09\/WhatsApp-Image-2024-09-17-at-17.14.43-1024x768.jpeg?resize=708%2C531\" alt=\"\" class=\"wp-image-20131\"\/><figcaption class=\"wp-element-caption\">A\u00e7\u00e3o do Fundo Social de S\u00e3o Paulo visa garantir hidrata\u00e7\u00e3o para fam\u00edlias vulner\u00e1veis \u2013 Foto: Caio Rocha\/Governo de S\u00e3o Paulo<\/figcaption><\/figure>\n\n\n\n<p>Na semana passada, o governo paulista j\u00e1 havia anunciado novas diretrizes de sa\u00fade, adaptadas ao atual contexto de clima seco e aos impactos das queimadas. Entre as recomenda\u00e7\u00f5es, destaque para a sugest\u00e3o de evitar atividades f\u00edsicas ao ar livre e a orienta\u00e7\u00e3o para aumentar a ingest\u00e3o de \u00e1gua. Para garantir o bem-estar da popula\u00e7\u00e3o, a distribui\u00e7\u00e3o de garrafas de \u00e1gua ser\u00e1 feita em parceria com os fundos municipais, permitindo que cada cidade realize a entrega direta \u00e0s fam\u00edlias em situa\u00e7\u00e3o de vulnerabilidade social.<\/p>\n\n\n\n<p>O Governo de S\u00e3o Paulo segue com os trabalhos do gabinete de crise que monitora todo o estado para dar prontas respostas \u00e0s queimadas que atingem as cidades paulistas. De acordo com o Mapa de Risco de Inc\u00eandio, da Defesa Civil do Estado de S\u00e3o Paulo, quase todas as regi\u00f5es do estado est\u00e3o sob decreto de emerg\u00eancia para queimadas.<\/p>\n\n\n\n<h2 class=\"wp-block-heading\">Munic\u00edpios em situa\u00e7\u00e3o de emerg\u00eancia que receber\u00e3o doa\u00e7\u00e3o de \u00e1gua:<\/h2>\n\n\n\n<p>1. \u00c1guas da Prata&nbsp;<\/p>\n\n\n\n<p>2. Altin\u00f3polis&nbsp;<\/p>\n\n\n\n<p>3. Alum\u00ednio&nbsp;<\/p>\n\n\n\n<p>4. Amparo&nbsp;<\/p>\n\n\n\n<p>5. Arthur Nogueira&nbsp;<\/p>\n\n\n\n<p>6. Bananal&nbsp;<\/p>\n\n\n\n<p>7. Barrinha&nbsp;<\/p>\n\n\n\n<p>8. Bebedouro&nbsp;<\/p>\n\n\n\n<p>9. Bernardino de Campos&nbsp;<\/p>\n\n\n\n<p>10. Boa Esperan\u00e7a do Sul&nbsp;<\/p>\n\n\n\n<p>11. Brodowski&nbsp;<\/p>\n\n\n\n<p>12. Cajuru&nbsp;<\/p>\n\n\n\n<p>13. Catanduva&nbsp;<\/p>\n\n\n\n<p>14. Coronel Macedo&nbsp;<\/p>\n\n\n\n<p>15. Dourado&nbsp;<\/p>\n\n\n\n<p>16. Iacanga&nbsp;<\/p>\n\n\n\n<p>17. Ibitinga&nbsp;<\/p>\n\n\n\n<p>18. Indiana&nbsp;<\/p>\n\n\n\n<p>19. It\u00e1polis&nbsp;<\/p>\n\n\n\n<p>20. Itirapina&nbsp;<\/p>\n\n\n\n<p>21. Ja\u00fa&nbsp;<\/p>\n\n\n\n<p>22. Lourde&nbsp;<\/p>\n\n\n\n<p>23. Luc\u00e9lia&nbsp;<\/p>\n\n\n\n<p>24. Lu\u00eds Ant\u00f4nio&nbsp;<\/p>\n\n\n\n<p>25. Monte Alegre do Sul&nbsp;<\/p>\n\n\n\n<p>26. Monte Azul Paulista&nbsp;<\/p>\n\n\n\n<p>27. Morro Agudo&nbsp;<\/p>\n\n\n\n<p>28. Motuca&nbsp;<\/p>\n\n\n\n<p>29. Nova Granada&nbsp;<\/p>\n\n\n\n<p>30. Ol\u00edmpia&nbsp;<\/p>\n\n\n\n<p>31. Palestina&nbsp;<\/p>\n\n\n\n<p>32. Paranapu\u00e3&nbsp;<\/p>\n\n\n\n<p>33. Pedregulho&nbsp;<\/p>\n\n\n\n<p>34. Piracicaba&nbsp;<\/p>\n\n\n\n<p>35. Pirapora do Bom Jesus&nbsp;<\/p>\n\n\n\n<p>36. Pitangueiras&nbsp;<\/p>\n\n\n\n<p>37. Poloni&nbsp;<\/p>\n\n\n\n<p>38. Pompeia&nbsp;<\/p>\n\n\n\n<p>39. Pontal&nbsp;<\/p>\n\n\n\n<p>40. Presidente Epit\u00e1cio&nbsp;<\/p>\n\n\n\n<p>41. Ribeir\u00e3o Preto&nbsp;<\/p>\n\n\n\n<p>42. Rosana&nbsp;<\/p>\n\n\n\n<p>43. Sabino&nbsp;<\/p>\n\n\n\n<p>44. Salmour\u00e3o&nbsp;<\/p>\n\n\n\n<p>45. Santa Ad\u00e9lia&nbsp;<\/p>\n\n\n\n<p>46. Santa Cruz do Rio Pardo&nbsp;<\/p>\n\n\n\n<p>47. Santo Ant\u00f4nio da Alegria&nbsp;<\/p>\n\n\n\n<p>48. Santo Ant\u00f4nio do Aracangu\u00e1&nbsp;<\/p>\n\n\n\n<p>49. S\u00e3o Jos\u00e9 do Rio Preto&nbsp;<\/p>\n\n\n\n<p>50. S\u00e3o Lu\u00eds do Paraitinga&nbsp;<\/p>\n\n\n\n<p>51. S\u00e3o Pedro do Turvo&nbsp;<\/p>\n\n\n\n<p>52. S\u00e3o Sim\u00e3o&nbsp;<\/p>\n\n\n\n<p>53. Sert\u00e3ozinho&nbsp;<\/p>\n\n\n\n<p>54. Tabatinga&nbsp;<\/p>\n\n\n\n<p>55. Taquarituba&nbsp;<\/p>\n\n\n\n<p>56. Torrinha&nbsp;<\/p>\n\n\n\n<p>57. Ubarana&nbsp;<\/p>\n\n\n\n<p>58. Urup\u00eas&nbsp;<\/p>\n\n\n\n<p>59. Valentim&nbsp;<\/p>\n\n\n\n<p>60. Viradouro<\/p>\n\n\n\n<p><strong><em><strong><em><strong><em><strong><em><strong><em><strong><em><strong><em><strong><em><strong>Siga nossas redes sociais no&nbsp;<a href=\"https:\/\/www.instagram.com\/ronipaparazzi\/\">Instagram&nbsp;<\/a>e&nbsp;<a href=\"https:\/\/www.facebook.com\/ronipaparazzicomvoce\">Facebook<\/a>&nbsp;participe da nossa comunidade do Canal Roni Paparazzi no Whatsapp e receba as principais not\u00edcias da regi\u00e3o de Ara\u00e7atuba do dia direto no seu celular.<\/strong>&nbsp;<a href=\"https:\/\/chat.whatsapp.com\/GsG1XKo0jPOEfjzudWQcml\" target=\"_blank\" rel=\"noreferrer noopener\">&nbsp;Clique aqui e se inscreva.<\/a><\/em><\/strong><\/em><\/strong><\/em><\/strong><\/em><\/strong><\/em><\/strong><\/em><\/strong><\/em><\/strong><\/em><\/strong><\/p>\n","protected":false},"excerpt":{"rendered":"<p>O Governo de S\u00e3o Paulo, por interm\u00e9dio do Fundo Social de S\u00e3o Paulo, inicia mais uma a\u00e7\u00e3o de ajuda humanit\u00e1ria, desta vez voltada para socorrer os munic\u00edpios que enfrentam dificuldades em decorr\u00eancia das queimadas que atingem o estado. Ser\u00e3o distribu\u00eddas 215 mil garrafas de \u00e1gua aos 60 munic\u00edpios mais impactados, onde a qualidade do ar &hellip;<\/p>\n","protected":false},"author":1,"featured_media":11960,"comment_status":"open","ping_status":"open","sticky":false,"template":"","format":"standard","meta":{"_jetpack_memberships_contains_paid_content":false,"footnotes":"","jetpack_publicize_message":"","jetpack_publicize_feature_enabled":true,"jetpack_social_post_already_shared":false,"jetpack_social_options":{"image_generator_settings":{"template":"highway","default_image_id":0,"enabled":false},"version":2}},"categories":[4],"tags":[],"class_list":["post-11959","post","type-post","status-publish","format-standard","has-post-thumbnail","hentry","category-regiao"],"jetpack_publicize_connections":[],"jetpack_featured_media_url":"https:\/\/i0.wp.com\/www.paparazzinews.com.br\/wp-content\/uploads\/2024\/09\/Agua-1536x1152-1.jpeg?fit=1536%2C1152&ssl=1","views":"2085","jetpack_likes_enabled":true,"jetpack_sharing_enabled":true,"_links":{"self":[{"href":"https:\/\/www.paparazzinews.com.br\/index.php?rest_route=\/wp\/v2\/posts\/11959","targetHints":{"allow":["GET"]}}],"collection":[{"href":"https:\/\/www.paparazzinews.com.br\/index.php?rest_route=\/wp\/v2\/posts"}],"about":[{"href":"https:\/\/www.paparazzinews.com.br\/index.php?rest_route=\/wp\/v2\/types\/post"}],"author":[{"embeddable":true,"href":"https:\/\/www.paparazzinews.com.br\/index.php?rest_route=\/wp\/v2\/users\/1"}],"replies":[{"embeddable":true,"href":"https:\/\/www.paparazzinews.com.br\/index.php?rest_route=%2Fwp%2Fv2%2Fcomments&post=11959"}],"version-history":[{"count":1,"href":"https:\/\/www.paparazzinews.com.br\/index.php?rest_route=\/wp\/v2\/posts\/11959\/revisions"}],"predecessor-version":[{"id":11961,"href":"https:\/\/www.paparazzinews.com.br\/index.php?rest_route=\/wp\/v2\/posts\/11959\/revisions\/11961"}],"wp:featuredmedia":[{"embeddable":true,"href":"https:\/\/www.paparazzinews.com.br\/index.php?rest_route=\/wp\/v2\/media\/11960"}],"wp:attachment":[{"href":"https:\/\/www.paparazzinews.com.br\/index.php?rest_route=%2Fwp%2Fv2%2Fmedia&parent=11959"}],"wp:term":[{"taxonomy":"category","embeddable":true,"href":"https:\/\/www.paparazzinews.com.br\/index.php?rest_route=%2Fwp%2Fv2%2Fcategories&post=11959"},{"taxonomy":"post_tag","embeddable":true,"href":"https:\/\/www.paparazzinews.com.br\/index.php?rest_route=%2Fwp%2Fv2%2Ftags&post=11959"}],"curies":[{"name":"wp","href":"https:\/\/api.w.org\/{rel}","templated":true}]}}