{"id":11944,"date":"2024-09-16T17:36:34","date_gmt":"2024-09-16T20:36:34","guid":{"rendered":"https:\/\/www.paparazzinews.com.br\/?p=11944"},"modified":"2024-09-16T17:36:35","modified_gmt":"2024-09-16T20:36:35","slug":"pm-prende-2-homens-procurados-pela-justica-em-pereira-e-ilha-solteira","status":"publish","type":"post","link":"https:\/\/www.paparazzinews.com.br\/?p=11944","title":{"rendered":"PM prende 2 homens procurados pela Justi\u00e7a em Pereira e Ilha Solteira"},"content":{"rendered":"\n<p>Dois homens foram presos neste domingo 15, por estarem na condi\u00e7\u00e3o de procurados pela justi\u00e7a.<br>A primeira pris\u00e3o ocorreu na madrugada, quando policiais militares de Pereira Barreto avistaram e prenderam, na via p\u00fablica, morador da cidade procurado pelo crime de Organiza\u00e7\u00e3o Criminosa com agravante de uso de arma de fogo, com pena n\u00e3o informada.<\/p>\n\n\n\n<p>A segunda pris\u00e3o ocorreu tamb\u00e9m na madrugada, quando policiais militares de Ilha Solteira foram acionados para atendimento de ocorr\u00eancia de furto de ve\u00edculo em andamento.<\/p>\n\n\n\n<p>No local, entraram em contato com o solicitante, que era propriet\u00e1rio de um ve\u00edculo que estava estacionado na via p\u00fablica e que, durante a madrugada havia surpreendido um homem no interior do ve\u00edculo, tentando furt\u00e1-lo, quando o imobilizou e acionou a Pol\u00edcia Militar.<\/p>\n\n\n\n<p>O indiv\u00edduo, morador da cidade, de 28 anos, estava embriagado e sem condi\u00e7\u00f5es de manter di\u00e1logos.<br>Em pesquisas via PRODESP, constataram que havia em seu desfavor um mandado de pris\u00e3o civil, falta de pagamento de pens\u00e3o aliment\u00edcia, com pena de 90 dias.<\/p>\n\n\n\n<p>Indiv\u00edduo encaminhado ao DP da cidade, onde a delegada de plant\u00e3o n\u00e3o vislumbrou o cometimento do crime de furto tentado, ficando ele preso por for\u00e7a do mandado de pris\u00e3o.<\/p>\n\n\n\n<p><strong><em><strong><em><strong><em><strong><em><strong><em><strong><em><strong><em><strong><em><strong>Siga nossas redes sociais no\u00a0<a href=\"https:\/\/www.instagram.com\/ronipaparazzi\/\">Instagram\u00a0<\/a>e\u00a0<a href=\"https:\/\/www.facebook.com\/ronipaparazzicomvoce\">Facebook<\/a>\u00a0participe da nossa comunidade do Canal Roni Paparazzi no Whatsapp e receba as principais not\u00edcias da regi\u00e3o de Ara\u00e7atuba do dia direto no seu celular.<\/strong>\u00a0<a href=\"https:\/\/chat.whatsapp.com\/GsG1XKo0jPOEfjzudWQcml\" target=\"_blank\" rel=\"noreferrer noopener\">\u00a0Clique aqui e se inscreva.<\/a><\/em><\/strong><\/em><\/strong><\/em><\/strong><\/em><\/strong><\/em><\/strong><\/em><\/strong><\/em><\/strong><\/em><\/strong><\/p>\n","protected":false},"excerpt":{"rendered":"<p>Dois homens foram presos neste domingo 15, por estarem na condi\u00e7\u00e3o de procurados pela justi\u00e7a.A primeira pris\u00e3o ocorreu na madrugada, quando policiais militares de Pereira Barreto avistaram e prenderam, na via p\u00fablica, morador da cidade procurado pelo crime de Organiza\u00e7\u00e3o Criminosa com agravante de uso de arma de fogo, com pena n\u00e3o informada. A segunda &hellip;<\/p>\n","protected":false},"author":1,"featured_media":11945,"comment_status":"open","ping_status":"open","sticky":false,"template":"","format":"standard","meta":{"_jetpack_memberships_contains_paid_content":false,"footnotes":"","jetpack_publicize_message":"","jetpack_publicize_feature_enabled":true,"jetpack_social_post_already_shared":false,"jetpack_social_options":{"image_generator_settings":{"template":"highway","default_image_id":0,"enabled":false},"version":2}},"categories":[3],"tags":[],"class_list":["post-11944","post","type-post","status-publish","format-standard","has-post-thumbnail","hentry","category-policial"],"jetpack_publicize_connections":[],"jetpack_featured_media_url":"https:\/\/i0.wp.com\/www.paparazzinews.com.br\/wp-content\/uploads\/2024\/09\/IMG_6055-scaled-e1726518976192.jpg?fit=1000%2C667&ssl=1","views":"2064","jetpack_likes_enabled":true,"jetpack_sharing_enabled":true,"_links":{"self":[{"href":"https:\/\/www.paparazzinews.com.br\/index.php?rest_route=\/wp\/v2\/posts\/11944","targetHints":{"allow":["GET"]}}],"collection":[{"href":"https:\/\/www.paparazzinews.com.br\/index.php?rest_route=\/wp\/v2\/posts"}],"about":[{"href":"https:\/\/www.paparazzinews.com.br\/index.php?rest_route=\/wp\/v2\/types\/post"}],"author":[{"embeddable":true,"href":"https:\/\/www.paparazzinews.com.br\/index.php?rest_route=\/wp\/v2\/users\/1"}],"replies":[{"embeddable":true,"href":"https:\/\/www.paparazzinews.com.br\/index.php?rest_route=%2Fwp%2Fv2%2Fcomments&post=11944"}],"version-history":[{"count":1,"href":"https:\/\/www.paparazzinews.com.br\/index.php?rest_route=\/wp\/v2\/posts\/11944\/revisions"}],"predecessor-version":[{"id":11946,"href":"https:\/\/www.paparazzinews.com.br\/index.php?rest_route=\/wp\/v2\/posts\/11944\/revisions\/11946"}],"wp:featuredmedia":[{"embeddable":true,"href":"https:\/\/www.paparazzinews.com.br\/index.php?rest_route=\/wp\/v2\/media\/11945"}],"wp:attachment":[{"href":"https:\/\/www.paparazzinews.com.br\/index.php?rest_route=%2Fwp%2Fv2%2Fmedia&parent=11944"}],"wp:term":[{"taxonomy":"category","embeddable":true,"href":"https:\/\/www.paparazzinews.com.br\/index.php?rest_route=%2Fwp%2Fv2%2Fcategories&post=11944"},{"taxonomy":"post_tag","embeddable":true,"href":"https:\/\/www.paparazzinews.com.br\/index.php?rest_route=%2Fwp%2Fv2%2Ftags&post=11944"}],"curies":[{"name":"wp","href":"https:\/\/api.w.org\/{rel}","templated":true}]}}