{"id":1194,"date":"2022-11-10T11:32:29","date_gmt":"2022-11-10T14:32:29","guid":{"rendered":"https:\/\/www.paparazzinews.com.br\/?p=1194"},"modified":"2022-11-10T11:35:47","modified_gmt":"2022-11-10T14:35:47","slug":"homem-que-andava-com-porta-furtada-na-cabeca-e-preso-em-andradina","status":"publish","type":"post","link":"https:\/\/www.paparazzinews.com.br\/?p=1194","title":{"rendered":"Homem que andava com porta furtada na cabe\u00e7a \u00e9 preso em Andradina"},"content":{"rendered":"\n<p>Um homem que transportava na cabe\u00e7a uma porta furtada foi preso pela Pol\u00edcia Militar nesta quarta-feira (9), no bairro Jardim Europa, em Andradina (SP).<\/p>\n\n\n\n<p>A viatura da PM se encontrava em patrulhamento quando pela rua Jean Bernard se deparou com o alvo transportando a porta. Ao ser abordado confessou o crime.<\/p>\n\n\n\n<p>A v\u00edtima foi acionada e a ocorr\u00eancia foi encaminhada para a Pol\u00edcia Civil onde permaneceu preso \u00e0 disposi\u00e7\u00e3o da Justi\u00e7a.<\/p>\n","protected":false},"excerpt":{"rendered":"<p>Um homem que transportava na cabe\u00e7a uma porta furtada foi preso pela Pol\u00edcia Militar nesta quarta-feira (9), no bairro Jardim Europa, em Andradina (SP). A viatura da PM se encontrava em patrulhamento quando pela rua Jean Bernard se deparou com o alvo transportando a porta. Ao ser abordado confessou o crime. A v\u00edtima foi acionada &hellip;<\/p>\n","protected":false},"author":1,"featured_media":1195,"comment_status":"open","ping_status":"open","sticky":false,"template":"","format":"standard","meta":{"_jetpack_memberships_contains_paid_content":false,"footnotes":"","jetpack_publicize_message":"","jetpack_publicize_feature_enabled":true,"jetpack_social_post_already_shared":false,"jetpack_social_options":{"image_generator_settings":{"template":"highway","default_image_id":0,"enabled":false},"version":2}},"categories":[3],"tags":[],"class_list":["post-1194","post","type-post","status-publish","format-standard","has-post-thumbnail","hentry","category-policial"],"jetpack_publicize_connections":[],"jetpack_featured_media_url":"https:\/\/i0.wp.com\/www.paparazzinews.com.br\/wp-content\/uploads\/2022\/11\/289605906_569401331438882_9190767334030809783_n.jpg?fit=958%2C717&ssl=1","views":"3287","jetpack_likes_enabled":true,"jetpack_sharing_enabled":true,"_links":{"self":[{"href":"https:\/\/www.paparazzinews.com.br\/index.php?rest_route=\/wp\/v2\/posts\/1194","targetHints":{"allow":["GET"]}}],"collection":[{"href":"https:\/\/www.paparazzinews.com.br\/index.php?rest_route=\/wp\/v2\/posts"}],"about":[{"href":"https:\/\/www.paparazzinews.com.br\/index.php?rest_route=\/wp\/v2\/types\/post"}],"author":[{"embeddable":true,"href":"https:\/\/www.paparazzinews.com.br\/index.php?rest_route=\/wp\/v2\/users\/1"}],"replies":[{"embeddable":true,"href":"https:\/\/www.paparazzinews.com.br\/index.php?rest_route=%2Fwp%2Fv2%2Fcomments&post=1194"}],"version-history":[{"count":2,"href":"https:\/\/www.paparazzinews.com.br\/index.php?rest_route=\/wp\/v2\/posts\/1194\/revisions"}],"predecessor-version":[{"id":1197,"href":"https:\/\/www.paparazzinews.com.br\/index.php?rest_route=\/wp\/v2\/posts\/1194\/revisions\/1197"}],"wp:featuredmedia":[{"embeddable":true,"href":"https:\/\/www.paparazzinews.com.br\/index.php?rest_route=\/wp\/v2\/media\/1195"}],"wp:attachment":[{"href":"https:\/\/www.paparazzinews.com.br\/index.php?rest_route=%2Fwp%2Fv2%2Fmedia&parent=1194"}],"wp:term":[{"taxonomy":"category","embeddable":true,"href":"https:\/\/www.paparazzinews.com.br\/index.php?rest_route=%2Fwp%2Fv2%2Fcategories&post=1194"},{"taxonomy":"post_tag","embeddable":true,"href":"https:\/\/www.paparazzinews.com.br\/index.php?rest_route=%2Fwp%2Fv2%2Ftags&post=1194"}],"curies":[{"name":"wp","href":"https:\/\/api.w.org\/{rel}","templated":true}]}}