{"id":11913,"date":"2024-09-16T16:33:38","date_gmt":"2024-09-16T19:33:38","guid":{"rendered":"https:\/\/www.paparazzinews.com.br\/?p=11913"},"modified":"2024-09-16T16:33:39","modified_gmt":"2024-09-16T19:33:39","slug":"aguas-andradina-destaca-a-importancia-dos-clientes","status":"publish","type":"post","link":"https:\/\/www.paparazzinews.com.br\/?p=11913","title":{"rendered":"\u00c1guas Andradina destaca a import\u00e2ncia dos clientes"},"content":{"rendered":"\n<p>A \u00c1guas Andradina, empresa do grupo Igu\u00e1 Saneamento e Sabesp, comemora o Dia do Cliente, celebrado nacionalmente&nbsp;em 15 de setembro, reafirmando o compromisso de aprimorar cada vez mais a presta\u00e7\u00e3o de servi\u00e7os de \u00e1gua e esgoto para os moradores de Andradina.<\/p>\n\n\n\n<p>Segundo o gerente operacional da concession\u00e1ria, Alexandre Cazetto Pardim, os clientes t\u00eam papel fundamental para a melhoria cont\u00ednua do trabalho executado na cidade e nos distritos.<\/p>\n\n\n\n<p>\u201cEstamos sempre dispostos a ouvir a popula\u00e7\u00e3o por meio da pesquisa NPS, uma m\u00e9trica capaz de trazer insights, permitindo que os problemas relatados sejam resolvidos de forma precisa. Os resultados obtidos s\u00e3o utilizados diariamente na escolha de medidas na rotina de trabalho do nosso time\u201d, explica.<\/p>\n\n\n\n<p><strong>Como participar da pesquisa NPS e ser uma voz ativa?<\/strong><br>1.&nbsp;&nbsp;&nbsp;Depois de ser atendido pela concession\u00e1ria, voc\u00ea vai receber por SMS ou e-mail a pergunta: \u201cEm uma escala de 0 a 10, o quanto indicaria a empresa a um amigo ou familiar?\u201d&nbsp;<br>2.&nbsp;&nbsp;&nbsp;Tamb\u00e9m tem um campo para coment\u00e1rios para deixar sua opini\u00e3o, enviar cr\u00edticas e elogios.<br>3.&nbsp;&nbsp;&nbsp;Antes de responder, \u00e9 importante entender que 0 a 6 \u00e9 para quem n\u00e3o indicaria, 7 e 8 neutro e 9 e 10 sim, indicaria.&nbsp;<\/p>\n\n\n\n<ul class=\"wp-block-list\">\n<li><strong>Importante:<\/strong>\u00a0\u00e9 preciso estar com o cadastro atualizado para validar as respostas. Atualize seu cadastro!<\/li>\n<\/ul>\n\n\n\n<p><strong>Ficou com d\u00favidas?<\/strong><\/p>\n\n\n\n<p>Os canais de atendimento da \u00c1guas Andradina s\u00e3o:&nbsp;WhatsApp (18) 99637 4603, 0800 7750195,&nbsp;webchat&nbsp;<a href=\"http:\/\/www.igua.com.br\/andradina\" target=\"_blank\" rel=\"noreferrer noopener\">www.igua.com.br\/andradina<\/a>&nbsp;ou ir at\u00e9 a loja na rua: Doutor Orensy Rodrigues da Silva, 1062, de segunda a sexta-feira das 8h30 \u00e0s 17h ou acesse&nbsp;<a href=\"http:\/\/www.igua.com.br\/andradina\" target=\"_blank\" rel=\"noreferrer noopener\">www.igua.com.br\/andradina<\/a>.<a href=\"https:\/\/www.igua.com.br\/andradina\/noticias\">voltar<\/a><\/p>\n\n\n\n<p><strong><em><strong><em><strong><em><strong><em><strong><em><strong><em><strong><em><strong><em><strong>Siga nossas redes sociais no\u00a0<a href=\"https:\/\/www.instagram.com\/ronipaparazzi\/\">Instagram\u00a0<\/a>e\u00a0<a href=\"https:\/\/www.facebook.com\/ronipaparazzicomvoce\">Facebook<\/a>\u00a0participe da nossa comunidade do Canal Roni Paparazzi no Whatsapp e receba as principais not\u00edcias da regi\u00e3o de Ara\u00e7atuba do dia direto no seu celular.<\/strong>\u00a0<a href=\"https:\/\/chat.whatsapp.com\/GsG1XKo0jPOEfjzudWQcml\" target=\"_blank\" rel=\"noreferrer noopener\">\u00a0Clique aqui e se inscreva.<\/a><\/em><\/strong><\/em><\/strong><\/em><\/strong><\/em><\/strong><\/em><\/strong><\/em><\/strong><\/em><\/strong><\/em><\/strong><\/p>\n","protected":false},"excerpt":{"rendered":"<p>A \u00c1guas Andradina, empresa do grupo Igu\u00e1 Saneamento e Sabesp, comemora o Dia do Cliente, celebrado nacionalmente&nbsp;em 15 de setembro, reafirmando o compromisso de aprimorar cada vez mais a presta\u00e7\u00e3o de servi\u00e7os de \u00e1gua e esgoto para os moradores de Andradina. Segundo o gerente operacional da concession\u00e1ria, Alexandre Cazetto Pardim, os clientes t\u00eam papel fundamental &hellip;<\/p>\n","protected":false},"author":1,"featured_media":11914,"comment_status":"open","ping_status":"open","sticky":false,"template":"","format":"standard","meta":{"_jetpack_memberships_contains_paid_content":false,"footnotes":"","jetpack_publicize_message":"","jetpack_publicize_feature_enabled":true,"jetpack_social_post_already_shared":false,"jetpack_social_options":{"image_generator_settings":{"template":"highway","default_image_id":0,"enabled":false},"version":2}},"categories":[4],"tags":[],"class_list":["post-11913","post","type-post","status-publish","format-standard","has-post-thumbnail","hentry","category-regiao"],"jetpack_publicize_connections":[],"jetpack_featured_media_url":"https:\/\/i0.wp.com\/www.paparazzinews.com.br\/wp-content\/uploads\/2024\/09\/aguas-andradina-e-ag-fnboo.jpg?fit=1440%2C554&ssl=1","views":"2171","jetpack_likes_enabled":true,"jetpack_sharing_enabled":true,"_links":{"self":[{"href":"https:\/\/www.paparazzinews.com.br\/index.php?rest_route=\/wp\/v2\/posts\/11913","targetHints":{"allow":["GET"]}}],"collection":[{"href":"https:\/\/www.paparazzinews.com.br\/index.php?rest_route=\/wp\/v2\/posts"}],"about":[{"href":"https:\/\/www.paparazzinews.com.br\/index.php?rest_route=\/wp\/v2\/types\/post"}],"author":[{"embeddable":true,"href":"https:\/\/www.paparazzinews.com.br\/index.php?rest_route=\/wp\/v2\/users\/1"}],"replies":[{"embeddable":true,"href":"https:\/\/www.paparazzinews.com.br\/index.php?rest_route=%2Fwp%2Fv2%2Fcomments&post=11913"}],"version-history":[{"count":1,"href":"https:\/\/www.paparazzinews.com.br\/index.php?rest_route=\/wp\/v2\/posts\/11913\/revisions"}],"predecessor-version":[{"id":11915,"href":"https:\/\/www.paparazzinews.com.br\/index.php?rest_route=\/wp\/v2\/posts\/11913\/revisions\/11915"}],"wp:featuredmedia":[{"embeddable":true,"href":"https:\/\/www.paparazzinews.com.br\/index.php?rest_route=\/wp\/v2\/media\/11914"}],"wp:attachment":[{"href":"https:\/\/www.paparazzinews.com.br\/index.php?rest_route=%2Fwp%2Fv2%2Fmedia&parent=11913"}],"wp:term":[{"taxonomy":"category","embeddable":true,"href":"https:\/\/www.paparazzinews.com.br\/index.php?rest_route=%2Fwp%2Fv2%2Fcategories&post=11913"},{"taxonomy":"post_tag","embeddable":true,"href":"https:\/\/www.paparazzinews.com.br\/index.php?rest_route=%2Fwp%2Fv2%2Ftags&post=11913"}],"curies":[{"name":"wp","href":"https:\/\/api.w.org\/{rel}","templated":true}]}}