{"id":11904,"date":"2024-09-16T16:20:05","date_gmt":"2024-09-16T19:20:05","guid":{"rendered":"https:\/\/www.paparazzinews.com.br\/?p=11904"},"modified":"2024-09-16T16:20:06","modified_gmt":"2024-09-16T19:20:06","slug":"bombeiros-de-folga-governo-de-sp-amplia-em-135-mil-bombeiros-o-efetivo-para-combater-os-incendios-florestais","status":"publish","type":"post","link":"https:\/\/www.paparazzinews.com.br\/?p=11904","title":{"rendered":"BOMBEIROS DE FOLGA: Governo de SP amplia em 13,5 mil bombeiros o efetivo para combater os inc\u00eandios florestais"},"content":{"rendered":"\n<p>O governador Tarc\u00edsio de Freitas autorizou nesta sexta-feira (13) a abertura de 13,5 mil vagas na Dejem (Di\u00e1ria Especial por Jornada Extraordin\u00e1ria de Trabalho Policial Militar) para integrantes do Corpo de Bombeiros<a href=\"https:\/\/www.agenciasp.sp.gov.br\/veja-as-acoes-adotadas-pelo-governo-de-sp-para-enfrentar-o-cenario-de-seca-queimadas-e-poluicao\/\">\u00a0atuarem no combate aos focos de inc\u00eandio em todo o Estado<\/a>. A medida tem como objetivo aumentar o efetivo para monitoramento e controle de queimadas, permitindo que bombeiros trabalhem durante as folgas recebendo uma remunera\u00e7\u00e3o adicional. A informa\u00e7\u00e3o \u00e9 da Ag\u00eancia SP.<\/p>\n\n\n\n<p>\u201c\u00c9 um refor\u00e7o importante do Corpo de Bombeiros, que se juntam aos profissionais da Defesa Civil, da Secretaria da Seguran\u00e7a P\u00fablica e da iniciativa privada no combate aos focos de inc\u00eandio. Nosso Gabinete de Crise monitora e atua 24 horas por dia para atenuar o problema e reduzir os riscos para a popula\u00e7\u00e3o\u201d, destaca o governador Tarc\u00edsio de Freitas.<\/p>\n\n\n\n<p>A autoriza\u00e7\u00e3o foi anunciada ap\u00f3s reuni\u00f5es com os secret\u00e1rios Arthur Lima, da Casa Civil, Coronel Henguel Ricardo Pereira, da Casa Militar e da Defesa Civil, Nat\u00e1lia Resende, do Meio Ambiente, Infraestrutura e Log\u00edstica e Eleuses Paiva, da Sa\u00fade, e com as ministras do Meio Ambiente, Marina Silva, e da Sa\u00fade, N\u00edsia Trindade, na tarde desta sexta-feira.<\/p>\n\n\n\n<p>Na reuni\u00e3o, o governador tamb\u00e9m anunciou abertura de cr\u00e9dito suplementar de R$ 10 milh\u00f5es \u00e0 Defesa Civil para refor\u00e7ar as a\u00e7\u00f5es de combate aos inc\u00eandios florestais no estado.<\/p>\n\n\n\n<p>\u201cCompartilhamos na reuni\u00e3o de trabalho tamb\u00e9m um diferencial nosso que \u00e9 o combate a\u00e9reo.&nbsp;<a href=\"https:\/\/www.agenciasp.sp.gov.br\/queimadas-sp-usa-14-aeronaves-simultaneamente-e-faz-maior-operacao-aerea-da-historia-do-estado\/\">Colocamos 20 aeronaves para fazer o combate em todo o estado<\/a>, al\u00e9m dos mais de 15 mil agentes em campo\u201d, afirmou o Coronel Henguel.<\/p>\n\n\n\n<p>A situa\u00e7\u00e3o \u00e9 acompanhada de forma permanente pela&nbsp;<a href=\"https:\/\/www.agenciasp.sp.gov.br\/sp-sem-fogo-estado-se-prepara-para-risco-aumentado-de-incendios-neste-ano\/\">Opera\u00e7\u00e3o S\u00e3o Paulo Sem Fogo, que em maio treinou quase 2 mil agentes para o combate \u00e0s queimadas<\/a>&nbsp;e tamb\u00e9m orientou agricultores. Em junho, as atividades entraram na fase vermelha, com aten\u00e7\u00e3o m\u00e1xima ao per\u00edodo, em que h\u00e1 previs\u00e3o de menos chuvas e calor extremo.<\/p>\n\n\n\n<p>No fim de agosto, com o agravamento dos inc\u00eandios no interior, o&nbsp;<a href=\"https:\/\/www.agenciasp.sp.gov.br\/governo-de-sp-cria-gabinete-de-crise-para-acoes-contra-grandes-incendios-no-interior\/\">Governo de S\u00e3o Paulo criou um gabinete de crise para dar pronta resposta \u00e0 popula\u00e7\u00e3o<\/a>. A a\u00e7\u00e3o re\u00fane t\u00e9cnicos da Defesa Civil do Estado e das secretarias da Seguran\u00e7a P\u00fablica (SSP), Agricultura e Abastecimento (SAA) e de Meio Ambiente, Infraestrutura e Log\u00edstica (Semil).<\/p>\n\n\n\n<h2 class=\"wp-block-heading\">Servi\u00e7os de combate<\/h2>\n\n\n\n<p>O Estado ainda<a href=\"https:\/\/www.agenciasp.sp.gov.br\/governo-de-sp-libera-r-59-milhoes-para-combate-a-incendios-florestais-com-aeronaves\/\">&nbsp;liberou no in\u00edcio de setembro R$ 5,9 milh\u00f5es para a contrata\u00e7\u00e3o de servi\u00e7os de monitoramento e combate a inc\u00eandios florestais com 20 aeronaves<\/a>, fundamentais para os trabalhos em regi\u00f5es de dif\u00edcil acesso, como unidades de conserva\u00e7\u00e3o. A maior opera\u00e7\u00e3o com aeronaves, despeja \u00e1gua para conter o fogo, al\u00e9m de auxiliar a monitorar e localizar focos de queimadas.<\/p>\n\n\n\n<p>O Governo de S\u00e3o Paulo tamb\u00e9m conta com a contrata\u00e7\u00e3o de outras 1.200 horas de voo pela Semil e 200 horas pela Defesa Civil que podem ser utilizadas nas queimadas. Atualmente h\u00e1 1,6 mil bombeiros mobilizados para o combate \u00e0s chamas, com apoio de 587 viaturas e helic\u00f3pteros \u00c1guia da Pol\u00edcia Militar.<\/p>\n\n\n\n<p><a href=\"https:\/\/www.agenciasp.sp.gov.br\/governo-de-sao-paulo-amplia-acoes-de-enfrentamento-aos-incendios-em-parceria-com-iniciativa-privada\/\">Entidades privadas de setores florestais, produtores de a\u00e7\u00facar, energia el\u00e9trica, g\u00e1s, \u00e1gua e concession\u00e1rias de rodovias tamb\u00e9m disponibilizaram suas estruturas para intensificar o enfrentamento \u00e0 situa\u00e7\u00e3o nos pr\u00f3ximos dias.<\/a><\/p>\n\n\n\n<p><strong><em><strong><em><strong><em><strong><em><strong><em><strong><em><strong><em><strong><em><strong>Siga nossas redes sociais no\u00a0<a href=\"https:\/\/www.instagram.com\/ronipaparazzi\/\">Instagram\u00a0<\/a>e\u00a0<a href=\"https:\/\/www.facebook.com\/ronipaparazzicomvoce\">Facebook<\/a>\u00a0participe da nossa comunidade do Canal Roni Paparazzi no Whatsapp e receba as principais not\u00edcias da regi\u00e3o de Ara\u00e7atuba do dia direto no seu celular.<\/strong>\u00a0<a href=\"https:\/\/chat.whatsapp.com\/GsG1XKo0jPOEfjzudWQcml\" target=\"_blank\" rel=\"noreferrer noopener\">\u00a0Clique aqui e se inscreva.<\/a><\/em><\/strong><\/em><\/strong><\/em><\/strong><\/em><\/strong><\/em><\/strong><\/em><\/strong><\/em><\/strong><\/em><\/strong><\/p>\n","protected":false},"excerpt":{"rendered":"<p>O governador Tarc\u00edsio de Freitas autorizou nesta sexta-feira (13) a abertura de 13,5 mil vagas na Dejem (Di\u00e1ria Especial por Jornada Extraordin\u00e1ria de Trabalho Policial Militar) para integrantes do Corpo de Bombeiros\u00a0atuarem no combate aos focos de inc\u00eandio em todo o Estado. A medida tem como objetivo aumentar o efetivo para monitoramento e controle de &hellip;<\/p>\n","protected":false},"author":1,"featured_media":11905,"comment_status":"open","ping_status":"open","sticky":false,"template":"","format":"standard","meta":{"_jetpack_memberships_contains_paid_content":false,"footnotes":"","jetpack_publicize_message":"","jetpack_publicize_feature_enabled":true,"jetpack_social_post_already_shared":false,"jetpack_social_options":{"image_generator_settings":{"template":"highway","default_image_id":0,"enabled":false},"version":2}},"categories":[4],"tags":[],"class_list":["post-11904","post","type-post","status-publish","format-standard","has-post-thumbnail","hentry","category-regiao"],"jetpack_publicize_connections":[],"jetpack_featured_media_url":"https:\/\/i0.wp.com\/www.paparazzinews.com.br\/wp-content\/uploads\/2024\/09\/WhatsApp-Image-2024-09-06-at-16.01.49-1536x1024-2.jpeg?fit=1536%2C1024&ssl=1","views":"2045","jetpack_likes_enabled":true,"jetpack_sharing_enabled":true,"_links":{"self":[{"href":"https:\/\/www.paparazzinews.com.br\/index.php?rest_route=\/wp\/v2\/posts\/11904","targetHints":{"allow":["GET"]}}],"collection":[{"href":"https:\/\/www.paparazzinews.com.br\/index.php?rest_route=\/wp\/v2\/posts"}],"about":[{"href":"https:\/\/www.paparazzinews.com.br\/index.php?rest_route=\/wp\/v2\/types\/post"}],"author":[{"embeddable":true,"href":"https:\/\/www.paparazzinews.com.br\/index.php?rest_route=\/wp\/v2\/users\/1"}],"replies":[{"embeddable":true,"href":"https:\/\/www.paparazzinews.com.br\/index.php?rest_route=%2Fwp%2Fv2%2Fcomments&post=11904"}],"version-history":[{"count":1,"href":"https:\/\/www.paparazzinews.com.br\/index.php?rest_route=\/wp\/v2\/posts\/11904\/revisions"}],"predecessor-version":[{"id":11906,"href":"https:\/\/www.paparazzinews.com.br\/index.php?rest_route=\/wp\/v2\/posts\/11904\/revisions\/11906"}],"wp:featuredmedia":[{"embeddable":true,"href":"https:\/\/www.paparazzinews.com.br\/index.php?rest_route=\/wp\/v2\/media\/11905"}],"wp:attachment":[{"href":"https:\/\/www.paparazzinews.com.br\/index.php?rest_route=%2Fwp%2Fv2%2Fmedia&parent=11904"}],"wp:term":[{"taxonomy":"category","embeddable":true,"href":"https:\/\/www.paparazzinews.com.br\/index.php?rest_route=%2Fwp%2Fv2%2Fcategories&post=11904"},{"taxonomy":"post_tag","embeddable":true,"href":"https:\/\/www.paparazzinews.com.br\/index.php?rest_route=%2Fwp%2Fv2%2Ftags&post=11904"}],"curies":[{"name":"wp","href":"https:\/\/api.w.org\/{rel}","templated":true}]}}