{"id":11901,"date":"2024-09-16T16:18:10","date_gmt":"2024-09-16T19:18:10","guid":{"rendered":"https:\/\/www.paparazzinews.com.br\/?p=11901"},"modified":"2024-09-16T16:18:11","modified_gmt":"2024-09-16T19:18:11","slug":"animais-ganham-picole-de-frutas-e-banho-de-chuva-artificial-para-enfrentar-tempo-seco","status":"publish","type":"post","link":"https:\/\/www.paparazzinews.com.br\/?p=11901","title":{"rendered":"Animais ganham \u2018picol\u00e9\u2019 de frutas e banho de chuva artificial para enfrentar tempo seco"},"content":{"rendered":"\n<p>Os animais silvestres em atendimento no<a href=\"https:\/\/www.agenciasp.sp.gov.br\/incendios-florestais-sp-monta-rede-de-atendimento-para-animais-silvestres-vitimas-das-queimadas\/\">\u00a0Centro de Triagem e Reabilita\u00e7\u00e3o (Cetras) do Parque Ecol\u00f3gico do Tiet\u00ea, em S\u00e3o Paulo, est\u00e3o recebendo tratamento especial para minimizar os impactos<\/a>\u00a0das condi\u00e7\u00f5es clim\u00e1ticas dos \u00faltimos dias. Ar-condicionado para os filhotes, \u201cpicol\u00e9\u201d no palito, banho, frutas refrescantes, sombra e muita \u00e1gua fresca s\u00e3o disponibilizados aos bichinhos para minimizar os efeitos das altas temperaturas e o tempo seco. A informa\u00e7\u00e3o \u00e9 da Ag\u00eancia SP.<\/p>\n\n\n\n<p>As medidas foram adotadas pela Secretaria de Meio Ambiente, Infraestrutura e Log\u00edstica do Estado de S\u00e3o Paulo (Semil) para melhorar o conforto t\u00e9rmico e tamb\u00e9m como forma de enriquecimento ambiental: \u201cOferecer frutas em diferentes formatos, texturas e temperaturas s\u00e3o importantes est\u00edmulos aos animais na busca por alimentos\u201d, explicou a diretora t\u00e9cnica do Cetras, Sayuri Fitorra.<\/p>\n\n\n\n<figure class=\"wp-block-image\"><img data-recalc-dims=\"1\" height=\"472\" width=\"708\" decoding=\"async\" src=\"https:\/\/i0.wp.com\/www.agenciasp.sp.gov.br\/wp-content\/uploads\/2024\/09\/Cetras-iguana-calor-1024x683.jpg?resize=708%2C472&#038;ssl=1\" alt=\"\" class=\"wp-image-19697\"\/><figcaption class=\"wp-element-caption\">Iguana ganha borrifada de \u00e1gua para se refrescar. Foto: Marcelo Camargo\/Governo de S\u00e3o Paulo<\/figcaption><\/figure>\n\n\n\n<p>Um jovem macaco-prego e um sagui-de-tufo-branco gostaram das novidades. Pelo menos uma vez ao dia, eles se lambuzam com uma esp\u00e9cie de \u201cpicol\u00e9 no palito\u201d oferecida pelos tratadores. N\u00e3o s\u00e3o sorvetes de verdade, s\u00e3o peda\u00e7os de frutas congelados com \u00e1gua de coco ou suco de fruta. \u201c\u00c9 um alimento nutritivo e refrescante\u201d, explica Sayuri.<\/p>\n\n\n\n<p>Os jabutis do abrigo tamb\u00e9m aproveitam o \u201cbanquete\u201d de frutas, principalmente quando encontram melancias, uma das preferidas desses bichinhos. A esp\u00e9cie n\u00e3o ocorre no estado de S\u00e3o Paulo, mas nas regi\u00f5es central e nordeste do Brasil. O Cetras recebe esses animais e faz o trabalho de repatria\u00e7\u00e3o ao seu local de origem.<\/p>\n\n\n\n<figure class=\"wp-block-image\"><img data-recalc-dims=\"1\" height=\"472\" width=\"708\" decoding=\"async\" src=\"https:\/\/i0.wp.com\/www.agenciasp.sp.gov.br\/wp-content\/uploads\/2024\/09\/Cetras-macaco-calor-1024x683.jpg?resize=708%2C472&#038;ssl=1\" alt=\"\" class=\"wp-image-19700\"\/><figcaption class=\"wp-element-caption\">Sagui recebe picol\u00e9 de frutas. Foto: Marcelo Camargo\/Governo de S\u00e3o Paulo<\/figcaption><\/figure>\n\n\n\n<h2 class=\"wp-block-heading\">Maternidade<\/h2>\n\n\n\n<p>Para garantir um ambiente mais fresco para uma arara adulta que chegou ao local h\u00e1 cerca de tr\u00eas meses, foi improvisada uma cobertura de folhas naturais sobre o viveiro. Com mais sombra, ela passou a ficar muito mais confort\u00e1vel e curiosa com o item novo. A ave continua em processo de reabilita\u00e7\u00e3o e tem grandes chances de voltar \u00e0 natureza.<\/p>\n\n\n\n<p>Para o bem-estar dos bichos, troca frequente de \u00e1gua, cubos de gelo nas vasilhas, ambiente climatizado na maternidade e banhos com pulverizadores tamb\u00e9m est\u00e3o entre as adapta\u00e7\u00f5es feitas no espa\u00e7o. Uma iguana h\u00e1 dois meses no centro tem se refrescado diariamente com a \u00e1gua que sai do equipamento como se fosse chuva. O r\u00e9ptil chegou ao Cetras apresentando queimaduras por l\u00e2mpadas de aquecimento, mas j\u00e1 se recupera bem.<\/p>\n\n\n\n<p>Essas esp\u00e9cies, assim como a maioria dos animais em atendimento no Cetras-SP, s\u00e3o origin\u00e1rias do tr\u00e1fico de animais silvestres. \u201cEste \u00e9 um dado preocupante. O tr\u00e1fico de animais \u00e9 alt\u00edssimo no Brasil e s\u00f3 vem crescendo. Estamos sempre em campanha para disseminar informa\u00e7\u00f5es e contribuir para aumentar a consci\u00eancia de toda a sociedade sobre a gravidade do problema\u201d, concluiu Sayuri.<\/p>\n\n\n\n<figure class=\"wp-block-image\"><img data-recalc-dims=\"1\" height=\"472\" width=\"708\" decoding=\"async\" src=\"https:\/\/i0.wp.com\/www.agenciasp.sp.gov.br\/wp-content\/uploads\/2024\/09\/Cetras-tartaruga-calor-1024x683.jpg?resize=708%2C472&#038;ssl=1\" alt=\"\" class=\"wp-image-19703\"\/><figcaption class=\"wp-element-caption\">Jabuti \u00e9 alimentada com melancia. Foto: Marcelo Camargo\/Governo de S\u00e3o Paulo<\/figcaption><\/figure>\n\n\n\n<h2 class=\"wp-block-heading\"><a href=\"https:\/\/semil.sp.gov.br\/educacaoambiental\/2023\/12\/voce-sabe-o-que-e-o-cetras-sao-paulo-descubra-aqui-o-que-e\/\">N\u00fameros do Cetras-SP no primeiro semestre de 2024<\/a><\/h2>\n\n\n\n<ul class=\"wp-block-list\">\n<li>Total de animais recebidos: 4.040, sendo 3.228 aves, 259 mam\u00edferos, 550 r\u00e9pteis e 3 anf\u00edbios<\/li>\n\n\n\n<li>Foram 188 diferentes esp\u00e9cies de animais silvestres<\/li>\n\n\n\n<li>Oriundos de apreens\u00f5es (2.422), entregas volunt\u00e1rias de animais que estavam em cativeiro irregular (445) e resgates (1.151)<\/li>\n\n\n\n<li>Dos animais reabilitados, 78,76% foram destinados para soltura<\/li>\n<\/ul>\n\n\n\n<figure class=\"wp-block-image\"><img data-recalc-dims=\"1\" height=\"708\" width=\"708\" decoding=\"async\" src=\"https:\/\/i0.wp.com\/www.agenciasp.sp.gov.br\/wp-content\/uploads\/2024\/09\/Cetras-papagaio-calor-1-1024x1024.jpg?resize=708%2C708&#038;ssl=1\" alt=\"\" class=\"wp-image-19706\"\/><\/figure>\n\n\n\n<p><strong><em><strong><em><strong><em><strong><em><strong><em><strong><em><strong><em><strong><em><strong>Siga nossas redes sociais no\u00a0<a href=\"https:\/\/www.instagram.com\/ronipaparazzi\/\">Instagram\u00a0<\/a>e\u00a0<a href=\"https:\/\/www.facebook.com\/ronipaparazzicomvoce\">Facebook<\/a>\u00a0participe da nossa comunidade do Canal Roni Paparazzi no Whatsapp e receba as principais not\u00edcias da regi\u00e3o de Ara\u00e7atuba do dia direto no seu celular.<\/strong>\u00a0<a href=\"https:\/\/chat.whatsapp.com\/GsG1XKo0jPOEfjzudWQcml\" target=\"_blank\" rel=\"noreferrer noopener\">\u00a0Clique aqui e se inscreva.<\/a><\/em><\/strong><\/em><\/strong><\/em><\/strong><\/em><\/strong><\/em><\/strong><\/em><\/strong><\/em><\/strong><\/em><\/strong><\/p>\n","protected":false},"excerpt":{"rendered":"<p>Os animais silvestres em atendimento no\u00a0Centro de Triagem e Reabilita\u00e7\u00e3o (Cetras) do Parque Ecol\u00f3gico do Tiet\u00ea, em S\u00e3o Paulo, est\u00e3o recebendo tratamento especial para minimizar os impactos\u00a0das condi\u00e7\u00f5es clim\u00e1ticas dos \u00faltimos dias. Ar-condicionado para os filhotes, \u201cpicol\u00e9\u201d no palito, banho, frutas refrescantes, sombra e muita \u00e1gua fresca s\u00e3o disponibilizados aos bichinhos para minimizar os efeitos &hellip;<\/p>\n","protected":false},"author":1,"featured_media":11902,"comment_status":"open","ping_status":"open","sticky":false,"template":"","format":"standard","meta":{"_jetpack_memberships_contains_paid_content":false,"footnotes":"","jetpack_publicize_message":"","jetpack_publicize_feature_enabled":true,"jetpack_social_post_already_shared":false,"jetpack_social_options":{"image_generator_settings":{"template":"highway","default_image_id":0,"enabled":false},"version":2}},"categories":[4],"tags":[],"class_list":["post-11901","post","type-post","status-publish","format-standard","has-post-thumbnail","hentry","category-regiao"],"jetpack_publicize_connections":[],"jetpack_featured_media_url":"https:\/\/i0.wp.com\/www.paparazzinews.com.br\/wp-content\/uploads\/2024\/09\/Cetras-quati-calor-1536x1024-1.jpg?fit=1536%2C1024&ssl=1","views":"2072","jetpack_likes_enabled":true,"jetpack_sharing_enabled":true,"_links":{"self":[{"href":"https:\/\/www.paparazzinews.com.br\/index.php?rest_route=\/wp\/v2\/posts\/11901","targetHints":{"allow":["GET"]}}],"collection":[{"href":"https:\/\/www.paparazzinews.com.br\/index.php?rest_route=\/wp\/v2\/posts"}],"about":[{"href":"https:\/\/www.paparazzinews.com.br\/index.php?rest_route=\/wp\/v2\/types\/post"}],"author":[{"embeddable":true,"href":"https:\/\/www.paparazzinews.com.br\/index.php?rest_route=\/wp\/v2\/users\/1"}],"replies":[{"embeddable":true,"href":"https:\/\/www.paparazzinews.com.br\/index.php?rest_route=%2Fwp%2Fv2%2Fcomments&post=11901"}],"version-history":[{"count":1,"href":"https:\/\/www.paparazzinews.com.br\/index.php?rest_route=\/wp\/v2\/posts\/11901\/revisions"}],"predecessor-version":[{"id":11903,"href":"https:\/\/www.paparazzinews.com.br\/index.php?rest_route=\/wp\/v2\/posts\/11901\/revisions\/11903"}],"wp:featuredmedia":[{"embeddable":true,"href":"https:\/\/www.paparazzinews.com.br\/index.php?rest_route=\/wp\/v2\/media\/11902"}],"wp:attachment":[{"href":"https:\/\/www.paparazzinews.com.br\/index.php?rest_route=%2Fwp%2Fv2%2Fmedia&parent=11901"}],"wp:term":[{"taxonomy":"category","embeddable":true,"href":"https:\/\/www.paparazzinews.com.br\/index.php?rest_route=%2Fwp%2Fv2%2Fcategories&post=11901"},{"taxonomy":"post_tag","embeddable":true,"href":"https:\/\/www.paparazzinews.com.br\/index.php?rest_route=%2Fwp%2Fv2%2Ftags&post=11901"}],"curies":[{"name":"wp","href":"https:\/\/api.w.org\/{rel}","templated":true}]}}