{"id":11898,"date":"2024-09-16T16:16:21","date_gmt":"2024-09-16T19:16:21","guid":{"rendered":"https:\/\/www.paparazzinews.com.br\/?p=11898"},"modified":"2024-09-16T16:16:22","modified_gmt":"2024-09-16T19:16:22","slug":"fogo-queimadas-sp-usa-14-aeronaves-simultaneamente-e-faz-maior-operacao-aerea-da-historia-do-estado","status":"publish","type":"post","link":"https:\/\/www.paparazzinews.com.br\/?p=11898","title":{"rendered":"FOGO: Queimadas: SP usa 14 aeronaves simultaneamente e faz maior opera\u00e7\u00e3o a\u00e9rea da hist\u00f3ria do estado"},"content":{"rendered":"\n<p>O Governo de S\u00e3o Paulo realizou na quinta-feira (12) a maior opera\u00e7\u00e3o a\u00e9rea de sua hist\u00f3ria com o emprego simult\u00e2neo de 14 aeronaves para o combate a inc\u00eandios em diferentes regi\u00f5es do estado. A informa\u00e7\u00e3o \u00e9 da Ag\u00eancia SP.<\/p>\n\n\n\n<p>No pico da opera\u00e7\u00e3o a\u00e9rea do Gabinete de Crise, montado para monitorar e coordenar as a\u00e7\u00f5es de preven\u00e7\u00e3o e combate \u00e0s chamas, foram utilizadas quatro aeronaves de asa fixa e outros dez helic\u00f3pteros, que atuaram no enfrentamento a queimadas em 22 munic\u00edpios.<\/p>\n\n\n\n<p>J\u00e1 nesta sexta-feira (13), at\u00e9 o in\u00edcio da tarde, eram 10 aeronaves atuando nos trabalhos de controle das chamas em 17 munic\u00edpios paulistas, de acordo com a Defesa Civil.<\/p>\n\n\n\n<p>No in\u00edcio do m\u00eas, o Estado liberou R$ 5,9 milh\u00f5es adicionais para a contrata\u00e7\u00e3o de 120 horas de voo de monitoramento e 300 de combate a\u00e9reo, somando 420 horas.<\/p>\n\n\n\n<p>O refor\u00e7o se somou \u00e0s outras 1.400 horas de voo j\u00e1 contratadas pela Secretaria de Meio Ambiente, Infraestrutura e Log\u00edstica (<a href=\"https:\/\/semil.sp.gov.br\/\">Semil<\/a>) e pela Defesa Civil para atuar nas queimadas. Ao todo, o estado conta com 20 aeronaves \u00e0 disposi\u00e7\u00e3o.<\/p>\n\n\n\n<p>Desde o ano passado, a gest\u00e3o estadual investiu mais de R$ 170 milh\u00f5es no \u00e2mbito da Opera\u00e7\u00e3o SP Sem Fogo. Al\u00e9m disso, o governo paulista aplicou mais R$ 152 milh\u00f5es na compra de 125 viaturas para o Corpo de Bombeiros e na aquisi\u00e7\u00e3o de ve\u00edculos e equipamentos para a Defesa Civil atuar no enfrentamento ao fogo.<\/p>\n\n\n\n<h2 class=\"wp-block-heading\">\u00c1guia da PM atende mais de 50 munic\u00edpios<\/h2>\n\n\n\n<p>Considerando apenas o combate feito pelas aeronaves do Comando de Avia\u00e7\u00e3o da Pol\u00edcia Militar, entre 8 de agosto e 12 de setembro, foram empregados 14 helic\u00f3pteros \u00c1guias em 56 cidades. Foram mais de 760 mil litros de \u00e1gua despejados pelas aeronaves para controlar as chamas.<\/p>\n\n\n\n<p>Nesta quinta-feira, o uso do \u00c1guia impediu que o fogo chegasse nas resid\u00eancias que ficavam nas proximidades na Serra do Mursa, em Campo Limpo Paulista. O \u00c1guia 21 sobrevoou o local por quase oito horas, totalizando 108 lan\u00e7amentos de \u201cBambi Bucket\u201d \u2014 como \u00e9 chamado o tanque capaz de carregar at\u00e9 500 litros de \u00e1gua para o despejo em focos de inc\u00eandio.<\/p>\n\n\n\n<p>Al\u00e9m disso, a aeronave tamb\u00e9m retirou tr\u00eas pessoas que ficaram sem rota de fuga em um dos picos da serra devido ao fogo.<\/p>\n\n\n\n<p>O apoio tamb\u00e9m foi solicitado em inc\u00eandios ocorridos em S\u00e3o Lu\u00eds do Paraitinga e em Mairipor\u00e3. Em S\u00e3o Lu\u00eds, os focos foram reduzidos significativamente com o empenho do \u00c1guia 14. J\u00e1 na Serra do Cantareira, em Mairipor\u00e3, o \u00c1guia 16 conseguiu minimizar as chamas. No total, foram 114 lan\u00e7amentos de tanques com cinco horas de voo nos dois munic\u00edpios.<\/p>\n\n\n\n<p>Os helic\u00f3pteros da PM s\u00e3o acionados pelos Bombeiros ou pela Defesa Civil, que fazem o monitoramento das \u00e1reas com focos de queimada. Ao serem acionados, sobrevoam o local para reconhecimento do cen\u00e1rio, a fim de definir a melhor estrat\u00e9gia a ser utilizada na ocorr\u00eancia.<\/p>\n\n\n\n<p>O uso dessas aeronaves \u00e9 fundamental, uma vez que conseguem operar em \u00e1reas de dif\u00edcil acesso e atingir focos de queimadas inacess\u00edveis. Os tanques s\u00e3o capazes de direcionar melhor a aplica\u00e7\u00e3o dos jatos de \u00e1gua, controlando o inc\u00eandio de maneira mais eficaz em \u00e1reas espec\u00edficas.<\/p>\n\n\n\n<p>A reposi\u00e7\u00e3o do tanque acontece em fontes de \u00e1guas pr\u00f3ximas, normalmente em lagos, o que tamb\u00e9m facilita o deslocamento do helic\u00f3ptero na opera\u00e7\u00e3o. Desde o in\u00edcio de agosto, foram quase 2 mil lan\u00e7amentos em&nbsp;todo&nbsp;o&nbsp;estado.<\/p>\n\n\n\n<p><strong><em><strong><em><strong><em><strong><em><strong><em><strong><em><strong><em><strong><em><strong>Siga nossas redes sociais no\u00a0<a href=\"https:\/\/www.instagram.com\/ronipaparazzi\/\">Instagram\u00a0<\/a>e\u00a0<a href=\"https:\/\/www.facebook.com\/ronipaparazzicomvoce\">Facebook<\/a>\u00a0participe da nossa comunidade do Canal Roni Paparazzi no Whatsapp e receba as principais not\u00edcias da regi\u00e3o de Ara\u00e7atuba do dia direto no seu celular.<\/strong>\u00a0<a href=\"https:\/\/chat.whatsapp.com\/GsG1XKo0jPOEfjzudWQcml\" target=\"_blank\" rel=\"noreferrer noopener\">\u00a0Clique aqui e se inscreva.<\/a><\/em><\/strong><\/em><\/strong><\/em><\/strong><\/em><\/strong><\/em><\/strong><\/em><\/strong><\/em><\/strong><\/em><\/strong><\/p>\n","protected":false},"excerpt":{"rendered":"<p>O Governo de S\u00e3o Paulo realizou na quinta-feira (12) a maior opera\u00e7\u00e3o a\u00e9rea de sua hist\u00f3ria com o emprego simult\u00e2neo de 14 aeronaves para o combate a inc\u00eandios em diferentes regi\u00f5es do estado. A informa\u00e7\u00e3o \u00e9 da Ag\u00eancia SP. No pico da opera\u00e7\u00e3o a\u00e9rea do Gabinete de Crise, montado para monitorar e coordenar as a\u00e7\u00f5es &hellip;<\/p>\n","protected":false},"author":1,"featured_media":11899,"comment_status":"open","ping_status":"open","sticky":false,"template":"","format":"standard","meta":{"_jetpack_memberships_contains_paid_content":false,"footnotes":"","jetpack_publicize_message":"","jetpack_publicize_feature_enabled":true,"jetpack_social_post_already_shared":false,"jetpack_social_options":{"image_generator_settings":{"template":"highway","default_image_id":0,"enabled":false},"version":2}},"categories":[3],"tags":[],"class_list":["post-11898","post","type-post","status-publish","format-standard","has-post-thumbnail","hentry","category-policial"],"jetpack_publicize_connections":[],"jetpack_featured_media_url":"https:\/\/i0.wp.com\/www.paparazzinews.com.br\/wp-content\/uploads\/2024\/09\/53975276212_5e6a1c7b16_k-e1726253525149-1536x903-1.jpg?fit=1536%2C903&ssl=1","views":"2037","jetpack_likes_enabled":true,"jetpack_sharing_enabled":true,"_links":{"self":[{"href":"https:\/\/www.paparazzinews.com.br\/index.php?rest_route=\/wp\/v2\/posts\/11898","targetHints":{"allow":["GET"]}}],"collection":[{"href":"https:\/\/www.paparazzinews.com.br\/index.php?rest_route=\/wp\/v2\/posts"}],"about":[{"href":"https:\/\/www.paparazzinews.com.br\/index.php?rest_route=\/wp\/v2\/types\/post"}],"author":[{"embeddable":true,"href":"https:\/\/www.paparazzinews.com.br\/index.php?rest_route=\/wp\/v2\/users\/1"}],"replies":[{"embeddable":true,"href":"https:\/\/www.paparazzinews.com.br\/index.php?rest_route=%2Fwp%2Fv2%2Fcomments&post=11898"}],"version-history":[{"count":1,"href":"https:\/\/www.paparazzinews.com.br\/index.php?rest_route=\/wp\/v2\/posts\/11898\/revisions"}],"predecessor-version":[{"id":11900,"href":"https:\/\/www.paparazzinews.com.br\/index.php?rest_route=\/wp\/v2\/posts\/11898\/revisions\/11900"}],"wp:featuredmedia":[{"embeddable":true,"href":"https:\/\/www.paparazzinews.com.br\/index.php?rest_route=\/wp\/v2\/media\/11899"}],"wp:attachment":[{"href":"https:\/\/www.paparazzinews.com.br\/index.php?rest_route=%2Fwp%2Fv2%2Fmedia&parent=11898"}],"wp:term":[{"taxonomy":"category","embeddable":true,"href":"https:\/\/www.paparazzinews.com.br\/index.php?rest_route=%2Fwp%2Fv2%2Fcategories&post=11898"},{"taxonomy":"post_tag","embeddable":true,"href":"https:\/\/www.paparazzinews.com.br\/index.php?rest_route=%2Fwp%2Fv2%2Ftags&post=11898"}],"curies":[{"name":"wp","href":"https:\/\/api.w.org\/{rel}","templated":true}]}}