{"id":11861,"date":"2024-09-11T16:03:38","date_gmt":"2024-09-11T19:03:38","guid":{"rendered":"https:\/\/www.paparazzinews.com.br\/?p=11861"},"modified":"2024-09-11T16:03:39","modified_gmt":"2024-09-11T19:03:39","slug":"projeto-da-policia-penal-e-aprovado-na-assembleia-legislativa-de-sp","status":"publish","type":"post","link":"https:\/\/www.paparazzinews.com.br\/?p=11861","title":{"rendered":"Projeto da Pol\u00edcia Penal \u00e9 aprovado na Assembleia Legislativa de SP"},"content":{"rendered":"\n<p>Foi aprovado na ter\u00e7a-feira (10) o Projeto de Lei Complementar (PLC) 37\/2024 que cria a Pol\u00edcia Penal no estado de S\u00e3o Paulo. Al\u00e9m de unificar as categorias de Agente de Seguran\u00e7a Penitenci\u00e1ria (ASP) e Agente de Escolta e Vigil\u00e2ncia Penitenci\u00e1ria (AEVP) em uma \u00fanica carreira, a nova legisla\u00e7\u00e3o estabelece a Pol\u00edcia Penal como \u00f3rg\u00e3o permanente de seguran\u00e7a p\u00fablica, elevando-a ao mesmo patamar de import\u00e2ncia das pol\u00edcias Militar, Civil e T\u00e9cnico-Cient\u00edfica. A informa\u00e7\u00e3o \u00e9 da Ag\u00eancia SP.<\/p>\n\n\n\n<p>O PLC foi aprovado na sess\u00e3o extraordin\u00e1ria n\u00ba 47 com 75 votos. Agora, o governador Tarc\u00edsio de Freitas tem 15 dias \u00fateis para an\u00e1lise, podendo vetar ou sancionar as mudan\u00e7as propostas pela Alesp. A Secretaria de Administra\u00e7\u00e3o Penitenci\u00e1ria (SAP) tem atualmente a cust\u00f3dia de 201.233 presos, entre 182 unidades na capital e no interior do estado.<\/p>\n\n\n\n<p>A nova fun\u00e7\u00e3o dentro da Pol\u00edcia Penal ter\u00e1 reajuste salarial em rela\u00e7\u00e3o aos cargos anteriores. Em m\u00e9dia, os reajustes ser\u00e3o de 23% para os antigos ASPs e de 33% para os antigos AEVPs. Fun\u00e7\u00f5es de confian\u00e7a, como diretores de diversos n\u00edveis, tamb\u00e9m receber\u00e3o remunera\u00e7\u00e3o superior \u00e0 praticada atualmente. A Corregedoria ter\u00e1 exclusivamente policiais penais e sistema de remunera\u00e7\u00e3o conforme determina\u00e7\u00e3o da Constitui\u00e7\u00e3o Federal.<\/p>\n\n\n\n<p>A Pol\u00edcia Penal e sua Corregedoria ser\u00e3o dirigidos por servidores de carreira policial. Para ingresso na nova institui\u00e7\u00e3o, os candidatos dever\u00e3o ter n\u00edvel superior de ensino. Qualifica\u00e7\u00e3o e especializa\u00e7\u00e3o tamb\u00e9m ser\u00e3o aspectos valorizados para a progress\u00e3o de carreira.<\/p>\n\n\n\n<p>\u201cDesde o in\u00edcio da gest\u00e3o, o Governo do Estado de S\u00e3o Paulo n\u00e3o mediu esfor\u00e7os para que a Lei de cria\u00e7\u00e3o e organiza\u00e7\u00e3o da Pol\u00edcia Penal fosse constru\u00edda da melhor forma poss\u00edvel, primeiro com a participa\u00e7\u00e3o efetiva do corpo funcional e dos sindicatos . Num segundo momento, integrando Gest\u00e3o e Governo Digital, Fazenda, Procuradoria do Estado e Casa Civil at\u00e9, finalmente, ser apresentado \u00e0 Alesp, que, hoje, a aprovou. Fruto do di\u00e1logo e do firme empenho em conduzir S\u00e3o Paulo na dire\u00e7\u00e3o certa.\u201d esclareceu o secret\u00e1rio da SAP, Marcello Streifinger.<\/p>\n\n\n\n<p><strong><em><strong><em><strong><em><strong><em><strong><em><strong><em><strong><em><strong><em><strong>Siga nossas redes sociais no\u00a0<a href=\"https:\/\/www.instagram.com\/ronipaparazzi\/\">Instagram\u00a0<\/a>e\u00a0<a href=\"https:\/\/www.facebook.com\/ronipaparazzicomvoce\">Facebook<\/a>\u00a0participe da nossa comunidade do Canal Roni Paparazzi no Whatsapp e receba as principais not\u00edcias da regi\u00e3o de Ara\u00e7atuba do dia direto no seu celular.<\/strong>\u00a0<a href=\"https:\/\/chat.whatsapp.com\/GsG1XKo0jPOEfjzudWQcml\" target=\"_blank\" rel=\"noreferrer noopener\">\u00a0Clique aqui e se inscreva.<\/a><\/em><\/strong><\/em><\/strong><\/em><\/strong><\/em><\/strong><\/em><\/strong><\/em><\/strong><\/em><\/strong><\/em><\/strong><\/p>\n","protected":false},"excerpt":{"rendered":"<p>Foi aprovado na ter\u00e7a-feira (10) o Projeto de Lei Complementar (PLC) 37\/2024 que cria a Pol\u00edcia Penal no estado de S\u00e3o Paulo. Al\u00e9m de unificar as categorias de Agente de Seguran\u00e7a Penitenci\u00e1ria (ASP) e Agente de Escolta e Vigil\u00e2ncia Penitenci\u00e1ria (AEVP) em uma \u00fanica carreira, a nova legisla\u00e7\u00e3o estabelece a Pol\u00edcia Penal como \u00f3rg\u00e3o permanente &hellip;<\/p>\n","protected":false},"author":1,"featured_media":11862,"comment_status":"open","ping_status":"open","sticky":false,"template":"","format":"standard","meta":{"_jetpack_memberships_contains_paid_content":false,"footnotes":"","jetpack_publicize_message":"","jetpack_publicize_feature_enabled":true,"jetpack_social_post_already_shared":false,"jetpack_social_options":{"image_generator_settings":{"template":"highway","default_image_id":0,"enabled":false},"version":2}},"categories":[4],"tags":[],"class_list":["post-11861","post","type-post","status-publish","format-standard","has-post-thumbnail","hentry","category-regiao"],"jetpack_publicize_connections":[],"jetpack_featured_media_url":"https:\/\/i0.wp.com\/www.paparazzinews.com.br\/wp-content\/uploads\/2024\/09\/WhatsApp-Image-2024-08-02-at-16.17.18-3-1536x1023-1.jpeg?fit=1536%2C1023&ssl=1","views":"1966","jetpack_likes_enabled":true,"jetpack_sharing_enabled":true,"_links":{"self":[{"href":"https:\/\/www.paparazzinews.com.br\/index.php?rest_route=\/wp\/v2\/posts\/11861","targetHints":{"allow":["GET"]}}],"collection":[{"href":"https:\/\/www.paparazzinews.com.br\/index.php?rest_route=\/wp\/v2\/posts"}],"about":[{"href":"https:\/\/www.paparazzinews.com.br\/index.php?rest_route=\/wp\/v2\/types\/post"}],"author":[{"embeddable":true,"href":"https:\/\/www.paparazzinews.com.br\/index.php?rest_route=\/wp\/v2\/users\/1"}],"replies":[{"embeddable":true,"href":"https:\/\/www.paparazzinews.com.br\/index.php?rest_route=%2Fwp%2Fv2%2Fcomments&post=11861"}],"version-history":[{"count":1,"href":"https:\/\/www.paparazzinews.com.br\/index.php?rest_route=\/wp\/v2\/posts\/11861\/revisions"}],"predecessor-version":[{"id":11863,"href":"https:\/\/www.paparazzinews.com.br\/index.php?rest_route=\/wp\/v2\/posts\/11861\/revisions\/11863"}],"wp:featuredmedia":[{"embeddable":true,"href":"https:\/\/www.paparazzinews.com.br\/index.php?rest_route=\/wp\/v2\/media\/11862"}],"wp:attachment":[{"href":"https:\/\/www.paparazzinews.com.br\/index.php?rest_route=%2Fwp%2Fv2%2Fmedia&parent=11861"}],"wp:term":[{"taxonomy":"category","embeddable":true,"href":"https:\/\/www.paparazzinews.com.br\/index.php?rest_route=%2Fwp%2Fv2%2Fcategories&post=11861"},{"taxonomy":"post_tag","embeddable":true,"href":"https:\/\/www.paparazzinews.com.br\/index.php?rest_route=%2Fwp%2Fv2%2Ftags&post=11861"}],"curies":[{"name":"wp","href":"https:\/\/api.w.org\/{rel}","templated":true}]}}