{"id":11855,"date":"2024-09-11T15:59:20","date_gmt":"2024-09-11T18:59:20","guid":{"rendered":"https:\/\/www.paparazzinews.com.br\/?p=11855"},"modified":"2024-09-11T15:59:21","modified_gmt":"2024-09-11T18:59:21","slug":"incendios-e-seca-especialista-da-usp-alerta-para-cuidados-com-os-olhos","status":"publish","type":"post","link":"https:\/\/www.paparazzinews.com.br\/?p=11855","title":{"rendered":"Inc\u00eandios e seca: especialista da USP alerta para cuidados com os olhos"},"content":{"rendered":"\n<p>Com a ocorr\u00eancia de inc\u00eandios, a baixa qualidade do ar e o aumento da polui\u00e7\u00e3o no estado de S\u00e3o Paulo, a popula\u00e7\u00e3o deve ficar atenta \u00e0 sa\u00fade dos olhos. De acordo com Eduardo Rocha, graduado em medicina, com resid\u00eancia em oftalmologia, p\u00f3s-doutorado na Harvard Medical School e doutorado em Cl\u00ednica M\u00e9dica pela Unicamp, os olhos s\u00e3o capazes de sentir a temperatura, a umidade e a secura do ambiente, assim como a presen\u00e7a de subst\u00e2ncias irritantes suspensas no ar. Assim, eles alertam esse desconforto por meio de dor, inflama\u00e7\u00e3o, vermelhid\u00e3o, lacrimejamento ou emba\u00e7amento visual. A informa\u00e7\u00e3o \u00e9 da Ag\u00eancia SP.<\/p>\n\n\n\n<p>\u201cAs sensa\u00e7\u00f5es desagrad\u00e1veis causadas pelas queimadas na zona rural, mesmo estando na cidade, s\u00e3o percebidas tanto pela pele como pela garganta, nosso trato digest\u00f3rio e respirat\u00f3rio, mas os olhos possuem essa grande sensibilidade a esses agentes poluentes, que s\u00e3o uma amea\u00e7a geral para a sa\u00fade. A gente est\u00e1 enxergando o ar desfavor\u00e1vel e essa percep\u00e7\u00e3o \u00e9 muito r\u00e1pida. A resposta de fechar os olhos, lacrimejar, inchar, como uma tentativa de afastar o agente irritante, s\u00e3o quase que imediatos\u201d, diz Eduardo Rocha. \u201cO problema \u00e9 que, nas \u00faltimas semanas, a gente est\u00e1 vivendo esse desconforto intenso e prolongado diante de tantas queimadas.\u201d<\/p>\n\n\n\n<p>Para aliviar esse desconforto visual, o especialista recomenda medidas como hidrata\u00e7\u00e3o e umedecimento dos olhos. Segundo ele, isso pode ser feito com soro fisiol\u00f3gico e col\u00edrios lubrificantes. Al\u00e9m disso, ele indica o uso de \u00f3culos para ter uma barreira contra vento excessivo, fuma\u00e7a e part\u00edculas que possam cair nos olhos, compressas de gelo por alguns minutos sobre os olhos fechados e um repouso adequado no final do dia para descansar e recuperar os olhos irritados.<\/p>\n\n\n\n<h2 class=\"wp-block-heading\">Outros riscos \u00e0 sa\u00fade<\/h2>\n\n\n\n<p>Inalar fuma\u00e7a e fuligem das queimadas pode agravar&nbsp;<a href=\"https:\/\/www.agenciasp.sp.gov.br\/queimadas-e-tempo-seco-especialista-alerta-para-cuidados-com-a-saude\/\">crises de asma, aumentar o risco de inflama\u00e7\u00e3o nos pulm\u00f5es e irritar as mucosas<\/a>, a pele e os olhos, o que pode evoluir para uma conjuntivite bacteriana. No nariz, os poluentes causam inflama\u00e7\u00e3o, acarretando em quadros de rinite e sinusite, ressalta Thiago Nogueira, professor Doutor do Departamento de Sa\u00fade Ambiental da Faculdade de Sa\u00fade P\u00fablica da USP.<\/p>\n\n\n\n<p>Ele explica que, al\u00e9m dos efeitos de curto prazo, a exposi\u00e7\u00e3o prolongada \u00e0 polui\u00e7\u00e3o do ar pode causar problemas mais graves a m\u00e9dio e longo prazo, como c\u00e2ncer de pulm\u00e3o, doen\u00e7as card\u00edacas e at\u00e9 cerebrais. Quando expostos \u00e0 fuma\u00e7a das queimadas, os pulm\u00f5es entram em contato com poluentes na forma de part\u00edculas finas, que podem penetrar no sistema respirat\u00f3rio.<\/p>\n\n\n\n<p>As subst\u00e2ncias tamb\u00e9m irritam os tecidos pulmonares, causando inflama\u00e7\u00e3o e reduzindo a capacidade dos pulm\u00f5es de transportar oxig\u00eanio para o sangue, o que pode levar a problemas respirat\u00f3rios cr\u00f4nicos como bronquite e asma, al\u00e9m de aumentar o risco de danos permanentes ao tecido pulmonar. De acordo com o professor, isso contribui para o desenvolvimento de doen\u00e7as como enfisema pulmonar.<\/p>\n\n\n\n<h2 class=\"wp-block-heading\">Quem s\u00e3o os mais afetados<\/h2>\n\n\n\n<p>Crian\u00e7as e idosos s\u00e3o mais vulner\u00e1veis a sofrer impactos na sa\u00fade em inc\u00eandios, com o sistema respirat\u00f3rio, cardiovascular, olhos e a pele menos protegidos.<\/p>\n\n\n\n<p>De acordo com Nogueira, as crian\u00e7as s\u00e3o mais sens\u00edveis devido ao seu sistema imunol\u00f3gico ainda estar em desenvolvimento. \u201cAl\u00e9m disso, as crian\u00e7as t\u00eam uma taxa de respira\u00e7\u00e3o maior do que a taxa de respira\u00e7\u00e3o dos adultos e, por isso, inalam uma quantidade maior de ar polu\u00eddo.\u201d<\/p>\n\n\n\n<p>Ainda segundo o especialista, os idosos s\u00e3o mais impactados pelo fato de, muitas vezes, possu\u00edrem doen\u00e7as pr\u00e9-existentes, sejam elas respirat\u00f3rias ou card\u00edacas, o que fragiliza o sistema imunol\u00f3gico, que \u00e9 o mecanismo de defesa do organismo.<\/p>\n\n\n\n<p>Al\u00e9m disso, pessoas com asma, doen\u00e7as pulmonares cr\u00f4nicas, sinusite, rinite al\u00e9rgica e doen\u00e7as cardiovasculares tamb\u00e9m devem ficar atentas.<\/p>\n\n\n\n<p>\u201cPessoas com problemas card\u00edacos, respirat\u00f3rios ou imunol\u00f3gicos devem tomar mais cuidado, pois s\u00e3o as que mais sofrem nesse per\u00edodo. Elas devem evitar atividades f\u00edsicas em hor\u00e1rios de elevados n\u00edveis de polui\u00e7\u00e3o do ar\u201d, afirma o professor, ressaltando a import\u00e2ncia de se manter os medicamentos prescritos sempre dispon\u00edveis em casos de crises agudas.<\/p>\n\n\n\n<h2 class=\"wp-block-heading\">Recomenda\u00e7\u00f5es de sa\u00fade<\/h2>\n\n\n\n<p>A principal recomenda\u00e7\u00e3o \u00e9 que pessoas com doen\u00e7as card\u00edacas ou pulmonares, al\u00e9m de idosos e crian\u00e7as, evitem esfor\u00e7o f\u00edsico pesado ao ar livre. Tamb\u00e9m \u00e9 recomendado beber bastante \u00e1gua para manter a hidrata\u00e7\u00e3o do organismo e das vias a\u00e9reas, lavar nariz e olhos e evitar locais com concentra\u00e7\u00e3o de fuma\u00e7a.<\/p>\n\n\n\n<p>Para quem estiver dentro de casa, a orienta\u00e7\u00e3o \u00e9 que permane\u00e7a em local ventilado. Equipamentos como purificadores de ar ajudam a manter a umidade.<\/p>\n\n\n\n<p>\u201cOutra recomenda\u00e7\u00e3o \u00e9 que as portas e janelas permane\u00e7am fechadas durante os hor\u00e1rios com elevadas concentra\u00e7\u00f5es de polui\u00e7\u00e3o, para reduzir a entrada dessas part\u00edculas de fora para dentro das resid\u00eancias\u201d, explica Nogueira.<\/p>\n\n\n\n<p>O especialista em sa\u00fade p\u00fablica recomenda o uso de m\u00e1scaras cir\u00fargicas, preferencialmente do tipo PFF2 ou N95, em regi\u00f5es com grande incid\u00eancia de queimadas. \u201cOu mesmo len\u00e7os de pano para reduzir a exposi\u00e7\u00e3o \u00e0s part\u00edculas mais grossas, especialmente para quem mora pr\u00f3ximo a locais de inc\u00eandio, de forma a diminuir o desconforto das vias a\u00e9reas superiores\u201d, afirma.<\/p>\n\n\n\n<p><strong><em><strong><em><strong><em><strong><em><strong><em><strong><em><strong><em><strong><em><strong>Siga nossas redes sociais no\u00a0<a href=\"https:\/\/www.instagram.com\/ronipaparazzi\/\">Instagram\u00a0<\/a>e\u00a0<a href=\"https:\/\/www.facebook.com\/ronipaparazzicomvoce\">Facebook<\/a>\u00a0participe da nossa comunidade do Canal Roni Paparazzi no Whatsapp e receba as principais not\u00edcias da regi\u00e3o de Ara\u00e7atuba do dia direto no seu celular.<\/strong>\u00a0<a href=\"https:\/\/chat.whatsapp.com\/GsG1XKo0jPOEfjzudWQcml\" target=\"_blank\" rel=\"noreferrer noopener\">\u00a0Clique aqui e se inscreva.<\/a><\/em><\/strong><\/em><\/strong><\/em><\/strong><\/em><\/strong><\/em><\/strong><\/em><\/strong><\/em><\/strong><\/em><\/strong><\/p>\n","protected":false},"excerpt":{"rendered":"<p>Com a ocorr\u00eancia de inc\u00eandios, a baixa qualidade do ar e o aumento da polui\u00e7\u00e3o no estado de S\u00e3o Paulo, a popula\u00e7\u00e3o deve ficar atenta \u00e0 sa\u00fade dos olhos. De acordo com Eduardo Rocha, graduado em medicina, com resid\u00eancia em oftalmologia, p\u00f3s-doutorado na Harvard Medical School e doutorado em Cl\u00ednica M\u00e9dica pela Unicamp, os olhos &hellip;<\/p>\n","protected":false},"author":1,"featured_media":11856,"comment_status":"open","ping_status":"open","sticky":false,"template":"","format":"standard","meta":{"_jetpack_memberships_contains_paid_content":false,"footnotes":"","jetpack_publicize_message":"","jetpack_publicize_feature_enabled":true,"jetpack_social_post_already_shared":false,"jetpack_social_options":{"image_generator_settings":{"template":"highway","default_image_id":0,"enabled":false},"version":2}},"categories":[4],"tags":[],"class_list":["post-11855","post","type-post","status-publish","format-standard","has-post-thumbnail","hentry","category-regiao"],"jetpack_publicize_connections":[],"jetpack_featured_media_url":"https:\/\/i0.wp.com\/www.paparazzinews.com.br\/wp-content\/uploads\/2024\/09\/DSC9490_copy-1536x811-1.jpg?fit=1536%2C811&ssl=1","views":"2094","jetpack_likes_enabled":true,"jetpack_sharing_enabled":true,"_links":{"self":[{"href":"https:\/\/www.paparazzinews.com.br\/index.php?rest_route=\/wp\/v2\/posts\/11855","targetHints":{"allow":["GET"]}}],"collection":[{"href":"https:\/\/www.paparazzinews.com.br\/index.php?rest_route=\/wp\/v2\/posts"}],"about":[{"href":"https:\/\/www.paparazzinews.com.br\/index.php?rest_route=\/wp\/v2\/types\/post"}],"author":[{"embeddable":true,"href":"https:\/\/www.paparazzinews.com.br\/index.php?rest_route=\/wp\/v2\/users\/1"}],"replies":[{"embeddable":true,"href":"https:\/\/www.paparazzinews.com.br\/index.php?rest_route=%2Fwp%2Fv2%2Fcomments&post=11855"}],"version-history":[{"count":1,"href":"https:\/\/www.paparazzinews.com.br\/index.php?rest_route=\/wp\/v2\/posts\/11855\/revisions"}],"predecessor-version":[{"id":11857,"href":"https:\/\/www.paparazzinews.com.br\/index.php?rest_route=\/wp\/v2\/posts\/11855\/revisions\/11857"}],"wp:featuredmedia":[{"embeddable":true,"href":"https:\/\/www.paparazzinews.com.br\/index.php?rest_route=\/wp\/v2\/media\/11856"}],"wp:attachment":[{"href":"https:\/\/www.paparazzinews.com.br\/index.php?rest_route=%2Fwp%2Fv2%2Fmedia&parent=11855"}],"wp:term":[{"taxonomy":"category","embeddable":true,"href":"https:\/\/www.paparazzinews.com.br\/index.php?rest_route=%2Fwp%2Fv2%2Fcategories&post=11855"},{"taxonomy":"post_tag","embeddable":true,"href":"https:\/\/www.paparazzinews.com.br\/index.php?rest_route=%2Fwp%2Fv2%2Ftags&post=11855"}],"curies":[{"name":"wp","href":"https:\/\/api.w.org\/{rel}","templated":true}]}}