{"id":11846,"date":"2024-09-11T15:48:26","date_gmt":"2024-09-11T18:48:26","guid":{"rendered":"https:\/\/www.paparazzinews.com.br\/?p=11846"},"modified":"2024-09-11T15:48:26","modified_gmt":"2024-09-11T18:48:26","slug":"divulgada-novas-diretrizes-para-enfrentamento-da-piora-da-qualidade-do-ar","status":"publish","type":"post","link":"https:\/\/www.paparazzinews.com.br\/?p=11846","title":{"rendered":"Divulgada novas diretrizes para enfrentamento da piora da qualidade do ar"},"content":{"rendered":"\n<p>Diante do cen\u00e1rio de tempo seco, ocorr\u00eancia de inc\u00eandios e piora na qualidade do ar, o Governo de S\u00e3o Paulo divulgou nesta ter\u00e7a-feira (10) novas orienta\u00e7\u00f5es em sa\u00fade e diretrizes para todo o Estado. A informa\u00e7\u00e3o \u00e9 da Ag\u00eancia SP.<\/p>\n\n\n\n<p>A principal recomenda\u00e7\u00e3o em sa\u00fade \u00e9 que as pessoas evitem atividades f\u00edsicas ao ar livre e aumentem a ingest\u00e3o de \u00e1gua. Entre as medidas anunciadas, a Companhia Ambiental do Estado de S\u00e3o Paulo (Cetesb) suspendeu temporariamente as autoriza\u00e7\u00f5es de queima no estado para a despalha de cana, queima fitossanit\u00e1ria ou para manejo. As duas \u00fanicas exce\u00e7\u00f5es s\u00e3o para a implanta\u00e7\u00e3o de aceiros que evitem a propaga\u00e7\u00e3o do fogo; e para casos de finalidade fitossanit\u00e1ria solicitados diretamente pela Secretaria de Agricultura e Abastecimento.<\/p>\n\n\n\n<p>Segundo o Mapa de Risco de Inc\u00eandio do Estado, h\u00e1 n\u00edvel de emerg\u00eancia para queimadas em quase todo o territ\u00f3rio paulista at\u00e9 o pr\u00f3ximo s\u00e1bado (14). O gabinete de crise montado pela gest\u00e3o estadual no Centro de Gerenciamento de Emerg\u00eancias na Defesa Civil (CGE) segue mobilizado no monitoramento e coordena\u00e7\u00e3o das a\u00e7\u00f5es de preven\u00e7\u00e3o e combate aos inc\u00eandios.<\/p>\n\n\n\n<p>Diante desse cen\u00e1rio, as secretarias de Estado da Sa\u00fade (SES), Meio Ambiente, Infraestrutura e Log\u00edstica (Semil), a Cetesb e a Defesa Civil apontaram que a piora na qualidade do ar ocasionada pelas queimadas \u00e9 agravada pela atua\u00e7\u00e3o de uma massa de ar quente, seco e est\u00e1vel, aliada \u00e0 aus\u00eancia de chuvas, o que dificulta a dispers\u00e3o dos poluentes.<\/p>\n\n\n\n<p>As pastas seguem monitorando e atuando no combate aos focos de inc\u00eandio, medindo a qualidade do ar e avaliando os eventuais riscos \u00e0 sa\u00fade. Todas as recomenda\u00e7\u00f5es ser\u00e3o compartilhadas com os munic\u00edpios paulistas.<\/p>\n\n\n\n<h2 class=\"wp-block-heading\"><strong>Qualidade do ar<\/strong><\/h2>\n\n\n\n<p>A Cetesb conta com uma rede de monitoramento de qualidade do ar composta por 85 esta\u00e7\u00f5es, sendo 63 autom\u00e1ticas e 22 manuais, distribu\u00eddas no territ\u00f3rio paulista. O monitoramento segue os m\u00e9todos de medi\u00e7\u00e3o adotados internacionalmente.<\/p>\n\n\n\n<p>Nos \u00faltimos dias foram observados, de forma abrangente, um n\u00famero elevado de esta\u00e7\u00f5es com qualidade do ar classificada como \u201cMuito Ruim\u201d e \u201cRuim\u201d em decorr\u00eancia de altas concentra\u00e7\u00f5es de part\u00edculas inal\u00e1veis finas (poeira, fuligem e fuma\u00e7a que ficam suspensas na atmosfera em fun\u00e7\u00e3o do seu pequeno tamanho).<\/p>\n\n\n\n<p>Essa situa\u00e7\u00e3o \u00e9 influenciada pelos diversos focos de inc\u00eandios no estado, agravada pelas condi\u00e7\u00f5es meteorol\u00f3gicas desfavor\u00e1veis \u00e0 dispers\u00e3o dos poluentes com atmosfera est\u00e1vel, pouca ventila\u00e7\u00e3o e aus\u00eancia de chuvas.<\/p>\n\n\n\n<h2 class=\"wp-block-heading\"><strong>Recomenda\u00e7\u00f5es em sa\u00fade \u00e0 popula\u00e7\u00e3o<\/strong><\/h2>\n\n\n\n<p>\u2022 A principal recomenda\u00e7\u00e3o, neste momento, \u00e9 de que pessoas evitem atividades f\u00edsicas ao ar livre;<br>\u2022 \u00c9 recomendado aumentar o consumo de \u00e1gua e l\u00edquidos para manter a hidrata\u00e7\u00e3o do organismo e das vias a\u00e9reas;<br>\u2022 Para quem estiver dentro de casa, a orienta\u00e7\u00e3o \u00e9 que mantenham portas e janelas fechadas, para reduzir a entrada de part\u00edculas de fora para dentro das resid\u00eancias;<br>\u2022 Em regi\u00f5es de queimadas, como prote\u00e7\u00e3o adicional, a sugest\u00e3o \u00e9 de, quando sair de casa, utilizar m\u00e1scaras do tipo N95, PFF2 ou P100, que podem reduzir a inala\u00e7\u00e3o de part\u00edculas se usadas corretamente.<\/p>\n\n\n\n<h2 class=\"wp-block-heading\"><strong>Grupos de risco<\/strong><\/h2>\n\n\n\n<p>Crian\u00e7as menores de cinco anos, idosos e gestantes devem ter aten\u00e7\u00e3o redobrada \u00e0s recomenda\u00e7\u00f5es acima, assim como pessoas com comorbidades, as quais devem buscar atendimento m\u00e9dico imediatamente na ocorr\u00eancia de sintomas respirat\u00f3rios.<\/p>\n\n\n\n<p><strong><em><strong><em><strong><em><strong><em><strong><em><strong><em><strong><em><strong><em><strong>Siga nossas redes sociais no\u00a0<a href=\"https:\/\/www.instagram.com\/ronipaparazzi\/\">Instagram\u00a0<\/a>e\u00a0<a href=\"https:\/\/www.facebook.com\/ronipaparazzicomvoce\">Facebook<\/a>\u00a0participe da nossa comunidade do Canal Roni Paparazzi no Whatsapp e receba as principais not\u00edcias da regi\u00e3o de Ara\u00e7atuba do dia direto no seu celular.<\/strong>\u00a0<a href=\"https:\/\/chat.whatsapp.com\/GsG1XKo0jPOEfjzudWQcml\" target=\"_blank\" rel=\"noreferrer noopener\">\u00a0Clique aqui e se inscreva.<\/a><\/em><\/strong><\/em><\/strong><\/em><\/strong><\/em><\/strong><\/em><\/strong><\/em><\/strong><\/em><\/strong><\/em><\/strong><\/p>\n","protected":false},"excerpt":{"rendered":"<p>Diante do cen\u00e1rio de tempo seco, ocorr\u00eancia de inc\u00eandios e piora na qualidade do ar, o Governo de S\u00e3o Paulo divulgou nesta ter\u00e7a-feira (10) novas orienta\u00e7\u00f5es em sa\u00fade e diretrizes para todo o Estado. A informa\u00e7\u00e3o \u00e9 da Ag\u00eancia SP. A principal recomenda\u00e7\u00e3o em sa\u00fade \u00e9 que as pessoas evitem atividades f\u00edsicas ao ar livre &hellip;<\/p>\n","protected":false},"author":1,"featured_media":11847,"comment_status":"open","ping_status":"open","sticky":false,"template":"","format":"standard","meta":{"_jetpack_memberships_contains_paid_content":false,"footnotes":"","jetpack_publicize_message":"","jetpack_publicize_feature_enabled":true,"jetpack_social_post_already_shared":false,"jetpack_social_options":{"image_generator_settings":{"template":"highway","default_image_id":0,"enabled":false},"version":2}},"categories":[4],"tags":[],"class_list":["post-11846","post","type-post","status-publish","format-standard","has-post-thumbnail","hentry","category-regiao"],"jetpack_publicize_connections":[],"jetpack_featured_media_url":"https:\/\/i0.wp.com\/www.paparazzinews.com.br\/wp-content\/uploads\/2024\/09\/Homem-tomando-agua-calor-1536x1024-1.jpg?fit=1536%2C1024&ssl=1","views":"1988","jetpack_likes_enabled":true,"jetpack_sharing_enabled":true,"_links":{"self":[{"href":"https:\/\/www.paparazzinews.com.br\/index.php?rest_route=\/wp\/v2\/posts\/11846","targetHints":{"allow":["GET"]}}],"collection":[{"href":"https:\/\/www.paparazzinews.com.br\/index.php?rest_route=\/wp\/v2\/posts"}],"about":[{"href":"https:\/\/www.paparazzinews.com.br\/index.php?rest_route=\/wp\/v2\/types\/post"}],"author":[{"embeddable":true,"href":"https:\/\/www.paparazzinews.com.br\/index.php?rest_route=\/wp\/v2\/users\/1"}],"replies":[{"embeddable":true,"href":"https:\/\/www.paparazzinews.com.br\/index.php?rest_route=%2Fwp%2Fv2%2Fcomments&post=11846"}],"version-history":[{"count":1,"href":"https:\/\/www.paparazzinews.com.br\/index.php?rest_route=\/wp\/v2\/posts\/11846\/revisions"}],"predecessor-version":[{"id":11848,"href":"https:\/\/www.paparazzinews.com.br\/index.php?rest_route=\/wp\/v2\/posts\/11846\/revisions\/11848"}],"wp:featuredmedia":[{"embeddable":true,"href":"https:\/\/www.paparazzinews.com.br\/index.php?rest_route=\/wp\/v2\/media\/11847"}],"wp:attachment":[{"href":"https:\/\/www.paparazzinews.com.br\/index.php?rest_route=%2Fwp%2Fv2%2Fmedia&parent=11846"}],"wp:term":[{"taxonomy":"category","embeddable":true,"href":"https:\/\/www.paparazzinews.com.br\/index.php?rest_route=%2Fwp%2Fv2%2Fcategories&post=11846"},{"taxonomy":"post_tag","embeddable":true,"href":"https:\/\/www.paparazzinews.com.br\/index.php?rest_route=%2Fwp%2Fv2%2Ftags&post=11846"}],"curies":[{"name":"wp","href":"https:\/\/api.w.org\/{rel}","templated":true}]}}