{"id":11825,"date":"2024-09-10T16:24:07","date_gmt":"2024-09-10T19:24:07","guid":{"rendered":"https:\/\/www.paparazzinews.com.br\/?p=11825"},"modified":"2024-09-10T16:24:08","modified_gmt":"2024-09-10T19:24:08","slug":"especialista-alerta-para-cuidados-com-a-saude-em-meio-a-queimadas-e-tempo-seco","status":"publish","type":"post","link":"https:\/\/www.paparazzinews.com.br\/?p=11825","title":{"rendered":"Especialista alerta para cuidados com a sa\u00fade em meio a queimadas e tempo seco"},"content":{"rendered":"\n<p>O cen\u00e1rio de tempo seco, alta ocorr\u00eancia de inc\u00eandios e baixa qualidade do ar favorecem o aumento de doen\u00e7as respirat\u00f3rias e cardiovasculares. Com as queimadas que atingem diferentes regi\u00f5es do estado, o Governo de S\u00e3o Paulo refor\u00e7a a import\u00e2ncia dos cuidados com a sa\u00fade, especialmente nas crian\u00e7as e nos idosos. A informa\u00e7\u00e3o \u00e9 da Ag\u00eancia SP.<\/p>\n\n\n\n<p>A baixa qualidade do ar ocasionada pelas queimadas se agrava pela atua\u00e7\u00e3o de uma massa de ar quente, seco e est\u00e1vel, aliada \u00e0 aus\u00eancia de chuvas, o que dificulta a dispers\u00e3o dos poluentes. O Mapa de Risco de Inc\u00eandio do \u00f3rg\u00e3o indica n\u00edvel de emerg\u00eancia para queimadas em quase todo o territ\u00f3rio paulista at\u00e9 o pr\u00f3ximo s\u00e1bado (14).<\/p>\n\n\n\n<p>O gabinete de crise montado pela gest\u00e3o estadual no Centro de Gerenciamento de Emerg\u00eancias na Defesa Civil (CGE) segue mobilizado no monitoramento e coordena\u00e7\u00e3o das a\u00e7\u00f5es de preven\u00e7\u00e3o e combate aos inc\u00eandios.<\/p>\n\n\n\n<h2 class=\"wp-block-heading\">Qualidade do ar<\/h2>\n\n\n\n<p>Nesta ter\u00e7a-feira (10), 41 das 57 esta\u00e7\u00f5es medidoras do Estado apontam a qualidade do ar como \u201cruim\u201d ou \u201cmuito ruim\u201d, de acordo com boletim di\u00e1rio da Cetesb.<\/p>\n\n\n\n<p>As classifica\u00e7\u00f5es indicam que toda a popula\u00e7\u00e3o pode apresentar sintomas como tosse seca, cansa\u00e7o, ardor nos olhos, nariz e garganta. Em casos mais graves, podem surgir sintomas como falta de ar e respira\u00e7\u00e3o ofegante. Pessoas de grupos sens\u00edveis \u2014 crian\u00e7as, idosos e pessoas com doen\u00e7as respirat\u00f3rias e card\u00edacas \u2014 podem apresentar efeitos mais s\u00e9rios na sa\u00fade.<\/p>\n\n\n\n<p>\u201cQuando a polui\u00e7\u00e3o do ar \u00e9 somada a esses dias de tempo seco, os efeitos na sa\u00fade podem ser ainda mais graves, pois al\u00e9m desses sintomas pode se agravar ainda mais os problemas respirat\u00f3rios, al\u00e9m de causar problemas card\u00edacos\u201d, afirma Thiago Nogueira, professor Doutor do Departamento de Sa\u00fade Ambiental da Faculdade de Sa\u00fade P\u00fablica da USP.<\/p>\n\n\n\n<p>Para ampliar a capacidade de atendimento, o Governo de S\u00e3o Paulo tem desde o m\u00eas passado um plano emergencial na \u00e1rea da sa\u00fade, especialmente na regi\u00e3o de Ribeir\u00e3o Preto, uma das \u00e1reas mais atingidas pelos inc\u00eandios.<\/p>\n\n\n\n<p>Coordenado pela Secretaria de Estado da Sa\u00fade e o Hospital das Cl\u00ednicas da Faculdade de Medicina de Ribeir\u00e3o Preto (HC-FMRP-USP), o pacote apresentado aos 26 munic\u00edpios da regi\u00e3o prev\u00ea a amplia\u00e7\u00e3o dos servi\u00e7os de telemedicina, com m\u00e9dicos que ficar\u00e3o dispon\u00edveis 24h por dia para orientar as equipes de sa\u00fade e encaminhar os casos mais graves para hospitais de refer\u00eancia.<\/p>\n\n\n\n<h2 class=\"wp-block-heading\">Qual o risco \u00e0 sa\u00fade gerado pelas queimadas?<\/h2>\n\n\n\n<p>Segundo especialistas, inalar fuma\u00e7a e fuligem das queimadas pode agravar crises de asma, aumentar o risco de inflama\u00e7\u00e3o nos pulm\u00f5es e irritar as mucosas, a pele e os olhos, aumentando o risco de conjuntivite bacteriana. No nariz, os poluentes causam inflama\u00e7\u00e3o, acarretando em quadros de rinite e sinusite.<\/p>\n\n\n\n<p>Nogueira ainda explica que, al\u00e9m dos efeitos de curto prazo, a exposi\u00e7\u00e3o prolongada \u00e0 polui\u00e7\u00e3o do ar pode causar problemas mais graves a m\u00e9dio e longo prazo, como c\u00e2ncer de pulm\u00e3o, doen\u00e7as card\u00edacas e at\u00e9 cerebrais. Quando expostos \u00e0 fuma\u00e7a das queimadas, os pulm\u00f5es entram em contato com poluentes na forma de part\u00edculas finas, que podem penetrar no sistema respirat\u00f3rio.<\/p>\n\n\n\n<p>As subst\u00e2ncias tamb\u00e9m irritam os tecidos pulmonares, causando inflama\u00e7\u00e3o e reduzindo a capacidade dos pulm\u00f5es de transportar oxig\u00eanio para o sangue, o que pode levar a problemas respirat\u00f3rios cr\u00f4nicos como bronquite e asma, al\u00e9m de aumentar o risco de danos permanentes ao tecido pulmonar. De acordo com o professor, isso contribui para o desenvolvimento de doen\u00e7as como enfisema pulmonar<\/p>\n\n\n\n<p>\u201cOs cientistas de todo mundo j\u00e1 est\u00e3o convencidos de que a polui\u00e7\u00e3o do ar causa in\u00fameras doen\u00e7as e n\u00e3o somente doen\u00e7as relacionadas ao pulm\u00e3o. A Organiza\u00e7\u00e3o Mundial da Sa\u00fade estima que todos os anos cerca de 8 milh\u00f5es de pessoas morrem prematuramente por conta da polui\u00e7\u00e3o do ar\u201d, diz.<\/p>\n\n\n\n<h2 class=\"wp-block-heading\">Quem s\u00e3o os mais afetados?<\/h2>\n\n\n\n<p>Crian\u00e7as e idosos s\u00e3o mais vulner\u00e1veis a sofrer impactos na sa\u00fade em inc\u00eandios, com o sistema respirat\u00f3rio, cardiovascular, olhos e a pele menos protegidos.<\/p>\n\n\n\n<p>De acordo com Nogueira, as crian\u00e7as s\u00e3o mais sens\u00edveis devido ao seu sistema imunol\u00f3gico ainda estar em desenvolvimento. \u201cAl\u00e9m disso, as crian\u00e7as t\u00eam uma taxa de respira\u00e7\u00e3o maior do que a taxa de respira\u00e7\u00e3o dos adultos e, por isso, inalam uma quantidade maior de ar polu\u00eddo.\u201d<\/p>\n\n\n\n<p>Ainda segundo o especialista, os idosos s\u00e3o mais impactados pelo fato de, muitas vezes, possu\u00edrem doen\u00e7as pr\u00e9-existentes, sejam elas respirat\u00f3rias ou card\u00edacas, o que fragiliza o sistema imunol\u00f3gico, que \u00e9 o mecanismo de defesa do organismo.<\/p>\n\n\n\n<p>Al\u00e9m disso, pessoas com asma, doen\u00e7as pulmonares cr\u00f4nicas, sinusite, rinite al\u00e9rgica e doen\u00e7as cardiovasculares tamb\u00e9m devem ficar atentas.<\/p>\n\n\n\n<p>\u201cPessoas com problemas card\u00edacos, respirat\u00f3rios ou imunol\u00f3gicos devem tomar mais cuidado, pois s\u00e3o as que mais sofrem nesse per\u00edodo. Elas devem evitar atividades f\u00edsicas em hor\u00e1rios de elevados n\u00edveis de polui\u00e7\u00e3o do ar\u201d, afirma o professor, ressaltando a import\u00e2ncia de se manter os medicamentos prescritos sempre dispon\u00edveis em casos de crises agudas.<\/p>\n\n\n\n<h2 class=\"wp-block-heading\">Recomenda\u00e7\u00f5es<\/h2>\n\n\n\n<p>A principal recomenda\u00e7\u00e3o \u00e9 que pessoas com doen\u00e7as card\u00edacas ou pulmonares, al\u00e9m de idosos e crian\u00e7as, evitem esfor\u00e7o f\u00edsico pesado ao ar livre. Tamb\u00e9m \u00e9 recomendado beber bastante \u00e1gua para manter a hidrata\u00e7\u00e3o do organismo e das vias a\u00e9reas, lavar nariz e olhos e evitar locais com concentra\u00e7\u00e3o de fuma\u00e7a.<\/p>\n\n\n\n<p>Para quem estiver dentro de casa, a orienta\u00e7\u00e3o \u00e9 que permane\u00e7a em local ventilado. Equipamentos como purificadores de ar ajudam a manter a umidade.<\/p>\n\n\n\n<p>\u201cOutra recomenda\u00e7\u00e3o \u00e9 que as portas e janelas permane\u00e7am fechadas durante os hor\u00e1rios com elevadas concentra\u00e7\u00f5es de polui\u00e7\u00e3o, para reduzir a entrada dessas part\u00edculas de fora para dentro das resid\u00eancias\u201d, explica Nogueira.<\/p>\n\n\n\n<p>O especialista em sa\u00fade p\u00fablica recomenda o uso de m\u00e1scaras cir\u00fargicas, preferencialmente do tipo PFF2 ou N95, em regi\u00f5es com grande incid\u00eancia de queimadas. \u201cOu mesmo len\u00e7os de pano para reduzir a exposi\u00e7\u00e3o \u00e0s part\u00edculas mais grossas, especialmente para quem mora pr\u00f3ximo a locais de inc\u00eandio, de forma a diminuir o desconforto das vias a\u00e9reas superiores\u201d, afirma.<\/p>\n\n\n\n<h2 class=\"wp-block-heading\">Quando buscar atendimento?<\/h2>\n\n\n\n<p>Os sinais de alerta s\u00e3o falta de ar, dor de cabe\u00e7a, tosse, chiado no peito, sensa\u00e7\u00e3o de amanhecer com os olhos colados (um indicativo de conjuntivite) e dor no est\u00f4mago. Nesses casos, \u00e9 indicado procurar o m\u00e9dico para atendimento o mais r\u00e1pido poss\u00edvel.<\/p>\n\n\n\n<p><strong><em><strong><em><strong><em><strong><em><strong><em><strong><em><strong><em><strong><em><strong>Siga nossas redes sociais no\u00a0<a href=\"https:\/\/www.instagram.com\/ronipaparazzi\/\">Instagram\u00a0<\/a>e\u00a0<a href=\"https:\/\/www.facebook.com\/ronipaparazzicomvoce\">Facebook<\/a>\u00a0participe da nossa comunidade do Canal Roni Paparazzi no Whatsapp e receba as principais not\u00edcias da regi\u00e3o de Ara\u00e7atuba do dia direto no seu celular.<\/strong>\u00a0<a href=\"https:\/\/chat.whatsapp.com\/GsG1XKo0jPOEfjzudWQcml\" target=\"_blank\" rel=\"noreferrer noopener\">\u00a0Clique aqui e se inscreva.<\/a><\/em><\/strong><\/em><\/strong><\/em><\/strong><\/em><\/strong><\/em><\/strong><\/em><\/strong><\/em><\/strong><\/em><\/strong><\/p>\n","protected":false},"excerpt":{"rendered":"<p>O cen\u00e1rio de tempo seco, alta ocorr\u00eancia de inc\u00eandios e baixa qualidade do ar favorecem o aumento de doen\u00e7as respirat\u00f3rias e cardiovasculares. Com as queimadas que atingem diferentes regi\u00f5es do estado, o Governo de S\u00e3o Paulo refor\u00e7a a import\u00e2ncia dos cuidados com a sa\u00fade, especialmente nas crian\u00e7as e nos idosos. A informa\u00e7\u00e3o \u00e9 da Ag\u00eancia &hellip;<\/p>\n","protected":false},"author":1,"featured_media":11826,"comment_status":"open","ping_status":"open","sticky":false,"template":"","format":"standard","meta":{"_jetpack_memberships_contains_paid_content":false,"footnotes":"","jetpack_publicize_message":"","jetpack_publicize_feature_enabled":true,"jetpack_social_post_already_shared":false,"jetpack_social_options":{"image_generator_settings":{"template":"highway","default_image_id":0,"enabled":false},"version":2}},"categories":[4],"tags":[],"class_list":["post-11825","post","type-post","status-publish","format-standard","has-post-thumbnail","hentry","category-regiao"],"jetpack_publicize_connections":[],"jetpack_featured_media_url":"https:\/\/i0.wp.com\/www.paparazzinews.com.br\/wp-content\/uploads\/2024\/09\/53955779332_1ddfac2593_k-1536x1024-1.jpg?fit=1536%2C1024&ssl=1","views":"1993","jetpack_likes_enabled":true,"jetpack_sharing_enabled":true,"_links":{"self":[{"href":"https:\/\/www.paparazzinews.com.br\/index.php?rest_route=\/wp\/v2\/posts\/11825","targetHints":{"allow":["GET"]}}],"collection":[{"href":"https:\/\/www.paparazzinews.com.br\/index.php?rest_route=\/wp\/v2\/posts"}],"about":[{"href":"https:\/\/www.paparazzinews.com.br\/index.php?rest_route=\/wp\/v2\/types\/post"}],"author":[{"embeddable":true,"href":"https:\/\/www.paparazzinews.com.br\/index.php?rest_route=\/wp\/v2\/users\/1"}],"replies":[{"embeddable":true,"href":"https:\/\/www.paparazzinews.com.br\/index.php?rest_route=%2Fwp%2Fv2%2Fcomments&post=11825"}],"version-history":[{"count":1,"href":"https:\/\/www.paparazzinews.com.br\/index.php?rest_route=\/wp\/v2\/posts\/11825\/revisions"}],"predecessor-version":[{"id":11827,"href":"https:\/\/www.paparazzinews.com.br\/index.php?rest_route=\/wp\/v2\/posts\/11825\/revisions\/11827"}],"wp:featuredmedia":[{"embeddable":true,"href":"https:\/\/www.paparazzinews.com.br\/index.php?rest_route=\/wp\/v2\/media\/11826"}],"wp:attachment":[{"href":"https:\/\/www.paparazzinews.com.br\/index.php?rest_route=%2Fwp%2Fv2%2Fmedia&parent=11825"}],"wp:term":[{"taxonomy":"category","embeddable":true,"href":"https:\/\/www.paparazzinews.com.br\/index.php?rest_route=%2Fwp%2Fv2%2Fcategories&post=11825"},{"taxonomy":"post_tag","embeddable":true,"href":"https:\/\/www.paparazzinews.com.br\/index.php?rest_route=%2Fwp%2Fv2%2Ftags&post=11825"}],"curies":[{"name":"wp","href":"https:\/\/api.w.org\/{rel}","templated":true}]}}