{"id":11822,"date":"2024-09-10T16:21:42","date_gmt":"2024-09-10T19:21:42","guid":{"rendered":"https:\/\/www.paparazzinews.com.br\/?p=11822"},"modified":"2024-09-10T16:21:43","modified_gmt":"2024-09-10T19:21:43","slug":"usp-setembro-amarelo-busca-abrir-espaco-para-o-dialogo-sobre-o-sofrimento-mental","status":"publish","type":"post","link":"https:\/\/www.paparazzinews.com.br\/?p=11822","title":{"rendered":"USP: Setembro Amarelo busca abrir espa\u00e7o para o di\u00e1logo sobre o sofrimento mental"},"content":{"rendered":"\n<p>\u201cSe precisar, pe\u00e7a ajuda!\u201d, este \u00e9 o tema da campanha Setembro Amarelo de 2024. A iniciativa busca, mais uma vez, mobilizar a sociedade na luta contra o suic\u00eddio, que continua a ser uma das principais causas de morte evit\u00e1veis no mundo. De acordo com a Organiza\u00e7\u00e3o Mundial da Sa\u00fade, o suic\u00eddio \u00e9 uma quest\u00e3o de sa\u00fade p\u00fablica global, com mais de 700 mil mortes por ano, n\u00famero que pode ultrapassar 1 milh\u00e3o, segundo estimativas, levando em considera\u00e7\u00e3o as subnotifica\u00e7\u00f5es. O m\u00eas \u00e9 escolhido para a campanha anual porque, desde 2003, o dia 10 de setembro \u00e9 o Dia Mundial de Preven\u00e7\u00e3o do Suic\u00eddio. Alan Campos Luciano, psiquiatra e pesquisador do Instituto de Psiquiatria do Hospital das Cl\u00ednicas da Faculdade de Medicina da USP, esclarece o tema.<\/p>\n\n\n\n<p>O Setembro Amarelo tem a fun\u00e7\u00e3o de desestigmatizar as quest\u00f5es em torno do tema da sa\u00fade mental. \u201cA pessoa que est\u00e1 sofrendo tem muita dificuldade de expor esse sofrimento ainda nos dias de hoje por esse estigma, por cren\u00e7as pessoais, de que n\u00e3o deveria estar sentindo isso. A ideia do movimento em setembro \u00e9 fazer com que as pessoas sintam confian\u00e7a na sociedade e se sintam \u00e0 vontade para se comunicar sobre suas quest\u00f5es e da\u00ed conseguir ter a chance de receber ajuda\u201d, afirma.<\/p>\n\n\n\n<h2 class=\"wp-block-heading\"><strong>Canal de comunica\u00e7\u00e3o<\/strong><\/h2>\n\n\n\n<p>O pesquisador explica que o sofrimento normalmente fica escondido com o paciente e \u00e9 percebido pelo especialista indiretamente, atrav\u00e9s de relatos sobre outras quest\u00f5es pessoais.<\/p>\n\n\n\n<p>\u201cNormalmente \u00e9 mais comum isso ficar velado, o pedido de ajuda vem para quadros de depress\u00e3o, de tristeza, de ang\u00fastia, perda de sentido, de vontade de viver, e por isso \u00e9 importante inclusive para os profissionais de sa\u00fade sempre estarem atentos aos sinais. \u00c9 importante construir um canal de comunica\u00e7\u00e3o para abrir o tema, conseguir falar sobre isso, investigar e a partir da\u00ed ajudar o paciente. Vale lembrar tamb\u00e9m que, em algumas situa\u00e7\u00f5es, principalmente nos mais jovens, \u00e0s vezes \u00e9 menos expl\u00edcito ainda, ou seja, vale a pena a gente ficar atento para altera\u00e7\u00f5es de comportamento, para isolamento, retraimento social, diminui\u00e7\u00e3o de atividades, tudo isso pode ser sinal de alerta para algum tipo de sofrimento que pode ser associado a uma ideia de suic\u00eddio\u201d, alerta.<\/p>\n\n\n\n<p>Um dos mitos sociais difundidos no cen\u00e1rio brasileiro \u00e9 o de que \u201cquem fala n\u00e3o faz\u201d, uma cren\u00e7a que sup\u00f5e que as pessoas que denunciam seu sofrimento e exp\u00f5em sua n\u00e3o vontade de viver querem apenas chamar aten\u00e7\u00e3o e n\u00e3o representam nenhum perigo real contra a pr\u00f3pria vida. O professor contesta esse pensamento.<\/p>\n\n\n\n<p>\u201cInfelizmente, \u00e9 muito comum a recidiva, ou seja, as tentativas de suic\u00eddio ap\u00f3s a primeira vez. E, mais do que isso, o maior preditor de suic\u00eddio \u00e9 a tentativa pr\u00e9via. Existe um mito na nossa sociedade de que \u201cquem fala n\u00e3o faz\u201d ou n\u00e3o vai fazer de novo. Temos que desmistificar essa cren\u00e7a e ficar muito atentos, porque infelizmente o que acontece \u00e9 que o risco vai aumentando conforme as novas tentativas acontecem, infelizmente, ainda mais se mal conduzido e se n\u00e3o h\u00e1 um suporte adequado\u201d, comenta.<\/p>\n\n\n\n<p>O professor aponta que \u00e9 necess\u00e1rio enfatizar os cuidados voltados para os jovens que, atualmente, s\u00e3o o grupo mais afetado pelo sofrimento mental. Segundo dados da Fiocruz, a taxa de suic\u00eddio entre jovens cresceu 6% por ano no Brasil entre 2011 a 2022, enquanto as taxas de notifica\u00e7\u00f5es por autoles\u00f5es na faixa et\u00e1ria de 10 a 24 anos de idade evolu\u00edram 29% ao ano no mesmo per\u00edodo.<\/p>\n\n\n\n<p>\u201cOs jovens fazem parte de uma situa\u00e7\u00e3o muito espec\u00edfica, inclusive porque o suic\u00eddio nessa popula\u00e7\u00e3o acaba sendo a terceira causa de morte mais recorrente. Vivemos um momento em que algumas quest\u00f5es sociais s\u00e3o muito potencializadas pela tecnologia. Al\u00e9m disso, o jovem tem menos recursos emocionais, tem menos recursos de comunica\u00e7\u00e3o, por isso \u00e9 importante que os parentes fiquem atentos e sempre tentem estimular uma conduta aberta de comunica\u00e7\u00e3o, de falar sobre o que pode estar incomodando, e no sinal de qualquer altera\u00e7\u00e3o comportamental, de qualquer evid\u00eancia de sofrimento, novamente procurar ajuda profissional\u201d, conclui.<\/p>\n\n\n\n<p><strong><em><strong><em><strong><em><strong><em><strong><em><strong><em><strong><em><strong><em><strong>Siga nossas redes sociais no\u00a0<a href=\"https:\/\/www.instagram.com\/ronipaparazzi\/\">Instagram\u00a0<\/a>e\u00a0<a href=\"https:\/\/www.facebook.com\/ronipaparazzicomvoce\">Facebook<\/a>\u00a0participe da nossa comunidade do Canal Roni Paparazzi no Whatsapp e receba as principais not\u00edcias da regi\u00e3o de Ara\u00e7atuba do dia direto no seu celular.<\/strong>\u00a0<a href=\"https:\/\/chat.whatsapp.com\/GsG1XKo0jPOEfjzudWQcml\" target=\"_blank\" rel=\"noreferrer noopener\">\u00a0Clique aqui e se inscreva.<\/a><\/em><\/strong><\/em><\/strong><\/em><\/strong><\/em><\/strong><\/em><\/strong><\/em><\/strong><\/em><\/strong><\/em><\/strong><\/p>\n","protected":false},"excerpt":{"rendered":"<p>\u201cSe precisar, pe\u00e7a ajuda!\u201d, este \u00e9 o tema da campanha Setembro Amarelo de 2024. A iniciativa busca, mais uma vez, mobilizar a sociedade na luta contra o suic\u00eddio, que continua a ser uma das principais causas de morte evit\u00e1veis no mundo. De acordo com a Organiza\u00e7\u00e3o Mundial da Sa\u00fade, o suic\u00eddio \u00e9 uma quest\u00e3o de &hellip;<\/p>\n","protected":false},"author":1,"featured_media":11823,"comment_status":"open","ping_status":"open","sticky":false,"template":"","format":"standard","meta":{"_jetpack_memberships_contains_paid_content":false,"footnotes":"","jetpack_publicize_message":"","jetpack_publicize_feature_enabled":true,"jetpack_social_post_already_shared":false,"jetpack_social_options":{"image_generator_settings":{"template":"highway","default_image_id":0,"enabled":false},"version":2}},"categories":[4],"tags":[],"class_list":["post-11822","post","type-post","status-publish","format-standard","has-post-thumbnail","hentry","category-regiao"],"jetpack_publicize_connections":[],"jetpack_featured_media_url":"https:\/\/i0.wp.com\/www.paparazzinews.com.br\/wp-content\/uploads\/2024\/09\/Saude.jpeg?fit=1024%2C684&ssl=1","views":"2157","jetpack_likes_enabled":true,"jetpack_sharing_enabled":true,"_links":{"self":[{"href":"https:\/\/www.paparazzinews.com.br\/index.php?rest_route=\/wp\/v2\/posts\/11822","targetHints":{"allow":["GET"]}}],"collection":[{"href":"https:\/\/www.paparazzinews.com.br\/index.php?rest_route=\/wp\/v2\/posts"}],"about":[{"href":"https:\/\/www.paparazzinews.com.br\/index.php?rest_route=\/wp\/v2\/types\/post"}],"author":[{"embeddable":true,"href":"https:\/\/www.paparazzinews.com.br\/index.php?rest_route=\/wp\/v2\/users\/1"}],"replies":[{"embeddable":true,"href":"https:\/\/www.paparazzinews.com.br\/index.php?rest_route=%2Fwp%2Fv2%2Fcomments&post=11822"}],"version-history":[{"count":1,"href":"https:\/\/www.paparazzinews.com.br\/index.php?rest_route=\/wp\/v2\/posts\/11822\/revisions"}],"predecessor-version":[{"id":11824,"href":"https:\/\/www.paparazzinews.com.br\/index.php?rest_route=\/wp\/v2\/posts\/11822\/revisions\/11824"}],"wp:featuredmedia":[{"embeddable":true,"href":"https:\/\/www.paparazzinews.com.br\/index.php?rest_route=\/wp\/v2\/media\/11823"}],"wp:attachment":[{"href":"https:\/\/www.paparazzinews.com.br\/index.php?rest_route=%2Fwp%2Fv2%2Fmedia&parent=11822"}],"wp:term":[{"taxonomy":"category","embeddable":true,"href":"https:\/\/www.paparazzinews.com.br\/index.php?rest_route=%2Fwp%2Fv2%2Fcategories&post=11822"},{"taxonomy":"post_tag","embeddable":true,"href":"https:\/\/www.paparazzinews.com.br\/index.php?rest_route=%2Fwp%2Fv2%2Ftags&post=11822"}],"curies":[{"name":"wp","href":"https:\/\/api.w.org\/{rel}","templated":true}]}}