{"id":11813,"date":"2024-09-10T16:11:07","date_gmt":"2024-09-10T19:11:07","guid":{"rendered":"https:\/\/www.paparazzinews.com.br\/?p=11813"},"modified":"2024-09-10T16:11:08","modified_gmt":"2024-09-10T19:11:08","slug":"detran-sp-anuncia-2-230-veiculos-para-retirada-em-8-cidades-8-215-podem-ir-a-leilao","status":"publish","type":"post","link":"https:\/\/www.paparazzinews.com.br\/?p=11813","title":{"rendered":"Detran-SP anuncia 2.230 ve\u00edculos para retirada em 8 cidades; 8.215 podem ir a leil\u00e3o"},"content":{"rendered":"\n<p>Em oito editais publicados na sexta-feira (6) no Di\u00e1rio Oficial do Estado (DOE), o Departamento Estadual de Tr\u00e2nsito de S\u00e3o Paulo (Detran-SP) notifica propriet\u00e1rios de que seus 2.230 ve\u00edculos est\u00e3o dispon\u00edveis para retirada nas cidades em que foram apreendidos: Ibitinga, It\u00e1polis, Ouroeste, Leme, Suzano, Taquaritinga, Aruj\u00e1 e Santa Isabel. Para resgatar um ve\u00edculo, por\u00e9m, \u00e9 preciso arcar com os d\u00e9bitos a ele associados \u2013 do contr\u00e1rio, o autom\u00f3vel segue para leil\u00e3o. Os ve\u00edculos ficar\u00e3o inteiramente \u00e0 disposi\u00e7\u00e3o por dez dias, ao fim dos quais passam a ser considerados para leil\u00e3o (<em>veja abaixo<\/em>). A informa\u00e7\u00e3o \u00e9 da Ag\u00eancia SP.<\/p>\n\n\n\n<p>Com os oito editais de sexta-feira (6), o Detran-SP encerrou a semana passada com 11 notifica\u00e7\u00f5es, num total de 8.215 ve\u00edculos dispon\u00edveis para retirada. No \u00faltimo dia 2, a autarquia, vinculada \u00e0 Secretaria de Gest\u00e3o e Governo Digital (SGGD), publicou o edital de&nbsp;<a href=\"https:\/\/www.agenciasp.sp.gov.br\/detran-sp-anuncia-5-793-veiculos-para-retirada-sob-pena-de-irem-a-leilao-em-sao-paulo\/\">5.793 ve\u00edculos apreendidos em S\u00e3o Paulo<\/a>&nbsp;e recolhidos a p\u00e1tios da vizinha S\u00e3o Bernardo do Campo. No dia 5, foi a vez de Borborema (83) e Palmeira D\u2019Oeste (109).<\/p>\n\n\n\n<p>S\u00e3o Paulo \u2013 5.793 ve\u00edculos \u2013&nbsp;<a href=\"https:\/\/www.doe.sp.gov.br\/executivo\/secretaria-de-gestao-e-governo-digital\/edital-de-notificacao-de-retirada-do-veiculo-n-13-20240902132617434555476\" target=\"_blank\" rel=\"noreferrer noopener\">Clique aqui<\/a><br>Palmeira D\u2019Oeste \u2013 109 ve\u00edculos \u2013&nbsp;<a href=\"https:\/\/www.doe.sp.gov.br\/executivo\/secretaria-de-gestao-e-governo-digital\/edital-de-notificacao-de-retirada-do-veiculo-n-22-20240905132617434565233\" target=\"_blank\" rel=\"noreferrer noopener\">Clique aqui<\/a><br>Borborema \u2013 83 ve\u00edculos \u2013&nbsp;<a href=\"https:\/\/www.doe.sp.gov.br\/executivo\/secretaria-de-gestao-e-governo-digital\/edital-de-notificacao-de-retirada-do-veiculo-n-14-20240905132617434565662\" target=\"_blank\" rel=\"noreferrer noopener\">Clique aqui<\/a><br>Ibitinga \u2013 147 ve\u00edculos \u2013&nbsp;<a href=\"https:\/\/www.doe.sp.gov.br\/executivo\/secretaria-de-gestao-e-governo-digital\/edital-de-notificacao-de-retirada-do-veiculo-n-15-20240906132617434569133\" target=\"_blank\" rel=\"noreferrer noopener\">Clique aqui<\/a><br>It\u00e1polis \u2013 113 ve\u00edculos \u2013&nbsp;<a href=\"https:\/\/www.doe.sp.gov.br\/executivo\/secretaria-de-gestao-e-governo-digital\/edital-de-notificacao-de-retirada-do-veiculo-n-16-20240906132617434568502\" target=\"_blank\" rel=\"noreferrer noopener\">Clique aqui<\/a><br>Ouroeste \u2013 104 ve\u00edculos \u2013&nbsp;<a href=\"https:\/\/www.doe.sp.gov.br\/executivo\/secretaria-de-gestao-e-governo-digital\/edital-de-notificacao-de-retirada-do-veiculo-n-21-20240906132617434568510\" target=\"_blank\" rel=\"noreferrer noopener\">Clique aqui<\/a><br>Leme \u2013 643 ve\u00edculos \u2013&nbsp;<a href=\"https:\/\/www.doe.sp.gov.br\/executivo\/secretaria-de-gestao-e-governo-digital\/edital-de-notificacao-de-retirada-do-veiculo-n-20-20240906132617434568508\" target=\"_blank\" rel=\"noreferrer noopener\">Clique aqui<\/a><br>Suzano \u2013 195 ve\u00edculos \u2013&nbsp;<a href=\"https:\/\/www.doe.sp.gov.br\/executivo\/secretaria-de-gestao-e-governo-digital\/edital-de-notificacao-de-retirada-do-veiculo-n-23-20240906132617434569145\" target=\"_blank\" rel=\"noreferrer noopener\">Clique aqui<\/a><br>Taquaritinga \u2013 179 ve\u00edculos \u2013&nbsp;<a href=\"https:\/\/www.doe.sp.gov.br\/executivo\/secretaria-de-gestao-e-governo-digital\/edital-de-notificacao-de-retirada-do-veiculo-n-17-20240906132617434568504\" target=\"_blank\" rel=\"noreferrer noopener\">Clique aqui<\/a><br>Aruj\u00e1 \u2013 606 ve\u00edculos \u2013&nbsp;<a href=\"https:\/\/www.doe.sp.gov.br\/executivo\/secretaria-de-gestao-e-governo-digital\/edital-de-notificacao-de-retirada-do-veiculo-n-18-20240906132617434568506\" target=\"_blank\" rel=\"noreferrer noopener\">Clique aqui<\/a><br>Santa Isabel \u2013 243 ve\u00edculos \u2013&nbsp;<a href=\"https:\/\/www.doe.sp.gov.br\/executivo\/secretaria-de-gestao-e-governo-digital\/edital-de-notificacao-de-retirada-do-veiculo-n-19-20240906132617434569141\" target=\"_blank\" rel=\"noreferrer noopener\">Clique aqui<\/a><\/p>\n\n\n\n<p>Em cada edital, \u00e9 poss\u00edvel conferir a lista completa das unidades dispon\u00edveis para retirada \u2013 com placa, n\u00famero do chassi, marca e modelo \u2013 e o endere\u00e7o dos p\u00e1tios onde se encontram. Al\u00e9m dos propriet\u00e1rios, podem requisitar os ve\u00edculos agentes financeiros, arrendat\u00e1rios, entidades credoras ou quem se sub-rogue no direito a eles.<\/p>\n\n\n\n<p>Segundo a&nbsp;<a href=\"https:\/\/www.gov.br\/transportes\/pt-br\/assuntos\/transito\/conteudo-contran\/resolucoes\/resolucao6232016_republicada.pdf\" target=\"_blank\" rel=\"noreferrer noopener\">Resolu\u00e7\u00e3o 623\/2016<\/a>, do Conselho Nacional de Tr\u00e2nsito (Contran), para reaver o ve\u00edculo \u00e9 preciso quitar os d\u00e9bitos pendentes \u2013 inclusive o valor da remo\u00e7\u00e3o e estadia no p\u00e1tio \u2013 e regulariz\u00e1-lo.<\/p>\n\n\n\n<p>Com os 8.215 ve\u00edculos liberados na semana passada, o total de unidades j\u00e1 disponibilizadas para retirada no estado chega a 36.493 nesta nova fase dos leil\u00f5es de ve\u00edculos realizados pelo Detran-SP.<\/p>\n\n\n\n<p>Os preg\u00f5es foram suspensos h\u00e1 um ano para uma revis\u00e3o geral com vistas \u00e0 maior transpar\u00eancia e lisura nos procedimentos, e seus processos foram reiniciados em maio, com o primeiro edital de notifica\u00e7\u00e3o para retirada de ve\u00edculos, que disponibilizou 900 unidades em Botucatu, cidade onde se daria o primeiro leil\u00e3o da retomada, em julho, com&nbsp;<a href=\"https:\/\/www.detran.sp.gov.br\/wps\/portal\/portaldetran\/cidadao\/noticias\/detalhes\/f4247f32-1819-4d2d-bbc7-668f74b9529f\/!ut\/p\/z0\/jU3JCsIwFPwWDx7Di2nscpSCFVsFwUPNRV6apkZL0tbg8vdWwat4mhlmAwElCIs306A3zmI76oMIj-sdTVermBXxNlvSXbEPck6znOYU1iB-B8YFc-57sQBROevrh4eyc4PHVtV-QDulX6yMQoVuSq3zpjJ4_VjYnuqRac54pANGZvEsIVwxRaSsIhKGsY64TOYs0e8vNmzSTQOiQ38ixmoH5V_V7iLk876YvACCoPBi\/\" target=\"_blank\" rel=\"noreferrer noopener\">100% dos lotes arrematados<\/a>.<\/p>\n\n\n\n<p>Em agosto, dois outros leil\u00f5es reuniram tr\u00eas cidades: o de Capela do Alto e Ces\u00e1rio Lange, com 135 lotes vendidos (36 deles, de ve\u00edculos com condi\u00e7\u00f5es de circular), e o de Cerquilho, com 122 lotes comercializados (44 deles, de ve\u00edculos aptos \u00e0 circula\u00e7\u00e3o). O quarto leil\u00e3o desta nova fase acontece na pr\u00f3xima quinta-feira (12), com ve\u00edculos recolhidos na regi\u00e3o de Bragan\u00e7a Paulista.<\/p>\n\n\n\n<h2 class=\"wp-block-heading\"><strong>Leil\u00e3o em Bragan\u00e7a Paulista<\/strong><\/h2>\n\n\n\n<p>Ao todo, ser\u00e3o ofertadas 202 unidades, entre ve\u00edculos em condi\u00e7\u00f5es de circula\u00e7\u00e3o (107), sucata aproveit\u00e1vel (54 lotes), sucata aproveit\u00e1vel com motor inserv\u00edvel (27) e sucata inserv\u00edvel (14 lotes). A inscri\u00e7\u00e3o para participar deve ser feita at\u00e9 48 horas antes do evento no site da&nbsp;<a href=\"https:\/\/www.ricoleiloes.com.br\/\" target=\"_blank\" rel=\"noreferrer noopener\">Rico Leil\u00f5es<\/a>&nbsp;(<a href=\"https:\/\/www.ricoleiloes.com.br\/\" target=\"_blank\" rel=\"noreferrer noopener\">www.ricoleiloes.com.br<\/a>), mesmo endere\u00e7o onde se dar\u00e3o as sess\u00f5es de forma online.<\/p>\n\n\n\n<p>Ser\u00e3o&nbsp;<a href=\"https:\/\/www.detran.sp.gov.br\/wps\/portal\/portaldetran\/cidadao\/noticias\/detalhes\/659582d5-5d71-4cd4-b77d-bcbbb28230d6\/!ut\/p\/z1\/tVPbcpswEP2WPPAIWpAA0TeCb_GlHudmWy8dcYlRCxLBqmn-PnImaceZxHan032RNHtWR3v2CDG0QkzyndhwLZTklTmvWfBtvIBkNKLelH4dDmAxvcUTAsMJTAAtXwCYwE106cZA-_cDiOk1Hrj9ubcHsIO034tNGi_m8-HAnSfktf43wdDtJRBHhMyuxhMMET6vHj6J-Ez-IwB2vP97xBDLpG50idaNajWv8kK3XFrwtmYi5zlXFkilRSb49iXFq7Iwu8CPfOrlvu3noWuTLCd2Goa5nWZpmnrUw5AHe4rG3ILWZ6GXp2bGjiu23POdGOqhLB9M7RTJGDGR1k6X1Q44AXUJITR0A9f0R4K97WKZYrpBrC0eirZonZ-tcWOpdbP9YoEFXdc5G6U2VeFkqrbgo5JSbTVaHSLR2qgT_nk6TIkPi553FYW0jwEwWu5E0aE7qdrafICbvxR_BO8Z3umfuP_IMD5lSaOE-P74yGJjTCV18cuI8L-cabi8dpbMjOoN16Ut5INCq7NKm_rORE3xk_3jmj7halcnKZ31sV_tpvHFxTOgUAwD\/dz\/d5\/L2dBISEvZ0FBIS9nQSEh\/?urile=wcm%3Apath%3A%2Fportaldetran%2Fdetran%2Fcidadao%2Fnoticias%2Fdetalhes%2F659582d5-5d71-4cd4-b77d-bcbbb28230d6\" target=\"_blank\" rel=\"noreferrer noopener\">tr\u00eas dias seguidos de preg\u00f5es<\/a>: o primeiro (12\/9) dedicado aos carros que podem circular, o segundo (13\/9) \u00e0s sucatas aproveit\u00e1veis e tamb\u00e9m \u00e0s sucatas aproveit\u00e1veis com motor \u201cinserv\u00edvel\u201d e o \u00faltimo (16\/9) exclusivamente \u00e0s sucatas \u201cinserv\u00edveis\u201d. No&nbsp;<a href=\"https:\/\/www.doe.sp.gov.br\/executivo\/secretaria-de-gestao-e-governo-digital\/edital-de-leilao-de-veiculos-n-01-2024-20240624132617434403103\" target=\"_blank\" rel=\"noreferrer noopener\">edital correspondente<\/a>, \u00e9 poss\u00edvel ver a lista completa dos lotes oferecidos, com informa\u00e7\u00f5es como marca, modelo, motor, cor, ano de fabrica\u00e7\u00e3o e lance m\u00ednimo definido por peritos.<\/p>\n\n\n\n<p>Recolhidos das ruas por infra\u00e7\u00e3o de tr\u00e2nsito, os ve\u00edculos s\u00e3o custodiados sob a responsabilidade do \u00f3rg\u00e3o executivo de tr\u00e2nsito. A realiza\u00e7\u00e3o de leil\u00f5es tamb\u00e9m \u00e9 responsabilidade do Detran-SP, que conta com Empresas Credenciadas de Vistorias (ECVs), empresas preparadoras de leil\u00e3o e profissionais especializados, como leiloeiros e avaliadores, al\u00e9m dos p\u00e1tios para a execu\u00e7\u00e3o.<\/p>\n\n\n\n<h2 class=\"wp-block-heading\"><strong>Outros editais de retirada<\/strong><\/h2>\n\n\n\n<h3 class=\"wp-block-heading\"><strong>Divis\u00e3o por cidade<\/strong><\/h3>\n\n\n\n<p>Bragan\u00e7a Paulista \u2013 1.232 ve\u00edculos \u2013&nbsp;<a href=\"https:\/\/www.doe.sp.gov.br\/executivo\/secretaria-de-gestao-e-governo-digital\/edital-de-notificacao-de-retirada-do-veiculo-n-03-2024-20240529132617434347072\" target=\"_blank\" rel=\"noreferrer noopener\">Clique aqui<\/a><br>Guarulhos \u2013 7.889 ve\u00edculos \u2013&nbsp;<a href=\"https:\/\/www.imprensaoficial.com.br\/downloads\/pdf\/edicao\/20240722EXEC3.pdf\" target=\"_blank\" rel=\"noreferrer noopener\">Clique aqui<\/a><br>Bauru \u2013 2.178 ve\u00edculos \u2013&nbsp;<a href=\"https:\/\/www.doe.sp.gov.br\/executivo\/secretaria-de-gestao-e-governo-digital\/edital-de-notificacao-de-retirada-do-veiculo-n-11-20240809132617434500018\" target=\"_blank\" rel=\"noreferrer noopener\">Clique aqui<\/a><br><a href=\"https:\/\/www.agenciasp.sp.gov.br\/pederneiras-tera-o-5o-leilao-de-veiculos-do-detran-sp\/\">Pederneiras&nbsp;<\/a>\u2013 387 ve\u00edculos \u2013&nbsp;<a href=\"https:\/\/www.doe.sp.gov.br\/executivo\/secretaria-de-gestao-e-governo-digital\/edital-de-leilao-de-veiculos-n-05-de-30-de-agosto-de-2024-20240902132617434555420\" target=\"_blank\" rel=\"noreferrer noopener\">Clique aqui<\/a><br>Mogi das Cruzes \u2013 3.014 ve\u00edculos \u2013&nbsp;<a href=\"https:\/\/www.doe.sp.gov.br\/executivo\/secretaria-de-gestao-e-governo-digital\/edital-de-leilao-de-veiculos-n-01-2024-20240624132617434403103\" target=\"_blank\" rel=\"noreferrer noopener\">Clique aqui<\/a><br>Itatiba \u2013 673 ve\u00edculos \u2013&nbsp;<a href=\"https:\/\/www.imprensaoficial.com.br\/downloads\/pdf\/edicao\/20240614EXEC3.pdf\" target=\"_blank\" rel=\"noreferrer noopener\">Clique aqui<\/a><br>Itapecerica da Serra e Juquitiba \u2013 2.139 ve\u00edculos \u2013&nbsp;<a href=\"https:\/\/www.imprensaoficial.com.br\/downloads\/pdf\/edicao\/20240524EXEC3.pdf\" target=\"_blank\" rel=\"noreferrer noopener\">Clique aqui<\/a><br>Bebedouro \u2013 765 ve\u00edculos \u2013&nbsp;<a href=\"https:\/\/www.doe.sp.gov.br\/executivo\/secretaria-de-gestao-e-governo-digital\/edital-de-notificacao-de-retirada-de-veiculo-n-08-20240703132617434425214\" target=\"_blank\" rel=\"noreferrer noopener\">Clique aqui<\/a><br>Caieiras \u2013 8.640 ve\u00edculos \u2013&nbsp;<a href=\"https:\/\/www.doe.sp.gov.br\/executivo\/secretaria-de-gestao-e-governo-digital\/edital-de-notificacao-de-retirada-do-veiculo-n-12-20240826132617434538193\" target=\"_blank\" rel=\"noreferrer noopener\">Clique aqui<\/a><\/p>\n\n\n\n<h3 class=\"wp-block-heading\"><strong>Prazos para a retirada<\/strong><\/h3>\n\n\n\n<p>Os ve\u00edculos que n\u00e3o forem retirados no prazo de 10 dias entram em procedimento licitat\u00f3rio na modalidade leil\u00e3o para aliena\u00e7\u00e3o. \u00c9 como se, decorrido o prazo de 10 dias, acendesse um sinal amarelo. No entanto, o propriet\u00e1rio ou a pessoa diretamente ligada ao ve\u00edculo pode resgat\u00e1-lo at\u00e9 a v\u00e9spera do leil\u00e3o atrav\u00e9s do servi\u00e7os de&nbsp;<a href=\"https:\/\/www.detran.sp.gov.br\/wps\/portal\/portaldetran\/cidadao\/infracoes\/fichaservico\/liberacaoDocumento\" target=\"_blank\" rel=\"noreferrer noopener\">\u201cLibera\u00e7\u00e3o de Ve\u00edculo recolhido por infra\u00e7\u00e3o de tr\u00e2nsito pelo DETRAN-SP\u201d<\/a>&nbsp;\u2013 desde que quitados os d\u00e9bitos, claro. \u201cO ve\u00edculo poder\u00e1 ser restitu\u00eddo ao propriet\u00e1rio at\u00e9 o \u00faltimo dia \u00fatil anterior \u00e0 realiza\u00e7\u00e3o da sess\u00e3o do leil\u00e3o\u201d, diz o artigo 24 da citada&nbsp;<a href=\"https:\/\/www.gov.br\/transportes\/pt-br\/assuntos\/transito\/conteudo-contran\/resolucoes\/resolucao6232016_republicada.pdf\" target=\"_blank\" rel=\"noreferrer noopener\">Resolu\u00e7\u00e3o 623\/2016<\/a>, do Contran.<\/p>\n\n\n\n<p><strong><em><strong><em><strong><em><strong><em><strong><em><strong><em><strong><em><strong><em><strong>Siga nossas redes sociais no\u00a0<a href=\"https:\/\/www.instagram.com\/ronipaparazzi\/\">Instagram\u00a0<\/a>e\u00a0<a href=\"https:\/\/www.facebook.com\/ronipaparazzicomvoce\">Facebook<\/a>\u00a0participe da nossa comunidade do Canal Roni Paparazzi no Whatsapp e receba as principais not\u00edcias da regi\u00e3o de Ara\u00e7atuba do dia direto no seu celular.<\/strong>\u00a0<a href=\"https:\/\/chat.whatsapp.com\/GsG1XKo0jPOEfjzudWQcml\" target=\"_blank\" rel=\"noreferrer noopener\">\u00a0Clique aqui e se inscreva.<\/a><\/em><\/strong><\/em><\/strong><\/em><\/strong><\/em><\/strong><\/em><\/strong><\/em><\/strong><\/em><\/strong><\/em><\/strong><\/p>\n","protected":false},"excerpt":{"rendered":"<p>Em oito editais publicados na sexta-feira (6) no Di\u00e1rio Oficial do Estado (DOE), o Departamento Estadual de Tr\u00e2nsito de S\u00e3o Paulo (Detran-SP) notifica propriet\u00e1rios de que seus 2.230 ve\u00edculos est\u00e3o dispon\u00edveis para retirada nas cidades em que foram apreendidos: Ibitinga, It\u00e1polis, Ouroeste, Leme, Suzano, Taquaritinga, Aruj\u00e1 e Santa Isabel. Para resgatar um ve\u00edculo, por\u00e9m, \u00e9 &hellip;<\/p>\n","protected":false},"author":1,"featured_media":11814,"comment_status":"open","ping_status":"open","sticky":false,"template":"","format":"standard","meta":{"_jetpack_memberships_contains_paid_content":false,"footnotes":"","jetpack_publicize_message":"","jetpack_publicize_feature_enabled":true,"jetpack_social_post_already_shared":false,"jetpack_social_options":{"image_generator_settings":{"template":"highway","default_image_id":0,"enabled":false},"version":2}},"categories":[4],"tags":[],"class_list":["post-11813","post","type-post","status-publish","format-standard","has-post-thumbnail","hentry","category-regiao"],"jetpack_publicize_connections":[],"jetpack_featured_media_url":"https:\/\/i0.wp.com\/www.paparazzinews.com.br\/wp-content\/uploads\/2024\/09\/MC832793-1536x1024-1.jpg?fit=1536%2C1024&ssl=1","views":"1970","jetpack_likes_enabled":true,"jetpack_sharing_enabled":true,"_links":{"self":[{"href":"https:\/\/www.paparazzinews.com.br\/index.php?rest_route=\/wp\/v2\/posts\/11813","targetHints":{"allow":["GET"]}}],"collection":[{"href":"https:\/\/www.paparazzinews.com.br\/index.php?rest_route=\/wp\/v2\/posts"}],"about":[{"href":"https:\/\/www.paparazzinews.com.br\/index.php?rest_route=\/wp\/v2\/types\/post"}],"author":[{"embeddable":true,"href":"https:\/\/www.paparazzinews.com.br\/index.php?rest_route=\/wp\/v2\/users\/1"}],"replies":[{"embeddable":true,"href":"https:\/\/www.paparazzinews.com.br\/index.php?rest_route=%2Fwp%2Fv2%2Fcomments&post=11813"}],"version-history":[{"count":1,"href":"https:\/\/www.paparazzinews.com.br\/index.php?rest_route=\/wp\/v2\/posts\/11813\/revisions"}],"predecessor-version":[{"id":11815,"href":"https:\/\/www.paparazzinews.com.br\/index.php?rest_route=\/wp\/v2\/posts\/11813\/revisions\/11815"}],"wp:featuredmedia":[{"embeddable":true,"href":"https:\/\/www.paparazzinews.com.br\/index.php?rest_route=\/wp\/v2\/media\/11814"}],"wp:attachment":[{"href":"https:\/\/www.paparazzinews.com.br\/index.php?rest_route=%2Fwp%2Fv2%2Fmedia&parent=11813"}],"wp:term":[{"taxonomy":"category","embeddable":true,"href":"https:\/\/www.paparazzinews.com.br\/index.php?rest_route=%2Fwp%2Fv2%2Fcategories&post=11813"},{"taxonomy":"post_tag","embeddable":true,"href":"https:\/\/www.paparazzinews.com.br\/index.php?rest_route=%2Fwp%2Fv2%2Ftags&post=11813"}],"curies":[{"name":"wp","href":"https:\/\/api.w.org\/{rel}","templated":true}]}}