{"id":11810,"date":"2024-09-10T16:07:11","date_gmt":"2024-09-10T19:07:11","guid":{"rendered":"https:\/\/www.paparazzinews.com.br\/?p=11810"},"modified":"2024-09-10T16:07:12","modified_gmt":"2024-09-10T19:07:12","slug":"governo-de-sp-lanca-plataforma-digital-para-conectar-o-ecossistema-do-biometano","status":"publish","type":"post","link":"https:\/\/www.paparazzinews.com.br\/?p=11810","title":{"rendered":"Governo de SP lan\u00e7a plataforma digital para conectar o ecossistema do biometano"},"content":{"rendered":"\n<p>O Governo de S\u00e3o Paulo lan\u00e7ou no \u00faltimo dia 5 a plataforma digital Conecta Biometano SP para conectar representantes da cadeia de suprimentos do biometano e interessados em desenvolver projetos de descarboniza\u00e7\u00e3o. A informa\u00e7\u00e3o \u00e9 da Ag\u00eancia SP.<\/p>\n\n\n\n<p>O app \u00e9 resultado de parceria entre a Secretaria de Meio Ambiente, Infraestrutura e Log\u00edstica (Semil) e a InvestSP, ag\u00eancia de promo\u00e7\u00e3o de investimentos vinculada \u00e0 Secretaria de Desenvolvimento Econ\u00f4mico (SDE), com apoio de SDE, Secretaria de Agricultura e Abastecimento (SAA), Associa\u00e7\u00e3o Brasileira de Biog\u00e1s (Abiog\u00e1s), Arranjo Produtivo Local do \u00c1lcool (Apla), Federa\u00e7\u00e3o das Ind\u00fastrias do Estado de S\u00e3o Paulo (Fiesp) e Uni\u00e3o da Ind\u00fastria de Cana-de-A\u00e7\u00facar e Bioenergia (Unica).<\/p>\n\n\n\n<p>Produtores, comercializadores, prestadores de servi\u00e7os, fornecedores de equipamentos, entidades de pesquisa e at\u00e9 bancos que financiam esses projetos, por exemplo, poder\u00e3o se cadastrar na plataforma, que ajudar\u00e1 empresas e gestores p\u00fablicos a encontrar poss\u00edveis fornecedores e parceiros para projetos de transi\u00e7\u00e3o energ\u00e9tica com uso do biometano.<\/p>\n\n\n\n<p>Para acessar a Conecta Biometano SP,\u00a0<a href=\"https:\/\/conectabiometanosp.com.br\/\">clique aqui<\/a>. O combust\u00edvel \u00e9 uma das apostas de S\u00e3o Paulo para reduzir as emiss\u00f5es de gases do efeito estufa. Principalmente porque o Estado \u00e9 o maior produtor mundial de cana-de-a\u00e7\u00facar, cuja vinha\u00e7a \u00e9 usada como mat\u00e9ria-prima para fabrica\u00e7\u00e3o do biometano. Limpo e renov\u00e1vel, ele \u00e9 considerado uma das op\u00e7\u00f5es mais vi\u00e1veis para a descarboniza\u00e7\u00e3o dos transportes pesados nos pr\u00f3ximos anos.<\/p>\n\n\n\n<p>A Semil \u00e9 respons\u00e1vel pelo Plano Estadual de Energia 2050 (PEE 2050), com objetivo de promover tecnologias que auxiliem os setores econ\u00f4micos a alcan\u00e7arem suas metas de zerar as emiss\u00f5es l\u00edquidas de gases de efeito estufa at\u00e9 2050. J\u00e1 a InvestSP segue as trilhas de desenvolvimento definidas pelo Governo de S\u00e3o Paulo e pela SDE, que refor\u00e7am o apoio a projetos de descarboniza\u00e7\u00e3o e economia circular, sejam eles desenvolvidos por empresas ou munic\u00edpios.<\/p>\n\n\n\n<p>\u201cAl\u00e9m da dar suporte ao Governo do Estado nas pol\u00edticas e a\u00e7\u00f5es voltadas para a transi\u00e7\u00e3o energ\u00e9tica, queremos fortalecer a cadeia de suprimentos do biometano, incentivar a gera\u00e7\u00e3o de neg\u00f3cios e garantir que o setor privado seja um parceiro estrat\u00e9gico do poder p\u00fablico na busca por uma matriz energ\u00e9tica cada vez mais limpa e sustent\u00e1vel\u201d, afirmou a diretora de Estrat\u00e9gia e Intelig\u00eancia, Mar\u00edlia Garcez.<\/p>\n\n\n\n<p>O lan\u00e7amento da Conecta Biometano SP aconteceu durante o Workshop Biometano SP, organizado por Semil, SDE, SAA e InvestSP e que reuniu, em S\u00e3o Paulo, diversos representantes dos setores p\u00fabico e privado interessados no tema da transi\u00e7\u00e3o energ\u00e9tica.<\/p>\n\n\n\n<p>Participaram, entre outras lideran\u00e7as, os secret\u00e1rios de Estado Nat\u00e1lia Resende (Semil), Jorge Lima (SDE) e Guilherme Piai (SAA); o presidente da InvestSP, Rui Gomes; a presidente da Abiog\u00e1s, Renata Isfer; o presidente da Unica, Evandro Gussi; e o representante da Fiesp, Gustavo Bonini.<\/p>\n\n\n\n<p><strong><em><strong><em><strong><em><strong><em><strong><em><strong><em><strong><em><strong><em><strong>Siga nossas redes sociais no\u00a0<a href=\"https:\/\/www.instagram.com\/ronipaparazzi\/\">Instagram\u00a0<\/a>e\u00a0<a href=\"https:\/\/www.facebook.com\/ronipaparazzicomvoce\">Facebook<\/a>\u00a0participe da nossa comunidade do Canal Roni Paparazzi no Whatsapp e receba as principais not\u00edcias da regi\u00e3o de Ara\u00e7atuba do dia direto no seu celular.<\/strong>\u00a0<a href=\"https:\/\/chat.whatsapp.com\/GsG1XKo0jPOEfjzudWQcml\" target=\"_blank\" rel=\"noreferrer noopener\">\u00a0Clique aqui e se inscreva.<\/a><\/em><\/strong><\/em><\/strong><\/em><\/strong><\/em><\/strong><\/em><\/strong><\/em><\/strong><\/em><\/strong><\/em><\/strong><\/p>\n","protected":false},"excerpt":{"rendered":"<p>O Governo de S\u00e3o Paulo lan\u00e7ou no \u00faltimo dia 5 a plataforma digital Conecta Biometano SP para conectar representantes da cadeia de suprimentos do biometano e interessados em desenvolver projetos de descarboniza\u00e7\u00e3o. A informa\u00e7\u00e3o \u00e9 da Ag\u00eancia SP. O app \u00e9 resultado de parceria entre a Secretaria de Meio Ambiente, Infraestrutura e Log\u00edstica (Semil) e &hellip;<\/p>\n","protected":false},"author":1,"featured_media":11811,"comment_status":"open","ping_status":"open","sticky":false,"template":"","format":"standard","meta":{"_jetpack_memberships_contains_paid_content":false,"footnotes":"","jetpack_publicize_message":"","jetpack_publicize_feature_enabled":true,"jetpack_social_post_already_shared":false,"jetpack_social_options":{"image_generator_settings":{"template":"highway","default_image_id":0,"enabled":false},"version":2}},"categories":[4],"tags":[],"class_list":["post-11810","post","type-post","status-publish","format-standard","has-post-thumbnail","hentry","category-regiao"],"jetpack_publicize_connections":[],"jetpack_featured_media_url":"https:\/\/i0.wp.com\/www.paparazzinews.com.br\/wp-content\/uploads\/2024\/09\/programa-etanol-mais-verde-1024x540-1.jpg?fit=1024%2C540&ssl=1","views":"2093","jetpack_likes_enabled":true,"jetpack_sharing_enabled":true,"_links":{"self":[{"href":"https:\/\/www.paparazzinews.com.br\/index.php?rest_route=\/wp\/v2\/posts\/11810","targetHints":{"allow":["GET"]}}],"collection":[{"href":"https:\/\/www.paparazzinews.com.br\/index.php?rest_route=\/wp\/v2\/posts"}],"about":[{"href":"https:\/\/www.paparazzinews.com.br\/index.php?rest_route=\/wp\/v2\/types\/post"}],"author":[{"embeddable":true,"href":"https:\/\/www.paparazzinews.com.br\/index.php?rest_route=\/wp\/v2\/users\/1"}],"replies":[{"embeddable":true,"href":"https:\/\/www.paparazzinews.com.br\/index.php?rest_route=%2Fwp%2Fv2%2Fcomments&post=11810"}],"version-history":[{"count":1,"href":"https:\/\/www.paparazzinews.com.br\/index.php?rest_route=\/wp\/v2\/posts\/11810\/revisions"}],"predecessor-version":[{"id":11812,"href":"https:\/\/www.paparazzinews.com.br\/index.php?rest_route=\/wp\/v2\/posts\/11810\/revisions\/11812"}],"wp:featuredmedia":[{"embeddable":true,"href":"https:\/\/www.paparazzinews.com.br\/index.php?rest_route=\/wp\/v2\/media\/11811"}],"wp:attachment":[{"href":"https:\/\/www.paparazzinews.com.br\/index.php?rest_route=%2Fwp%2Fv2%2Fmedia&parent=11810"}],"wp:term":[{"taxonomy":"category","embeddable":true,"href":"https:\/\/www.paparazzinews.com.br\/index.php?rest_route=%2Fwp%2Fv2%2Fcategories&post=11810"},{"taxonomy":"post_tag","embeddable":true,"href":"https:\/\/www.paparazzinews.com.br\/index.php?rest_route=%2Fwp%2Fv2%2Ftags&post=11810"}],"curies":[{"name":"wp","href":"https:\/\/api.w.org\/{rel}","templated":true}]}}