{"id":11803,"date":"2024-09-10T16:00:07","date_gmt":"2024-09-10T19:00:07","guid":{"rendered":"https:\/\/www.paparazzinews.com.br\/?p=11803"},"modified":"2024-09-10T16:03:59","modified_gmt":"2024-09-10T19:03:59","slug":"butantan-entenda-como-a-vacina-que-a-gestante-recebe-chega-ao-organismo-do-bebe","status":"publish","type":"post","link":"https:\/\/www.paparazzinews.com.br\/?p=11803","title":{"rendered":"Butantan: entenda como a vacina que a gestante recebe chega ao organismo do beb\u00ea"},"content":{"rendered":"\n<p>A imuniza\u00e7\u00e3o \u00e9 um cuidado essencial que deve fazer parte do pr\u00e9-natal de toda gestante. Al\u00e9m de evitar problemas graves de sa\u00fade em um momento em que o organismo se encontra mais vulner\u00e1vel, a mulher que mant\u00e9m a carteira de vacina\u00e7\u00e3o em dia protege seu beb\u00ea de doen\u00e7as importantes, uma vez que passa seus pr\u00f3prios anticorpos para o feto via placenta em um processo conhecido como \u201cimuniza\u00e7\u00e3o passiva\u201d. Ap\u00f3s o nascimento, o aleitamento materno segue contribuindo para o refor\u00e7o da imunidade da crian\u00e7a. A informa\u00e7\u00e3o \u00e9 da Ag\u00eancia SP.<\/p>\n\n\n\n<p>\u201cOs rec\u00e9m-nascidos possuem um sistema imunol\u00f3gico imaturo, que est\u00e1 em forma\u00e7\u00e3o e aprendendo a responder de forma adequada \u00e0s \u2018agress\u00f5es\u2019 presentes no ambiente exterior ao \u00fatero. Por isso, eles s\u00e3o mais suscet\u00edveis \u00e0s infec\u00e7\u00f5es provocadas por v\u00edrus e bact\u00e9rias\u201d, explica o pesquisador cient\u00edfico do Laborat\u00f3rio de Bioqu\u00edmica do Butantan, Ivo Lebrun. Ainda que os pequenos recebam diversas doses de vacina no in\u00edcio da vida, \u00e9 s\u00f3 aos seis meses de idade que a imunidade come\u00e7a a ganhar robustez.<\/p>\n\n\n\n<p>De acordo com o&nbsp;Calend\u00e1rio de Vacina\u00e7\u00e3o preconizado pelo Minist\u00e9rio da Sa\u00fade, as gr\u00e1vidas devem receber um refor\u00e7o da vacina dTpa \u2013 conhecida como tr\u00edplice bacteriana \u2013 a fim de proteger os beb\u00eas contra o t\u00e9tano neonatal, a difteria e a coqueluche. Caso n\u00e3o estejam com as doses em dia, elas precisam atualizar o esquema de imuniza\u00e7\u00e3o contra a hepatite B e dT, al\u00e9m de receber os imunizantes sazonais das campanhas contra a gripe e a Covid-19.<\/p>\n\n\n\n<p>\u201cAs mulheres que pretendem engravidar em breve podem incluir no planejamento uma avalia\u00e7\u00e3o completa da caderneta vacinal. Assim, ter\u00e3o a oportunidade de atualizar ou completar o esquema daqueles imunizantes que n\u00e3o s\u00e3o recomendados durante a gesta\u00e7\u00e3o, como a tr\u00edplice viral e a febre amarela\u201d, orienta o consultor m\u00e9dico do Centro para Vigil\u00e2ncia Viral e Avalia\u00e7\u00e3o Sorol\u00f3gica (CeVIVAS) e facilitador de opera\u00e7\u00f5es do Centro de Desenvolvimento Cient\u00edfico do Butantan Ant\u00f4nio Jorge Martins.<\/p>\n\n\n\n<h2 class=\"wp-block-heading\"><strong>Transfer\u00eancia de anticorpos pela placenta<\/strong><\/h2>\n\n\n\n<p>Quando uma mulher gr\u00e1vida recebe uma vacina, seu sistema imunol\u00f3gico entra em a\u00e7\u00e3o para combater o \u201cagente invasor\u201d \u2013 ainda que o v\u00edrus ou bact\u00e9ria expressado no imunizante n\u00e3o seja capaz de desencadear um quadro infeccioso. Em primeiro lugar, acontece a produ\u00e7\u00e3o de anticorpos do tipo IgM, que t\u00eam a\u00e7\u00e3o inespec\u00edfica e promovem um primeiro ataque ao microrganismo. Cerca de uma semana depois, os \u00edndices de IgM diminuem e entram em a\u00e7\u00e3o as imunoglobulinas G (IgG), que carregam uma receita \u201cespec\u00edfica\u201d capaz de neutralizar o ant\u00edgeno. Esse \u00e9 o anticorpo que a m\u00e3e vai passar para o filho atrav\u00e9s da placenta.<\/p>\n\n\n\n<p>O anexo embrion\u00e1rio desenvolvido durante a gesta\u00e7\u00e3o \u00e9 o ponto de encontro dos sistemas circulat\u00f3rios materno e fetal \u2013 essa troca metab\u00f3lica permite o desenvolvimento de fun\u00e7\u00f5es que o feto ainda n\u00e3o \u00e9 capaz de realizar de maneira independente dentro do \u00fatero. Como em uma esp\u00e9cie de \u201ctransfus\u00e3o\u201d, a placenta leva para o beb\u00ea \u2013 por meio do cord\u00e3o umbilical \u2013 oxig\u00eanio, nutrientes e outras subst\u00e2ncias essenciais para o seu desenvolvimento; ao mesmo tempo, tamb\u00e9m elimina res\u00edduos, como mon\u00f3xido de carbono, \u00e1cido \u00farico e ureia, que s\u00e3o dispensados na corrente sangu\u00ednea da m\u00e3e.<\/p>\n\n\n\n<p>Mesmo possuindo um alto peso molecular, os anticorpos do tipo G (IgG) presentes no organismo da gestante s\u00e3o capazes de atravessar a barreira placent\u00e1ria e alcan\u00e7ar a circula\u00e7\u00e3o fetal. O transporte acontece por um processo chamado de transcitose: quando uma c\u00e9lula capta, movimenta e secreta uma determinada mol\u00e9cula. Estima-se que o transporte ativo de imunoglobulina G comece a partir da 13\u00aa semana, se estendendo por toda a gesta\u00e7\u00e3o. Ap\u00f3s os seis meses de vida, a crian\u00e7a j\u00e1 come\u00e7a a produzir o seu pr\u00f3prio IgG.&nbsp;<\/p>\n\n\n\n<h2 class=\"wp-block-heading\"><strong>Imunidade pelo aleitamento materno<\/strong><\/h2>\n\n\n\n<figure class=\"wp-block-image\"><img data-recalc-dims=\"1\" decoding=\"async\" src=\"https:\/\/i0.wp.com\/www.agenciasp.sp.gov.br\/wp-content\/uploads\/2024\/08\/Mulher-amamentando-2.jpg?w=708\" alt=\"\" class=\"wp-image-14783\"\/><figcaption class=\"wp-element-caption\">O aleitamento materno fortalece o sistema imunol\u00f3gico, diminui os riscos de obesidade, diabetes, diarreia e de infec\u00e7\u00f5es respirat\u00f3rias<\/figcaption><\/figure>\n\n\n\n<p>Uma hip\u00f3tese \u00e9 que os anticorpos IgG produzidos pela imuniza\u00e7\u00e3o da m\u00e3e tamb\u00e9m possam ser mobilizados para o leite materno, garantindo assim um refor\u00e7o imunol\u00f3gico para o beb\u00ea mesmo ap\u00f3s o parto. \u201cComo a vasculariza\u00e7\u00e3o na regi\u00e3o das gl\u00e2ndulas mam\u00e1rias \u00e9 grande, uma das possibilidades \u00e9 que o anticorpo seja captado da circula\u00e7\u00e3o sangu\u00ednea materna em um processo parecido com o que acontece na placenta. Assim, quando a crian\u00e7a mama, recebe tamb\u00e9m os anticorpos\u201d, sugere Ivo Lebrun.&nbsp;<\/p>\n\n\n\n<p>A partir de ent\u00e3o, a alternativa \u00e9 que essas mol\u00e9culas passadas de m\u00e3e para filho atrav\u00e9s do leite seguem para o trato gastrointestinal. \u201cComo no in\u00edcio da vida a digest\u00e3o no intestino n\u00e3o \u00e9 t\u00e3o \u00e1cida, a subst\u00e2ncia n\u00e3o seria degradada, mas sim absorvida, caindo na corrente sangu\u00ednea do beb\u00ea\u201d, completa o pesquisador do Laborat\u00f3rio de Bioqu\u00edmica do Butantan.<\/p>\n\n\n\n<p>Durante a pandemia de Covid-19, um estudo conduzido pelo Hospital das Cl\u00ednicas da Faculdade de Medicina da Universidade de S\u00e3o Paulo (FMUSP)&nbsp;indicou a presen\u00e7a de anticorpos capazes de neutralizar o SARS-CoV-2 no leite de colaboradoras lactantes imunizadas com a CoronaVac. As amostras indicaram uma alta concentra\u00e7\u00e3o de anticorpos ap\u00f3s as mulheres receberem a segunda dose do imunizante \u2013 os n\u00edveis se mantiveram altos mesmo ap\u00f3s meses de amamenta\u00e7\u00e3o.&nbsp;<\/p>\n\n\n\n<p>O leite materno \u2013 principalmente o colostro, l\u00edquido denso e amarelado, produzido pelo organismo da mulher logo ap\u00f3s o parto \u2013 tamb\u00e9m possui altas concentra\u00e7\u00f5es de anticorpos IgA, um tipo de imunoglobulina que protege as mucosas respirat\u00f3rias e gastrointestinais da a\u00e7\u00e3o de microrganismos. \u201cQuando ingeridas, essas mol\u00e9culas criam uma esp\u00e9cie de barreira capaz de impedir que v\u00edrus e bact\u00e9rias se fixem nos tecidos da regi\u00e3o e atravessem a mucosa. \u00c9 como se os tecidos estivessem revestidos por uma esp\u00e9cie de \u2018verniz\u2019 que faz os agentes invasores \u2018escorregarem\u2019 at\u00e9 serem eliminados pelas fezes\u201d, exemplifica Ant\u00f4nio Jorge.<\/p>\n\n\n\n<p>N\u00e3o \u00e0 toa,&nbsp;o leite materno \u00e9 considerado a primeira \u201cvacina\u201d do beb\u00ea. Produzido \u201csob medida\u201d pelo organismo da m\u00e3e, o alimento fortalece o sistema imunol\u00f3gico, diminui os riscos de obesidade, diabetes, diarreia e de infec\u00e7\u00f5es respirat\u00f3rias. Pensando justamente em refor\u00e7ar a import\u00e2ncia do aleitamento exclusivo at\u00e9 os seis meses de vida, desde 1992 o m\u00eas de agosto marca a realiza\u00e7\u00e3o de diversas a\u00e7\u00f5es em prol do tema. No Brasil, a iniciativa,&nbsp;apoiada pelo Minist\u00e9rio da Sa\u00fade, ganhou o nome de Agosto Dourado em alus\u00e3o ao padr\u00e3o ouro de qualidade do alimento.<\/p>\n\n\n\n<p><strong><em><strong><em><strong><em><strong><em><strong><em><strong><em><strong><em><strong><em><strong>Siga nossas redes sociais no&nbsp;<a href=\"https:\/\/www.instagram.com\/ronipaparazzi\/\">Instagram&nbsp;<\/a>e&nbsp;<a href=\"https:\/\/www.facebook.com\/ronipaparazzicomvoce\">Facebook<\/a>&nbsp;participe da nossa comunidade do Canal Roni Paparazzi no Whatsapp e receba as principais not\u00edcias da regi\u00e3o de Ara\u00e7atuba do dia direto no seu celular.<\/strong>&nbsp;<a href=\"https:\/\/chat.whatsapp.com\/GsG1XKo0jPOEfjzudWQcml\" target=\"_blank\" rel=\"noreferrer noopener\">&nbsp;Clique aqui e se inscreva.<\/a><\/em><\/strong><\/em><\/strong><\/em><\/strong><\/em><\/strong><\/em><\/strong><\/em><\/strong><\/em><\/strong><\/em><\/strong><\/p>\n","protected":false},"excerpt":{"rendered":"<p>A imuniza\u00e7\u00e3o \u00e9 um cuidado essencial que deve fazer parte do pr\u00e9-natal de toda gestante. Al\u00e9m de evitar problemas graves de sa\u00fade em um momento em que o organismo se encontra mais vulner\u00e1vel, a mulher que mant\u00e9m a carteira de vacina\u00e7\u00e3o em dia protege seu beb\u00ea de doen\u00e7as importantes, uma vez que passa seus pr\u00f3prios &hellip;<\/p>\n","protected":false},"author":1,"featured_media":11805,"comment_status":"open","ping_status":"open","sticky":false,"template":"","format":"standard","meta":{"_jetpack_memberships_contains_paid_content":false,"footnotes":"","jetpack_publicize_message":"","jetpack_publicize_feature_enabled":true,"jetpack_social_post_already_shared":false,"jetpack_social_options":{"image_generator_settings":{"template":"highway","default_image_id":0,"enabled":false},"version":2}},"categories":[4,1],"tags":[],"class_list":["post-11803","post","type-post","status-publish","format-standard","has-post-thumbnail","hentry","category-regiao","category-sem-categoria"],"jetpack_publicize_connections":[],"jetpack_featured_media_url":"https:\/\/i0.wp.com\/www.paparazzinews.com.br\/wp-content\/uploads\/2024\/09\/20170920_00_gravidez4.jpg?fit=800%2C420&ssl=1","views":"2036","jetpack_likes_enabled":true,"jetpack_sharing_enabled":true,"_links":{"self":[{"href":"https:\/\/www.paparazzinews.com.br\/index.php?rest_route=\/wp\/v2\/posts\/11803","targetHints":{"allow":["GET"]}}],"collection":[{"href":"https:\/\/www.paparazzinews.com.br\/index.php?rest_route=\/wp\/v2\/posts"}],"about":[{"href":"https:\/\/www.paparazzinews.com.br\/index.php?rest_route=\/wp\/v2\/types\/post"}],"author":[{"embeddable":true,"href":"https:\/\/www.paparazzinews.com.br\/index.php?rest_route=\/wp\/v2\/users\/1"}],"replies":[{"embeddable":true,"href":"https:\/\/www.paparazzinews.com.br\/index.php?rest_route=%2Fwp%2Fv2%2Fcomments&post=11803"}],"version-history":[{"count":2,"href":"https:\/\/www.paparazzinews.com.br\/index.php?rest_route=\/wp\/v2\/posts\/11803\/revisions"}],"predecessor-version":[{"id":11807,"href":"https:\/\/www.paparazzinews.com.br\/index.php?rest_route=\/wp\/v2\/posts\/11803\/revisions\/11807"}],"wp:featuredmedia":[{"embeddable":true,"href":"https:\/\/www.paparazzinews.com.br\/index.php?rest_route=\/wp\/v2\/media\/11805"}],"wp:attachment":[{"href":"https:\/\/www.paparazzinews.com.br\/index.php?rest_route=%2Fwp%2Fv2%2Fmedia&parent=11803"}],"wp:term":[{"taxonomy":"category","embeddable":true,"href":"https:\/\/www.paparazzinews.com.br\/index.php?rest_route=%2Fwp%2Fv2%2Fcategories&post=11803"},{"taxonomy":"post_tag","embeddable":true,"href":"https:\/\/www.paparazzinews.com.br\/index.php?rest_route=%2Fwp%2Fv2%2Ftags&post=11803"}],"curies":[{"name":"wp","href":"https:\/\/api.w.org\/{rel}","templated":true}]}}