{"id":1179,"date":"2022-11-09T15:10:50","date_gmt":"2022-11-09T18:10:50","guid":{"rendered":"https:\/\/www.paparazzinews.com.br\/?p=1179"},"modified":"2022-11-09T15:10:51","modified_gmt":"2022-11-09T18:10:51","slug":"praca-do-teodoro-vai-receber-playground-acessivel-em-andradina","status":"publish","type":"post","link":"https:\/\/www.paparazzinews.com.br\/?p=1179","title":{"rendered":"Pra\u00e7a do Teodoro vai receber playground acess\u00edvel em Andradina"},"content":{"rendered":"\n<p>A pra\u00e7a St\u00e9lio Machado Loureiro, popularmente conhecida como \u201cPra\u00e7a do Teodoro\u201d, est\u00e1 sendo preparada para receber um playground acess\u00edvel atrav\u00e9s do Programa Cidade Acess\u00edvel, do Governo de S\u00e3o Paulo. A Secretaria de Obras do Governo de Andradina j\u00e1 preparou os mecanismos de acessibilidade para que crian\u00e7as com defici\u00eancia possam ter acesso a estrutura que ser\u00e1 instalada no centro da pra\u00e7a.<br><\/p>\n\n\n\n<p>O ponto escolhido para fazer o novo parquinho inclusivo levou em conta a f\u00e1cil acessibilidade e quantidade de vagas de estacionamento para facilitar o deslocamento das crian\u00e7as com cadeiras de rodas.<\/p>\n\n\n\n<p>O Cidade Acess\u00edvel tem como objetivo oferecer aos munic\u00edpios equipamentos e obras de acessibilidade destinadas \u00e0 melhoria da qualidade de vida das pessoas com defici\u00eancia. As pra\u00e7as de Andradina j\u00e1 viraram ponto de parada obrigat\u00f3ria para as fam\u00edlias que passeiam pela cidade. <\/p>\n\n\n\n<p>A implanta\u00e7\u00e3o dos parquinhos revitalizaram os espa\u00e7os p\u00fablicos e agora essa divers\u00e3o tamb\u00e9m estar\u00e1 acess\u00edvel com a implanta\u00e7\u00e3o que v\u00e3o possibilitar que crian\u00e7as com dificuldades motoras possam brincar.<\/p>\n","protected":false},"excerpt":{"rendered":"<p>A pra\u00e7a St\u00e9lio Machado Loureiro, popularmente conhecida como \u201cPra\u00e7a do Teodoro\u201d, est\u00e1 sendo preparada para receber um playground acess\u00edvel atrav\u00e9s do Programa Cidade Acess\u00edvel, do Governo de S\u00e3o Paulo. A Secretaria de Obras do Governo de Andradina j\u00e1 preparou os mecanismos de acessibilidade para que crian\u00e7as com defici\u00eancia possam ter acesso a estrutura que ser\u00e1 &hellip;<\/p>\n","protected":false},"author":1,"featured_media":1180,"comment_status":"open","ping_status":"open","sticky":false,"template":"","format":"standard","meta":{"_jetpack_memberships_contains_paid_content":false,"footnotes":"","jetpack_publicize_message":"","jetpack_publicize_feature_enabled":true,"jetpack_social_post_already_shared":false,"jetpack_social_options":{"image_generator_settings":{"template":"highway","default_image_id":0,"enabled":false},"version":2}},"categories":[4],"tags":[],"class_list":["post-1179","post","type-post","status-publish","format-standard","has-post-thumbnail","hentry","category-regiao"],"jetpack_publicize_connections":[],"jetpack_featured_media_url":"https:\/\/i0.wp.com\/www.paparazzinews.com.br\/wp-content\/uploads\/2022\/11\/a6b3bcd1-e494-4452-be0a-99027ad5e9b6-e1668017439911.jpg?fit=1000%2C666&ssl=1","views":"2516","jetpack_likes_enabled":true,"jetpack_sharing_enabled":true,"_links":{"self":[{"href":"https:\/\/www.paparazzinews.com.br\/index.php?rest_route=\/wp\/v2\/posts\/1179","targetHints":{"allow":["GET"]}}],"collection":[{"href":"https:\/\/www.paparazzinews.com.br\/index.php?rest_route=\/wp\/v2\/posts"}],"about":[{"href":"https:\/\/www.paparazzinews.com.br\/index.php?rest_route=\/wp\/v2\/types\/post"}],"author":[{"embeddable":true,"href":"https:\/\/www.paparazzinews.com.br\/index.php?rest_route=\/wp\/v2\/users\/1"}],"replies":[{"embeddable":true,"href":"https:\/\/www.paparazzinews.com.br\/index.php?rest_route=%2Fwp%2Fv2%2Fcomments&post=1179"}],"version-history":[{"count":1,"href":"https:\/\/www.paparazzinews.com.br\/index.php?rest_route=\/wp\/v2\/posts\/1179\/revisions"}],"predecessor-version":[{"id":1181,"href":"https:\/\/www.paparazzinews.com.br\/index.php?rest_route=\/wp\/v2\/posts\/1179\/revisions\/1181"}],"wp:featuredmedia":[{"embeddable":true,"href":"https:\/\/www.paparazzinews.com.br\/index.php?rest_route=\/wp\/v2\/media\/1180"}],"wp:attachment":[{"href":"https:\/\/www.paparazzinews.com.br\/index.php?rest_route=%2Fwp%2Fv2%2Fmedia&parent=1179"}],"wp:term":[{"taxonomy":"category","embeddable":true,"href":"https:\/\/www.paparazzinews.com.br\/index.php?rest_route=%2Fwp%2Fv2%2Fcategories&post=1179"},{"taxonomy":"post_tag","embeddable":true,"href":"https:\/\/www.paparazzinews.com.br\/index.php?rest_route=%2Fwp%2Fv2%2Ftags&post=1179"}],"curies":[{"name":"wp","href":"https:\/\/api.w.org\/{rel}","templated":true}]}}