{"id":11785,"date":"2024-09-07T17:49:39","date_gmt":"2024-09-07T20:49:39","guid":{"rendered":"https:\/\/www.paparazzinews.com.br\/?p=11785"},"modified":"2024-09-07T17:49:40","modified_gmt":"2024-09-07T20:49:40","slug":"governo-de-sp-investe-r-38-mi-em-robo-para-tratamento-de-pacientes-na-rede-lucy-montoro","status":"publish","type":"post","link":"https:\/\/www.paparazzinews.com.br\/?p=11785","title":{"rendered":"Governo de SP investe R$ 3,8 mi em rob\u00f4 para tratamento de pacientes na rede Lucy Montoro"},"content":{"rendered":"\n<p>O Governo de S\u00e3o Paulo, por meio da Secretaria de Estado da Sa\u00fade (SES), adquiriu um novo aparelho rob\u00f3tico de alta tecnologia, o primeiro da rede p\u00fablica estadual e segundo dessa vers\u00e3o dispon\u00edvel no pa\u00eds. Com investimento de R$ 3,8 milh\u00f5es, o equipamento \u00e9 l\u00edder mundial em reabilita\u00e7\u00e3o de marcha e terapia intensiva assistida por rob\u00f4. A informa\u00e7\u00e3o \u00e9 da Ag\u00eancia SP.<\/p>\n\n\n\n<p>O dispositivo rob\u00f3tico LokomatPro Sensation beneficiar\u00e1 pacientes, da Rede de Reabilita\u00e7\u00e3o Lucy Montoro de Diadema, que t\u00eam limita\u00e7\u00f5es para caminhar, como v\u00edtimas de sequelas de acidentes vasculares cerebrais (AVCs), doen\u00e7as neurol\u00f3gicas, les\u00f5es medulares, doen\u00e7a de Parkinson, traumatismo craniano encef\u00e1lico, entre outros.<\/p>\n\n\n\n<p>Inicialmente, o Lokomat \u00e9 acoplado ao paciente para faz\u00ea-lo andar sobre uma esteira rolante. Para isso, ele \u00e9 \u201ci\u00e7ado\u201d por um suporte que sustenta a cintura p\u00e9lvica e duas \u00f3rteses para os membros inferiores, o que possibilita que o paciente use as articula\u00e7\u00f5es do quadril e do joelho. J\u00e1 sobre a esteira rolante, e com aux\u00edlio de um fisioterapeuta, o usu\u00e1rio \u00e9 estimulado a se locomover em um treinamento intensivo para aumento de for\u00e7a dos m\u00fasculos e amplitude de movimentos, inclusive com uso de gameterapia \u2014 o que desafia o paciente e traz aumento de performance.<\/p>\n\n\n\n<figure class=\"wp-block-image\"><img data-recalc-dims=\"1\" height=\"472\" width=\"708\" decoding=\"async\" src=\"https:\/\/i0.wp.com\/www.agenciasp.sp.gov.br\/wp-content\/uploads\/2024\/09\/lucy_diadema_lokomat_4-1-1024x683.jpg?resize=708%2C472&#038;ssl=1\" alt=\"\" class=\"wp-image-18237\"\/><figcaption class=\"wp-element-caption\">Rob\u00f4 \u00e9 o segundo no pa\u00eds utilizado para reabilita\u00e7\u00e3o<\/figcaption><\/figure>\n\n\n\n<p>\u201c\u00c9 um marco significativo para a unidade, que s\u00f3 foi poss\u00edvel gra\u00e7as \u00e0 dedica\u00e7\u00e3o de todos os profissionais. Desde a identifica\u00e7\u00e3o da necessidade, elabora\u00e7\u00e3o do projeto, at\u00e9 o complexo processo de aquisi\u00e7\u00e3o. Trata-se de um recurso tecnol\u00f3gico de alt\u00edssimo n\u00edvel que ir\u00e1 qualificar ainda mais o processo de reabilita\u00e7\u00e3o dos nossos pacientes\u201d, disse a diretora-geral da unidade, Marina Daminato.<\/p>\n\n\n\n<p>No primeiro momento, pelo menos 150 pacientes da unidade ser\u00e3o beneficiados com a nova tecnologia. Um treinamento de quatro dias foi realizado com a participa\u00e7\u00e3o da equipe multidisciplinar, garantindo que eles estejam aptos a operar o novo dispositivo.<\/p>\n\n\n\n<p>A capacita\u00e7\u00e3o foi dividida em teoria e pr\u00e1tica e, ao final, contou com a participa\u00e7\u00e3o de quatro pacientes previamente selecionados, entre eles uma crian\u00e7a. Todos foram assistidos pela equipe de fisioterapeutas e uma instrutora t\u00e9cnica da empresa fabricante.<\/p>\n\n\n\n<p>Durante todo tratamento, o paciente \u00e9 monitorado por dois computadores que mensuram a qualidade do treinamento para o fisioterapeuta. O resultado \u00e9 uma marcha mais equilibrada, sim\u00e9trica, refinada e conquistada mais rapidamente quando aliada \u00e0 terapia convencional.<\/p>\n\n\n\n<p>\u201cO equipamento agrega um complemento \u00e0 terapia, com treino espec\u00edfico, direcionado e mensur\u00e1vel. Com muita repeti\u00e7\u00e3o de movimentos \u2014 e repeti\u00e7\u00f5es de qualidade. N\u00e3o substitui a fisioterapia convencional, mas traz importante ganho ao processo de reabilita\u00e7\u00e3o, especialmente nos casos em que o fisioterapeuta precisa de um esfor\u00e7o adicional para executar o treino. A ideia n\u00e3o \u00e9 o paciente saber andar \u2018bonito\u2019 na m\u00e1quina, mas de forma correta, alinhada, com padr\u00e3o de marcha e biomec\u00e2nicas adequados\u201d, explica a instrutora t\u00e9cnica e tamb\u00e9m fisioterapeuta, D\u00e9bora Fragoso.<\/p>\n\n\n\n<p>Al\u00e9m disso, a gera\u00e7\u00e3o de dados e relat\u00f3rios personalizados permite medir e ajustar, de forma precisa, o n\u00famero de repeti\u00e7\u00f5es de movimentos, a intensidade da carga aplicada, grau de amplitude, for\u00e7a isom\u00e9trica e rigidez mec\u00e2nica. A expectativa \u00e9 que, a cada semana, a terapia de marcha automatizada aliada \u00e0 fisioterapia convencional traga in\u00fameros progressos \u00e0 habilidade motora do paciente.<\/p>\n\n\n\n<p>A diretora t\u00e9cnica m\u00e9dica da unidade, Marcella Coppini, celebra a chegada do equipamento e prev\u00ea avan\u00e7os no tratamento dos usu\u00e1rios. \u201cEstamos muito contentes com essa aquisi\u00e7\u00e3o. \u00c9 emocionante ver os pacientes que n\u00e3o andam h\u00e1 muito tempo darem seus primeiros passos. Ao longo das sess\u00f5es, esperamos proporcionar mais autonomia e qualidade de vida aos nossos pacientes\u201d.<\/p>\n\n\n\n<h2 class=\"wp-block-heading\">Experi\u00eancia<\/h2>\n\n\n\n<p>Um dos primeiros pacientes a testar o rob\u00f4 foi o morador de S\u00e3o Bernardo do Campo, Pedro Henrique da Souza Brand\u00e3o, de 22 anos. V\u00edtima de um acidente de moto h\u00e1 dois anos, o paciente realiza tratamento na unidade h\u00e1 um ano e sete meses. \u201cA experi\u00eancia foi muito boa e creio que ir\u00e1 beneficiar muitos pacientes como eu. Ainda tenho mobilidade reduzida, mas j\u00e1 melhorei bastante desde que iniciei o tratamento aqui. N\u00e3o tinha o movimento do tronco, e hoje consigo ter muito mais equil\u00edbrio. Acredito que o novo aparelho ir\u00e1 me ajudar ainda mais nessa reabilita\u00e7\u00e3o\u201d.<\/p>\n\n\n\n<p><strong><em><strong><em><strong><em><strong><em><strong><em><strong><em><strong><em><strong><em><strong>Siga nossas redes sociais no\u00a0<a href=\"https:\/\/www.instagram.com\/ronipaparazzi\/\">Instagram\u00a0<\/a>e\u00a0<a href=\"https:\/\/www.facebook.com\/ronipaparazzicomvoce\">Facebook<\/a>\u00a0participe da nossa comunidade do Canal Roni Paparazzi no Whatsapp e receba as principais not\u00edcias da regi\u00e3o de Ara\u00e7atuba do dia direto no seu celular.<\/strong>\u00a0<a href=\"https:\/\/chat.whatsapp.com\/GsG1XKo0jPOEfjzudWQcml\" target=\"_blank\" rel=\"noreferrer noopener\">\u00a0Clique aqui e se inscreva.<\/a><\/em><\/strong><\/em><\/strong><\/em><\/strong><\/em><\/strong><\/em><\/strong><\/em><\/strong><\/em><\/strong><\/em><\/strong><\/p>\n","protected":false},"excerpt":{"rendered":"<p>O Governo de S\u00e3o Paulo, por meio da Secretaria de Estado da Sa\u00fade (SES), adquiriu um novo aparelho rob\u00f3tico de alta tecnologia, o primeiro da rede p\u00fablica estadual e segundo dessa vers\u00e3o dispon\u00edvel no pa\u00eds. Com investimento de R$ 3,8 milh\u00f5es, o equipamento \u00e9 l\u00edder mundial em reabilita\u00e7\u00e3o de marcha e terapia intensiva assistida por &hellip;<\/p>\n","protected":false},"author":1,"featured_media":11786,"comment_status":"open","ping_status":"open","sticky":false,"template":"","format":"standard","meta":{"_jetpack_memberships_contains_paid_content":false,"footnotes":"","jetpack_publicize_message":"","jetpack_publicize_feature_enabled":true,"jetpack_social_post_already_shared":false,"jetpack_social_options":{"image_generator_settings":{"template":"highway","default_image_id":0,"enabled":false},"version":2}},"categories":[4],"tags":[],"class_list":["post-11785","post","type-post","status-publish","format-standard","has-post-thumbnail","hentry","category-regiao"],"jetpack_publicize_connections":[],"jetpack_featured_media_url":"https:\/\/i0.wp.com\/www.paparazzinews.com.br\/wp-content\/uploads\/2024\/09\/lucy_diadema_lokomat_2-1-1536x1024-1.jpg?fit=1536%2C1024&ssl=1","views":"2043","jetpack_likes_enabled":true,"jetpack_sharing_enabled":true,"_links":{"self":[{"href":"https:\/\/www.paparazzinews.com.br\/index.php?rest_route=\/wp\/v2\/posts\/11785","targetHints":{"allow":["GET"]}}],"collection":[{"href":"https:\/\/www.paparazzinews.com.br\/index.php?rest_route=\/wp\/v2\/posts"}],"about":[{"href":"https:\/\/www.paparazzinews.com.br\/index.php?rest_route=\/wp\/v2\/types\/post"}],"author":[{"embeddable":true,"href":"https:\/\/www.paparazzinews.com.br\/index.php?rest_route=\/wp\/v2\/users\/1"}],"replies":[{"embeddable":true,"href":"https:\/\/www.paparazzinews.com.br\/index.php?rest_route=%2Fwp%2Fv2%2Fcomments&post=11785"}],"version-history":[{"count":1,"href":"https:\/\/www.paparazzinews.com.br\/index.php?rest_route=\/wp\/v2\/posts\/11785\/revisions"}],"predecessor-version":[{"id":11787,"href":"https:\/\/www.paparazzinews.com.br\/index.php?rest_route=\/wp\/v2\/posts\/11785\/revisions\/11787"}],"wp:featuredmedia":[{"embeddable":true,"href":"https:\/\/www.paparazzinews.com.br\/index.php?rest_route=\/wp\/v2\/media\/11786"}],"wp:attachment":[{"href":"https:\/\/www.paparazzinews.com.br\/index.php?rest_route=%2Fwp%2Fv2%2Fmedia&parent=11785"}],"wp:term":[{"taxonomy":"category","embeddable":true,"href":"https:\/\/www.paparazzinews.com.br\/index.php?rest_route=%2Fwp%2Fv2%2Fcategories&post=11785"},{"taxonomy":"post_tag","embeddable":true,"href":"https:\/\/www.paparazzinews.com.br\/index.php?rest_route=%2Fwp%2Fv2%2Ftags&post=11785"}],"curies":[{"name":"wp","href":"https:\/\/api.w.org\/{rel}","templated":true}]}}