{"id":11781,"date":"2024-09-07T17:38:53","date_gmt":"2024-09-07T20:38:53","guid":{"rendered":"https:\/\/www.paparazzinews.com.br\/?p=11781"},"modified":"2024-09-07T17:38:55","modified_gmt":"2024-09-07T20:38:55","slug":"filhote-de-onca-parda-e-resgatado-de-incendio-florestal-no-interior-paulista","status":"publish","type":"post","link":"https:\/\/www.paparazzinews.com.br\/?p=11781","title":{"rendered":"Filhote de on\u00e7a-parda \u00e9 resgatado de inc\u00eandio florestal no interior paulista"},"content":{"rendered":"\n<p>Um filhote de on\u00e7a-parda resgatado de um inc\u00eandio florestal foi encaminhado nesta quinta-feira ao centro de atendimento de animais silvestres de Ribeir\u00e3o Preto. Com a chegada desse beb\u00ea e outros animais a unidades da rede de atendimento e reabilita\u00e7\u00e3o estruturada pelo governo do Estado, subiu para 70 o n\u00famero de\u00a0<a href=\"https:\/\/www.agenciasp.sp.gov.br\/incendios-florestais-sp-monta-rede-de-atendimento-para-animais-silvestres-vitimas-das-queimadas\/\">atendimentos desde o in\u00edcio da onda de inc\u00eandios no interior paulista, h\u00e1 duas semanas<\/a>. Os que morreram j\u00e1 somam 38, e 32 continuam em tratamento. S\u00e3o animais expulsos de suas casas pelas chamas e que recebem agora tratamento para voltarem \u00e0 natureza ou, quando n\u00e3o for poss\u00edvel, serem destinados a abrigos adequados. A informa\u00e7\u00e3o \u00e9 da Ag\u00eancia SP.<\/p>\n\n\n\n<p>A oncinha, um macho batizado Benedito, foi capturada por funcion\u00e1rios de uma usina na \u00e1rea rural de S\u00e3o Joaquim da Barra e levada ao zool\u00f3gico do munic\u00edpio de Gua\u00edra. Ela se distanciou da m\u00e3e e do irm\u00e3o ao tentar fugir do fogo na mata e foi atropelada em uma rodovia. O outro filhote foi encontrado morto, e a m\u00e3e continua desaparecida.<\/p>\n\n\n\n<p>Com les\u00e3o grave em uma das patas, Benedito foi encaminhado ao Centro de Triagem e Reabilita\u00e7\u00e3o (Cetras) Morro de S\u00e3o Bento para tratamento multidisciplinar. Segundo informa\u00e7\u00f5es do zootecnista Alexandre Gouvea, o filhote teve dois dedos amputados e perdeu grande parte dos movimentos da pata em raz\u00e3o do atropelamento. \u201cEle n\u00e3o ter\u00e1 chances de retornar \u00e0 vida livre, j\u00e1 que n\u00e3o poder\u00e1 mais usar esse membro para ca\u00e7ar e comer\u201d, lamentou. A boa not\u00edcia \u00e9 que o filhote est\u00e1 se recuperando bem e mamando bastante. Em apenas tr\u00eas dias, ganhou 250 gramas.<\/p>\n\n\n\n<p>O Cetras recebeu tamb\u00e9m um macaco da esp\u00e9cie bugio, que chegou bastante estressado e machucado. O animal, uma f\u00eamea adulta, foi resgatado no munic\u00edpio de Guatapar\u00e1. Depois de fugir da mata em chamas, entrou em uma resid\u00eancia e foi mordido por um cachorro. Seu estado de sa\u00fade \u00e9 grave.<\/p>\n\n\n\n<p>Vit\u00f3ria, o tamandu\u00e1-bandeira que estava em tratamento na mesma unidade, n\u00e3o resistiu e morreu ontem. Ela teve infec\u00e7\u00e3o generalizada por conta das queimaduras de terceiro grau e duas paradas card\u00edacas.<\/p>\n\n\n\n<p>Em Jundia\u00ed, a Associa\u00e7\u00e3o Mata Ciliar divulgou um balan\u00e7o ontem dos animais atendidos nos \u00faltimos dez dias: foram 28 atropelados, possivelmente tentando fugir dos inc\u00eandios. Entre eles, est\u00e1 um filhote de veado com problemas respirat\u00f3rios.<\/p>\n\n\n\n<h2 class=\"wp-block-heading\">Rede de apoio em alerta total<\/h2>\n\n\n\n<p>O Cetras e a Associa\u00e7\u00e3o Mata Ciliar integram a rede de atendimento e reabilita\u00e7\u00e3o estruturada pelo departamento de fauna silvestre da Secretaria de Meio Ambiente, Infraestrutura e Log\u00edstica do Estado (Semil) para receber animais vitimados pelos inc\u00eandios florestais que est\u00e3o ocorrendo principalmente no interior paulista. J\u00e1 s\u00e3o 26 unidades integradas, que est\u00e3o em alerta para atender animais resgatados das queimadas e outros que, ao tentar fugir do fogo, acabam muitas vezes sendo atropelados nas rodovias.<\/p>\n\n\n\n<p>A medida faz parte de um conjunto de a\u00e7\u00f5es do gabinete de crise anunciado pelo governo para combater os inc\u00eandios que atingiram o interior do estado.<\/p>\n\n\n\n<p>Essa rede foi criada para atender os animais afetados pelos inc\u00eandios florestais no interior paulista. Com 26 unidades integradas em alerta, profissionais est\u00e3o prontos para resgatar e reabilitar esses animais, que incluem ainda cobras, lagartos, gamb\u00e1s e macacos-prego. A colabora\u00e7\u00e3o entre os centros de triagem e a comunidade \u00e9 essencial para garantir o cuidado necess\u00e1rio.<\/p>\n\n\n\n<p>Isabella Saraiva, diretora do Departamento da Fauna Silvestre, destacou a import\u00e2ncia desse esfor\u00e7o conjunto: \u201cTodos os centros autorizados se prontificaram a colaborar gratuitamente.\u201d A popula\u00e7\u00e3o \u00e9 orientada a n\u00e3o tentar resgatar animais feridos sozinha. O correto \u00e9 entrar em contato com a Pol\u00edcia Militar Ambiental (190), Corpo de Bombeiros (193) ou Guarda Municipal. Se uma cl\u00ednica veterin\u00e1ria n\u00e3o especializada receber um animal selvagem, deve encaminh\u00e1-lo para uma das unidades autorizadas do Cetras.<\/p>\n\n\n\n<p>Lista atualizada de CETRAS e CRAS em funcionamento no Estado podem ser verificados&nbsp;<a href=\"https:\/\/semil.sp.gov.br\/sma\/gestao-fauna\/\">aqui<\/a>.<\/p>\n\n\n\n<figure class=\"wp-block-image\"><img data-recalc-dims=\"1\" height=\"398\" width=\"708\" decoding=\"async\" src=\"https:\/\/i0.wp.com\/www.agenciasp.sp.gov.br\/wp-content\/uploads\/2024\/09\/Veado-resgatado-em-queimada-1024x576.png?resize=708%2C398&#038;ssl=1\" alt=\"\" class=\"wp-image-18243\"\/><\/figure>\n\n\n\n<p><strong><em><strong><em><strong><em><strong><em><strong><em><strong><em><strong><em><strong><em><strong>Siga nossas redes sociais no&nbsp;<a href=\"https:\/\/www.instagram.com\/ronipaparazzi\/\">Instagram&nbsp;<\/a>e&nbsp;<a href=\"https:\/\/www.facebook.com\/ronipaparazzicomvoce\">Facebook<\/a>&nbsp;participe da nossa comunidade do Canal Roni Paparazzi no Whatsapp e receba as principais not\u00edcias da regi\u00e3o de Ara\u00e7atuba do dia direto no seu celular.<\/strong>&nbsp;<a href=\"https:\/\/chat.whatsapp.com\/GsG1XKo0jPOEfjzudWQcml\" target=\"_blank\" rel=\"noreferrer noopener\">&nbsp;Clique aqui e se inscreva.<\/a><\/em><\/strong><\/em><\/strong><\/em><\/strong><\/em><\/strong><\/em><\/strong><\/em><\/strong><\/em><\/strong><\/em><\/strong><\/p>\n","protected":false},"excerpt":{"rendered":"<p>Um filhote de on\u00e7a-parda resgatado de um inc\u00eandio florestal foi encaminhado nesta quinta-feira ao centro de atendimento de animais silvestres de Ribeir\u00e3o Preto. Com a chegada desse beb\u00ea e outros animais a unidades da rede de atendimento e reabilita\u00e7\u00e3o estruturada pelo governo do Estado, subiu para 70 o n\u00famero de\u00a0atendimentos desde o in\u00edcio da onda &hellip;<\/p>\n","protected":false},"author":1,"featured_media":11783,"comment_status":"open","ping_status":"open","sticky":false,"template":"","format":"standard","meta":{"_jetpack_memberships_contains_paid_content":false,"footnotes":"","jetpack_publicize_message":"","jetpack_publicize_feature_enabled":true,"jetpack_social_post_already_shared":false,"jetpack_social_options":{"image_generator_settings":{"template":"highway","default_image_id":0,"enabled":false},"version":2}},"categories":[4],"tags":[],"class_list":["post-11781","post","type-post","status-publish","format-standard","has-post-thumbnail","hentry","category-regiao"],"jetpack_publicize_connections":[],"jetpack_featured_media_url":"https:\/\/i0.wp.com\/www.paparazzinews.com.br\/wp-content\/uploads\/2024\/09\/Captura-de-Tela-94-1536x864-1.png?fit=1536%2C864&ssl=1","views":"2145","jetpack_likes_enabled":true,"jetpack_sharing_enabled":true,"_links":{"self":[{"href":"https:\/\/www.paparazzinews.com.br\/index.php?rest_route=\/wp\/v2\/posts\/11781","targetHints":{"allow":["GET"]}}],"collection":[{"href":"https:\/\/www.paparazzinews.com.br\/index.php?rest_route=\/wp\/v2\/posts"}],"about":[{"href":"https:\/\/www.paparazzinews.com.br\/index.php?rest_route=\/wp\/v2\/types\/post"}],"author":[{"embeddable":true,"href":"https:\/\/www.paparazzinews.com.br\/index.php?rest_route=\/wp\/v2\/users\/1"}],"replies":[{"embeddable":true,"href":"https:\/\/www.paparazzinews.com.br\/index.php?rest_route=%2Fwp%2Fv2%2Fcomments&post=11781"}],"version-history":[{"count":2,"href":"https:\/\/www.paparazzinews.com.br\/index.php?rest_route=\/wp\/v2\/posts\/11781\/revisions"}],"predecessor-version":[{"id":11784,"href":"https:\/\/www.paparazzinews.com.br\/index.php?rest_route=\/wp\/v2\/posts\/11781\/revisions\/11784"}],"wp:featuredmedia":[{"embeddable":true,"href":"https:\/\/www.paparazzinews.com.br\/index.php?rest_route=\/wp\/v2\/media\/11783"}],"wp:attachment":[{"href":"https:\/\/www.paparazzinews.com.br\/index.php?rest_route=%2Fwp%2Fv2%2Fmedia&parent=11781"}],"wp:term":[{"taxonomy":"category","embeddable":true,"href":"https:\/\/www.paparazzinews.com.br\/index.php?rest_route=%2Fwp%2Fv2%2Fcategories&post=11781"},{"taxonomy":"post_tag","embeddable":true,"href":"https:\/\/www.paparazzinews.com.br\/index.php?rest_route=%2Fwp%2Fv2%2Ftags&post=11781"}],"curies":[{"name":"wp","href":"https:\/\/api.w.org\/{rel}","templated":true}]}}