{"id":11748,"date":"2024-09-06T17:14:58","date_gmt":"2024-09-06T20:14:58","guid":{"rendered":"https:\/\/www.paparazzinews.com.br\/?p=11748"},"modified":"2024-09-06T17:14:59","modified_gmt":"2024-09-06T20:14:59","slug":"governo-de-sp-libera-r-59-milhoes-para-combate-a-incendios-florestais-com-aeronaves","status":"publish","type":"post","link":"https:\/\/www.paparazzinews.com.br\/?p=11748","title":{"rendered":"Governo de SP libera R$ 5,9 milh\u00f5es para combate a inc\u00eandios florestais com aeronaves"},"content":{"rendered":"\n<p>O Governo de S\u00e3o Paulo liberou R$ 5,9 milh\u00f5es para a contrata\u00e7\u00e3o de servi\u00e7os de monitoramento e combate a inc\u00eandios florestais com aeronaves. Os recursos destinados \u00e0 Casa Militar v\u00e3o auxiliar no enfrentamento das queimadas que se agravam por conta das condi\u00e7\u00f5es meteorol\u00f3gicas adversas nas pr\u00f3ximas semanas, com previs\u00e3o de tempo seco, ventos e altas temperaturas.\u00a0A informa\u00e7\u00e3o \u00e9 da Ag\u00eancia SP.<\/p>\n\n\n\n<p>As aeronaves s\u00e3o importantes nos trabalhos em regi\u00f5es de dif\u00edcil acesso por vias terrestres, como no caso das unidades de conserva\u00e7\u00e3o. Elas s\u00e3o utilizadas para despejar \u00e1gua para conter as chamas, al\u00e9m de auxiliarem a monitorar e localizar focos.<\/p>\n\n\n\n<p>Os quase R$ 6 milh\u00f5es liberados nesta quinta-feira (5) v\u00e3o permitir a contrata\u00e7\u00e3o de 120 horas de voo de monitoramento e 300 de combate a\u00e9reo, somando 420 horas.<\/p>\n\n\n\n<p>O Governo de S\u00e3o Paulo j\u00e1 conta com a contrata\u00e7\u00e3o de outras 1.200 horas de voo via Secretaria do Meio Ambiente, Infraestrutura e Log\u00edstica (Semil) e 200 horas pela Defesa Civil que podem ser utilizadas nas queimadas. Os helic\u00f3pteros da Pol\u00edcia Militar tamb\u00e9m auxiliam no combate ao fogo. Os trabalhos no per\u00edodo de estiagem s\u00e3o coordenados pela Opera\u00e7\u00e3o SP Sem Fogo, que desde junho est\u00e1 na fase vermelha de aten\u00e7\u00e3o \u00e0s queimadas. Al\u00e9m de Defesa Civil e Semil, a a\u00e7\u00e3o conta com as secretarias da Seguran\u00e7a P\u00fablica (SSP) e da Agricultura.<\/p>\n\n\n\n<p>Desde o dia 23 de agosto, quando a situa\u00e7\u00e3o se agravou, o Governo de S\u00e3o Paulo mant\u00e9m o Gabinete de Crise para refor\u00e7ar o enfrentamento ao fogo. O n\u00famero de focos de calor cresceu 386% entre janeiro e agosto deste ano, na compara\u00e7\u00e3o com 2023. Al\u00e9m disso, cerca de 8.049 propriedades rurais foram afetadas pelos inc\u00eandios em 317 munic\u00edpios.<\/p>\n\n\n\n<p>O Governo de S\u00e3o Paulo vem refor\u00e7ando a estrutura que j\u00e1 estava preparada para o per\u00edodo de estiagem. Al\u00e9m dos R$ 5,9 milh\u00f5es para as aeronaves, o efetivo terrestre tamb\u00e9m foi ampliado nesta semana. Ser\u00e3o 15 novas equipes que ir\u00e3o atuar nas Unidades de Conserva\u00e7\u00e3o, somando-se \u00e0s 19 j\u00e1 existentes.<\/p>\n\n\n\n<p>S\u00e3o mais 45 bombeiros civis, com 15 ve\u00edculos 4\u00d74, equipados com motobombas com capacidade de 600 litros d\u2019\u00e1gua e mangueira acoplada, e novos equipamentos de controle do fogo. Assim, o n\u00famero de bombeiros sobe de 57 para 102 pessoas, aumento de quase 80%.<\/p>\n\n\n\n<p>Outra a\u00e7\u00e3o visando o controle das queimadas foi o fechamento dos parques localizados nas Unidades de Conserva\u00e7\u00e3o da regi\u00e3o metropolitana e interior paulista. O objetivo \u00e9 proteger a vegeta\u00e7\u00e3o e visitantes e tamb\u00e9m concentrar o trabalho dos funcion\u00e1rios dessas \u00e1reas no monitoramento de focos.<\/p>\n\n\n\n<p><strong><em><strong><em><strong><em><strong><em><strong><em><strong><em><strong><em><strong><em><strong>Siga nossas redes sociais no\u00a0<a href=\"https:\/\/www.instagram.com\/ronipaparazzi\/\">Instagram\u00a0<\/a>e\u00a0<a href=\"https:\/\/www.facebook.com\/ronipaparazzicomvoce\">Facebook<\/a>\u00a0participe da nossa comunidade do Canal Roni Paparazzi no Whatsapp e receba as principais not\u00edcias da regi\u00e3o de Ara\u00e7atuba do dia direto no seu celular.<\/strong>\u00a0<a href=\"https:\/\/chat.whatsapp.com\/GsG1XKo0jPOEfjzudWQcml\" target=\"_blank\" rel=\"noreferrer noopener\">\u00a0Clique aqui e se inscreva.<\/a><\/em><\/strong><\/em><\/strong><\/em><\/strong><\/em><\/strong><\/em><\/strong><\/em><\/strong><\/em><\/strong><\/em><\/strong><\/p>\n","protected":false},"excerpt":{"rendered":"<p>O Governo de S\u00e3o Paulo liberou R$ 5,9 milh\u00f5es para a contrata\u00e7\u00e3o de servi\u00e7os de monitoramento e combate a inc\u00eandios florestais com aeronaves. Os recursos destinados \u00e0 Casa Militar v\u00e3o auxiliar no enfrentamento das queimadas que se agravam por conta das condi\u00e7\u00f5es meteorol\u00f3gicas adversas nas pr\u00f3ximas semanas, com previs\u00e3o de tempo seco, ventos e altas &hellip;<\/p>\n","protected":false},"author":1,"featured_media":11749,"comment_status":"open","ping_status":"open","sticky":false,"template":"","format":"standard","meta":{"_jetpack_memberships_contains_paid_content":false,"footnotes":"","jetpack_publicize_message":"","jetpack_publicize_feature_enabled":true,"jetpack_social_post_already_shared":false,"jetpack_social_options":{"image_generator_settings":{"template":"highway","default_image_id":0,"enabled":false},"version":2}},"categories":[4],"tags":[],"class_list":["post-11748","post","type-post","status-publish","format-standard","has-post-thumbnail","hentry","category-regiao"],"jetpack_publicize_connections":[],"jetpack_featured_media_url":"https:\/\/i0.wp.com\/www.paparazzinews.com.br\/wp-content\/uploads\/2024\/09\/WhatsApp-Image-2024-09-06-at-16.01.49-1536x1024-1.jpeg?fit=1536%2C1024&ssl=1","views":"2026","jetpack_likes_enabled":true,"jetpack_sharing_enabled":true,"_links":{"self":[{"href":"https:\/\/www.paparazzinews.com.br\/index.php?rest_route=\/wp\/v2\/posts\/11748","targetHints":{"allow":["GET"]}}],"collection":[{"href":"https:\/\/www.paparazzinews.com.br\/index.php?rest_route=\/wp\/v2\/posts"}],"about":[{"href":"https:\/\/www.paparazzinews.com.br\/index.php?rest_route=\/wp\/v2\/types\/post"}],"author":[{"embeddable":true,"href":"https:\/\/www.paparazzinews.com.br\/index.php?rest_route=\/wp\/v2\/users\/1"}],"replies":[{"embeddable":true,"href":"https:\/\/www.paparazzinews.com.br\/index.php?rest_route=%2Fwp%2Fv2%2Fcomments&post=11748"}],"version-history":[{"count":1,"href":"https:\/\/www.paparazzinews.com.br\/index.php?rest_route=\/wp\/v2\/posts\/11748\/revisions"}],"predecessor-version":[{"id":11750,"href":"https:\/\/www.paparazzinews.com.br\/index.php?rest_route=\/wp\/v2\/posts\/11748\/revisions\/11750"}],"wp:featuredmedia":[{"embeddable":true,"href":"https:\/\/www.paparazzinews.com.br\/index.php?rest_route=\/wp\/v2\/media\/11749"}],"wp:attachment":[{"href":"https:\/\/www.paparazzinews.com.br\/index.php?rest_route=%2Fwp%2Fv2%2Fmedia&parent=11748"}],"wp:term":[{"taxonomy":"category","embeddable":true,"href":"https:\/\/www.paparazzinews.com.br\/index.php?rest_route=%2Fwp%2Fv2%2Fcategories&post=11748"},{"taxonomy":"post_tag","embeddable":true,"href":"https:\/\/www.paparazzinews.com.br\/index.php?rest_route=%2Fwp%2Fv2%2Ftags&post=11748"}],"curies":[{"name":"wp","href":"https:\/\/api.w.org\/{rel}","templated":true}]}}