{"id":11720,"date":"2024-09-05T16:11:39","date_gmt":"2024-09-05T19:11:39","guid":{"rendered":"https:\/\/www.paparazzinews.com.br\/?p=11720"},"modified":"2024-09-05T16:11:40","modified_gmt":"2024-09-05T19:11:40","slug":"sp-entrega-novo-centro-de-transplantes-de-medula-ossea-no-instituto-do-cancer","status":"publish","type":"post","link":"https:\/\/www.paparazzinews.com.br\/?p=11720","title":{"rendered":"SP entrega novo centro de transplantes de medula \u00f3ssea no Instituto do C\u00e2ncer"},"content":{"rendered":"\n<p>O governador Tarc\u00edsio de Freitas inaugurou nesta quinta-feira (5) o Centro de Transplantes de Medula \u00d3ssea do Instituto do C\u00e2ncer do Estado de S\u00e3o Paulo (Icesp). O novo espa\u00e7o permitir\u00e1 que o hospital passe a realizar este tipo de transplante e amplia a capacidade de procedimentos no Estado.\u00a0A informa\u00e7\u00e3o \u00e9 da Ag\u00eancia SP.<\/p>\n\n\n\n<p>O investimento do Governo de SP no equipamento, que \u00e9 parte do complexo do Hospital das Cl\u00ednicas da Faculdade de Medicina da USP (HCFMUSP), foi de R$ 7,5 milh\u00f5es e tamb\u00e9m contempla a moderniza\u00e7\u00e3o e expans\u00e3o dos leitos de interna\u00e7\u00e3o da unidade.<\/p>\n\n\n\n<p>\u201cN\u00f3s temos aqui um dos maiores institutos do Brasil e do mundo, o Icesp. As pessoas que vierem para c\u00e1 v\u00e3o ter chances. Nosso primeiro ato p\u00fablico de sa\u00fade foi a abertura de 45 leitos do Icesp e hoje temos a oportunidade de abrir esse Centro de Transplante de Medula \u00d3ssea\u201d, afirmou o governador. \u201cSe eu pudesse traduzir esse encontro em uma palavra, seria \u2018esperan\u00e7a\u2019. Quando voc\u00ea entra aqui e fala com as pessoas, todas elas est\u00e3o buscando vit\u00f3ria sobre essa doen\u00e7a. O que cabe ao estado \u00e9 colocar recurso e dar estrutura para que muitas vidas sejam salvas\u201d, completou Tarc\u00edsio.<\/p>\n\n\n\n<p>A solenidade de inaugura\u00e7\u00e3o contou ainda com a presen\u00e7a do secret\u00e1rio de Estado da Sa\u00fade, Eleuses Paiva, al\u00e9m do reitor da USP, Carlos Carlotti J\u00fanior, e diretores e professores do Hospital das Cl\u00ednicas e do Instituto do C\u00e2ncer, entre outras autoridades.<\/p>\n\n\n\n<figure class=\"wp-block-image\"><img data-recalc-dims=\"1\" height=\"472\" width=\"708\" decoding=\"async\" src=\"https:\/\/i0.wp.com\/www.agenciasp.sp.gov.br\/wp-content\/uploads\/2024\/09\/entrega-de-Centro-de-Transplante-de-Medula-Ossea-1024x683.jpg?resize=708%2C472\" alt=\"\" class=\"wp-image-17813\"\/><figcaption class=\"wp-element-caption\">Governo de SP inaugurou nesta quinta (5) o Centro de Transplantes de Medula \u00d3ssea do Instituto do C\u00e2ncer (Icesp)<\/figcaption><\/figure>\n\n\n\n<p>Com a entrega do equipamento, ser\u00e1 poss\u00edvel realizar, aproximadamente, 100 transplantes por ano, sem a necessidade de deslocamento para outra unidade de atendimento. Antes da inaugura\u00e7\u00e3o, os pacientes do Icesp realizavam o transplante de medula \u00f3ssea no Instituto Central do HC.<\/p>\n\n\n\n<p>\u201cAumentamos, nos primeiros seis meses deste ano, os atendimentos em oncologia em 17%. Estamos criando uma perspectiva para quem aguarda atendimento e para que as filas andem. Para isso, eu e o governador Tarc\u00edsio anunciamos R$ 300 milh\u00f5es do Tesouro Estadual para aumentar a oferta no SUS neste ano\u201d, afirma o secret\u00e1rio da Sa\u00fade, Eleuses Paiva.<\/p>\n\n\n\n<p>Localizada no 22\u00ba andar do Instituto, a nova ala conta com leitos totalmente adaptados \u00e0s necessidades dos pacientes submetidos ao transplante, sendo dois leitos destinados \u00e0 realiza\u00e7\u00e3o de transplantes alog\u00eanicos (uso de medula de um doador) e seis leitos para transplantes aut\u00f3logos (uso de c\u00e9lulas do pr\u00f3prio paciente).<\/p>\n\n\n\n<p>As obras tamb\u00e9m contemplaram a reestrutura\u00e7\u00e3o de 12 leitos em apartamentos individuais prioritariamente voltados para o tratamento de patologias de onco-hematologia como leucemias e linfomas. Devido \u00e0s caracter\u00edsticas de agressividade e r\u00e1pida evolu\u00e7\u00e3o, essas doen\u00e7as geralmente se manifestam em quadros de alta gravidade, demandam interna\u00e7\u00f5es prolongadas e alto consumo de recursos. Al\u00e9m do isolamento adequado, o setor conta com filtros de ar e \u00e1gua, assim como assist\u00eancia m\u00e9dica setorizada.<\/p>\n\n\n\n<p>\u201cO transplante de medula \u00f3ssea se apresenta como um tratamento muito importante para a redu\u00e7\u00e3o das mortes causadas por neoplasias hematol\u00f3gicas. Para muitos pacientes, representa a \u00fanica chance de cura. Considerando a natureza progressiva das doen\u00e7as oncol\u00f3gicas, \u00e9 essencial que o transplante seja realizado em tempo oportuno, tendo em vista o agravamento da doen\u00e7a e at\u00e9 mesmo uma poss\u00edvel perda da janela para a realiza\u00e7\u00e3o do procedimento\u201d, diz o Prof. Dr. William Nahas, presidente do Conselho Diretor do Icesp.<\/p>\n\n\n\n<p>A nova ala conta com uma sala equipada para reabilita\u00e7\u00e3o dos pacientes p\u00f3s transplantes, para que eles possam fazer a reabilita\u00e7\u00e3o no pr\u00f3prio setor, o que confere maior seguran\u00e7a e prote\u00e7\u00e3o.<\/p>\n\n\n\n<p>Para garantir a seguran\u00e7a dos pacientes, o acesso aos leitos ocorre por meio de antec\u00e2maras com press\u00e3o negativa, como barreira prim\u00e1ria para evitar a entrada de ar n\u00e3o tratado e filtrado no ambiente. Na parte interna dos quartos foi instalado um sistema de ar-condicionado com cascata de press\u00e3o positiva, equipados com filtros absolutos, capazes de remover part\u00edculas a\u00e9reas potencialmente nocivas, incluindo bact\u00e9rias, v\u00edrus ou esporos de fungos, estrat\u00e9gias que oferecem um ambiente seguro aos pacientes imunocomprometidos.<\/p>\n\n\n\n<p><strong><em><strong><em><strong><em><strong><em><strong><em><strong><em><strong><em><strong><em><strong>Siga nossas redes sociais no\u00a0<a href=\"https:\/\/www.instagram.com\/ronipaparazzi\/\">Instagram\u00a0<\/a>e\u00a0<a href=\"https:\/\/www.facebook.com\/ronipaparazzicomvoce\">Facebook<\/a>\u00a0participe da nossa comunidade do Canal Roni Paparazzi no Whatsapp e receba as principais not\u00edcias da regi\u00e3o de Ara\u00e7atuba do dia direto no seu celular.<\/strong>\u00a0<a href=\"https:\/\/chat.whatsapp.com\/GsG1XKo0jPOEfjzudWQcml\" target=\"_blank\" rel=\"noreferrer noopener\">\u00a0Clique aqui e se inscreva.<\/a><\/em><\/strong><\/em><\/strong><\/em><\/strong><\/em><\/strong><\/em><\/strong><\/em><\/strong><\/em><\/strong><\/em><\/strong><\/p>\n","protected":false},"excerpt":{"rendered":"<p>O governador Tarc\u00edsio de Freitas inaugurou nesta quinta-feira (5) o Centro de Transplantes de Medula \u00d3ssea do Instituto do C\u00e2ncer do Estado de S\u00e3o Paulo (Icesp). O novo espa\u00e7o permitir\u00e1 que o hospital passe a realizar este tipo de transplante e amplia a capacidade de procedimentos no Estado.\u00a0A informa\u00e7\u00e3o \u00e9 da Ag\u00eancia SP. O investimento &hellip;<\/p>\n","protected":false},"author":1,"featured_media":11721,"comment_status":"open","ping_status":"open","sticky":false,"template":"","format":"standard","meta":{"_jetpack_memberships_contains_paid_content":false,"footnotes":"","jetpack_publicize_message":"","jetpack_publicize_feature_enabled":true,"jetpack_social_post_already_shared":false,"jetpack_social_options":{"image_generator_settings":{"template":"highway","default_image_id":0,"enabled":false},"version":2}},"categories":[4],"tags":[],"class_list":["post-11720","post","type-post","status-publish","format-standard","has-post-thumbnail","hentry","category-regiao"],"jetpack_publicize_connections":[],"jetpack_featured_media_url":"https:\/\/i0.wp.com\/www.paparazzinews.com.br\/wp-content\/uploads\/2024\/09\/53972920631_5e761c7615_k-1536x1025-1.jpg?fit=1536%2C1025&ssl=1","views":"2028","jetpack_likes_enabled":true,"jetpack_sharing_enabled":true,"_links":{"self":[{"href":"https:\/\/www.paparazzinews.com.br\/index.php?rest_route=\/wp\/v2\/posts\/11720","targetHints":{"allow":["GET"]}}],"collection":[{"href":"https:\/\/www.paparazzinews.com.br\/index.php?rest_route=\/wp\/v2\/posts"}],"about":[{"href":"https:\/\/www.paparazzinews.com.br\/index.php?rest_route=\/wp\/v2\/types\/post"}],"author":[{"embeddable":true,"href":"https:\/\/www.paparazzinews.com.br\/index.php?rest_route=\/wp\/v2\/users\/1"}],"replies":[{"embeddable":true,"href":"https:\/\/www.paparazzinews.com.br\/index.php?rest_route=%2Fwp%2Fv2%2Fcomments&post=11720"}],"version-history":[{"count":1,"href":"https:\/\/www.paparazzinews.com.br\/index.php?rest_route=\/wp\/v2\/posts\/11720\/revisions"}],"predecessor-version":[{"id":11722,"href":"https:\/\/www.paparazzinews.com.br\/index.php?rest_route=\/wp\/v2\/posts\/11720\/revisions\/11722"}],"wp:featuredmedia":[{"embeddable":true,"href":"https:\/\/www.paparazzinews.com.br\/index.php?rest_route=\/wp\/v2\/media\/11721"}],"wp:attachment":[{"href":"https:\/\/www.paparazzinews.com.br\/index.php?rest_route=%2Fwp%2Fv2%2Fmedia&parent=11720"}],"wp:term":[{"taxonomy":"category","embeddable":true,"href":"https:\/\/www.paparazzinews.com.br\/index.php?rest_route=%2Fwp%2Fv2%2Fcategories&post=11720"},{"taxonomy":"post_tag","embeddable":true,"href":"https:\/\/www.paparazzinews.com.br\/index.php?rest_route=%2Fwp%2Fv2%2Ftags&post=11720"}],"curies":[{"name":"wp","href":"https:\/\/api.w.org\/{rel}","templated":true}]}}