{"id":11708,"date":"2024-09-05T15:35:55","date_gmt":"2024-09-05T18:35:55","guid":{"rendered":"https:\/\/www.paparazzinews.com.br\/?p=11708"},"modified":"2024-09-05T15:35:56","modified_gmt":"2024-09-05T18:35:56","slug":"profissionais-de-educacao-fisica-de-sp-defendem-importancia-da-atividade-fisica-tao-importante-quanto-comer-e-dormir","status":"publish","type":"post","link":"https:\/\/www.paparazzinews.com.br\/?p=11708","title":{"rendered":"Profissionais de Educa\u00e7\u00e3o F\u00edsica de SP defendem import\u00e2ncia da atividade f\u00edsica: \u2018T\u00e3o importante quanto comer e dormir\u2019"},"content":{"rendered":"\n<p>Manter a sa\u00fade em dia e reduzir danos f\u00edsicos a m\u00e9dio e longo prazo n\u00e3o \u00e9 t\u00e3o complicado quanto parece. Simplificar a pr\u00e1tica da atividade f\u00edsica \u00e9 s\u00f3 uma das atribui\u00e7\u00f5es do profissional de Educa\u00e7\u00e3o F\u00edsica.<\/p>\n\n\n\n<p>Servidores da Secretaria de Esportes do Estado de S\u00e3o Paulo, Luis Carlos de Oliveira e Camila Jord\u00e3o s\u00e3o graduados na \u00e1rea e vivem de propagar o bem-estar. Para eles, o profissional de Educa\u00e7\u00e3o F\u00edsica precisa ser esse fio condutor que leva um indiv\u00edduo a abra\u00e7ar uma vida mais saud\u00e1vel.<\/p>\n\n\n\n<p>\u201cO principal trabalho de cunho social do profissional de Educa\u00e7\u00e3o F\u00edsica \u00e9 capacitar as pessoas a utilizarem a pr\u00e1tica de exerc\u00edcio no sentido de melhorar a sua condi\u00e7\u00e3o de vida. As pesquisas cient\u00edficas mostram que a atividade f\u00edsica cotidiana \u00e9 t\u00e3o fundamental quanto dormir e comer\u201d, diz Luis Carlos, corroborando com o estudo feito pela Universidade de Harvard que estabelece que uma caminhada de 20 minutos por pelo menos cinco dias da semana reduz em at\u00e9 43% as chances de uma pessoa contrair uma doen\u00e7a grave.<\/p>\n\n\n\n<p>\u201cEsporte inibe o uso de medica\u00e7\u00f5es \u2013 um pr\u00e9-diab\u00e9tico, por exemplo, deixa de ter essa condi\u00e7\u00e3o -, ajuda na fun\u00e7\u00e3o cognitiva das crian\u00e7as, na socializa\u00e7\u00e3o e diminui os gastos com a sa\u00fade p\u00fablica\u201d, complementa Camila.<\/p>\n\n\n\n<p>Apesar dos esfor\u00e7os, um profissional de Educa\u00e7\u00e3o F\u00edsica n\u00e3o consegue mudar uma realidade global sozinho. \u00c9 preciso que haja pol\u00edticas p\u00fablicas s\u00f3lidas que estimulem e democratizem ainda mais a pr\u00e1tica esportiva. \u201cSe tivermos l\u00edderes que apoiem a atividade f\u00edsica, o esporte, vamos todos ganhar\u201d, defende Camila.<\/p>\n\n\n\n<p>Trabalhar com Educa\u00e7\u00e3o F\u00edsica tamb\u00e9m tem seus mitos, como o de que o profissional desse ramo precisa necessariamente ter aptid\u00e3o em alguma modalidade. Nesse caso, o conhecimento acad\u00eamico, emp\u00edrico e das nuances que envolvem o esporte e a sa\u00fade do corpo s\u00e3o mais do que suficientes.<\/p>\n\n\n\n<p>\u201cO mais importante \u00e9 ter um conhecimento geral. \u00c9 preconceituoso achar que o profissional tem que dominar todas as modalidades ou ter praticado esporte em algum n\u00edvel\u201d, comenta Camila. \u201c\u00c9 relativo. Acontece no esporte de alto rendimento, com pessoas que n\u00e3o foram atletas de excel\u00eancia, mas se tornaram bons t\u00e9cnicos. Na Educa\u00e7\u00e3o F\u00edsica \u00e9 a mesma coisa. A viv\u00eancia no esporte, sendo praticante ou n\u00e3o, contribui para o \u00eaxito profissional\u201d, complementa Luis.<\/p>\n\n\n\n<p>Mudar a vida das pessoas para melhor. \u00c9 para isso que Camila e Luis Carlos trabalham. E o reconhecimento vem, cedo ou tarde. \u201cInfluenciei muita gente, alunos dos cursos de gradua\u00e7\u00e3o. Mostrei como a atividade f\u00edsica \u00e9 essencial\u201d, comenta Camila. \u201cSou professor h\u00e1 30 anos e nesse tempo ouvi de muitos alunos em eventos que me veem como refer\u00eancia que fui respons\u00e1vel por plantar uma semente\u201d, conta Luis.<\/p>\n\n\n\n<p>Mas e o futuro da \u00e1rea? Para Camila, o fato de atividades como a caminhada estarem cada vez mais populares d\u00e1 ainda mais visibilidade ao profissional de Educa\u00e7\u00e3o F\u00edsica. \u201cEssa \u00e1rea tem um futuro promissor. Existe a valoriza\u00e7\u00e3o do nosso trabalho, e os estudos mostram cada vez mais \u00e0s pessoas como \u00e9 importante se exercitar e como isso pode salvar vidas.\u201d<\/p>\n\n\n\n<p><strong><em><strong><em><strong><em><strong><em><strong><em><strong><em><strong><em><strong><em><strong>Siga nossas redes sociais no\u00a0<a href=\"https:\/\/www.instagram.com\/ronipaparazzi\/\">Instagram\u00a0<\/a>e\u00a0<a href=\"https:\/\/www.facebook.com\/ronipaparazzicomvoce\">Facebook<\/a>\u00a0participe da nossa comunidade do Canal Roni Paparazzi no Whatsapp e receba as principais not\u00edcias da regi\u00e3o de Ara\u00e7atuba do dia direto no seu celular.<\/strong>\u00a0<a href=\"https:\/\/chat.whatsapp.com\/GsG1XKo0jPOEfjzudWQcml\" target=\"_blank\" rel=\"noreferrer noopener\">\u00a0Clique aqui e se inscreva.<\/a><\/em><\/strong><\/em><\/strong><\/em><\/strong><\/em><\/strong><\/em><\/strong><\/em><\/strong><\/em><\/strong><\/em><\/strong><\/p>\n","protected":false},"excerpt":{"rendered":"<p>Manter a sa\u00fade em dia e reduzir danos f\u00edsicos a m\u00e9dio e longo prazo n\u00e3o \u00e9 t\u00e3o complicado quanto parece. Simplificar a pr\u00e1tica da atividade f\u00edsica \u00e9 s\u00f3 uma das atribui\u00e7\u00f5es do profissional de Educa\u00e7\u00e3o F\u00edsica. Servidores da Secretaria de Esportes do Estado de S\u00e3o Paulo, Luis Carlos de Oliveira e Camila Jord\u00e3o s\u00e3o graduados &hellip;<\/p>\n","protected":false},"author":1,"featured_media":11709,"comment_status":"open","ping_status":"open","sticky":false,"template":"","format":"standard","meta":{"_jetpack_memberships_contains_paid_content":false,"footnotes":"","jetpack_publicize_message":"","jetpack_publicize_feature_enabled":true,"jetpack_social_post_already_shared":false,"jetpack_social_options":{"image_generator_settings":{"template":"highway","default_image_id":0,"enabled":false},"version":2}},"categories":[4],"tags":[],"class_list":["post-11708","post","type-post","status-publish","format-standard","has-post-thumbnail","hentry","category-regiao"],"jetpack_publicize_connections":[],"jetpack_featured_media_url":"https:\/\/i0.wp.com\/www.paparazzinews.com.br\/wp-content\/uploads\/2024\/09\/Profissionais-de-Ed.-Fisica-e1725289288665-1536x832-1.jpeg?fit=1536%2C832&ssl=1","views":"2022","jetpack_likes_enabled":true,"jetpack_sharing_enabled":true,"_links":{"self":[{"href":"https:\/\/www.paparazzinews.com.br\/index.php?rest_route=\/wp\/v2\/posts\/11708","targetHints":{"allow":["GET"]}}],"collection":[{"href":"https:\/\/www.paparazzinews.com.br\/index.php?rest_route=\/wp\/v2\/posts"}],"about":[{"href":"https:\/\/www.paparazzinews.com.br\/index.php?rest_route=\/wp\/v2\/types\/post"}],"author":[{"embeddable":true,"href":"https:\/\/www.paparazzinews.com.br\/index.php?rest_route=\/wp\/v2\/users\/1"}],"replies":[{"embeddable":true,"href":"https:\/\/www.paparazzinews.com.br\/index.php?rest_route=%2Fwp%2Fv2%2Fcomments&post=11708"}],"version-history":[{"count":1,"href":"https:\/\/www.paparazzinews.com.br\/index.php?rest_route=\/wp\/v2\/posts\/11708\/revisions"}],"predecessor-version":[{"id":11710,"href":"https:\/\/www.paparazzinews.com.br\/index.php?rest_route=\/wp\/v2\/posts\/11708\/revisions\/11710"}],"wp:featuredmedia":[{"embeddable":true,"href":"https:\/\/www.paparazzinews.com.br\/index.php?rest_route=\/wp\/v2\/media\/11709"}],"wp:attachment":[{"href":"https:\/\/www.paparazzinews.com.br\/index.php?rest_route=%2Fwp%2Fv2%2Fmedia&parent=11708"}],"wp:term":[{"taxonomy":"category","embeddable":true,"href":"https:\/\/www.paparazzinews.com.br\/index.php?rest_route=%2Fwp%2Fv2%2Fcategories&post=11708"},{"taxonomy":"post_tag","embeddable":true,"href":"https:\/\/www.paparazzinews.com.br\/index.php?rest_route=%2Fwp%2Fv2%2Ftags&post=11708"}],"curies":[{"name":"wp","href":"https:\/\/api.w.org\/{rel}","templated":true}]}}