{"id":11702,"date":"2024-09-05T15:14:32","date_gmt":"2024-09-05T18:14:32","guid":{"rendered":"https:\/\/www.paparazzinews.com.br\/?p=11702"},"modified":"2024-09-05T15:14:33","modified_gmt":"2024-09-05T18:14:33","slug":"detran-sp-anuncia-5-793-veiculos-para-retirada-sob-pena-de-irem-a-leilao-em-sao-paulo","status":"publish","type":"post","link":"https:\/\/www.paparazzinews.com.br\/?p=11702","title":{"rendered":"Detran-SP anuncia 5.793 ve\u00edculos para retirada, sob pena de irem a leil\u00e3o em S\u00e3o Paulo"},"content":{"rendered":"\n<p>Propriet\u00e1rios de ve\u00edculos recolhidos na cidade de S\u00e3o Paulo podem recuper\u00e1-los antes que sejam listados para leil\u00e3o. Ao todo, est\u00e3o aptos para retirada 5.793 ve\u00edculos autuados por infra\u00e7\u00e3o \u00e0s leis de tr\u00e2nsito. As informa\u00e7\u00f5es est\u00e3o dispon\u00edveis no edital de notifica\u00e7\u00e3o publicado na segunda-feira (2), no\u00a0<a href=\"https:\/\/www.doe.sp.gov.br\/executivo\/secretaria-de-gestao-e-governo-digital\/edital-de-notificacao-de-retirada-do-veiculo-n-13-20240902132617434555476\" target=\"_blank\" rel=\"noreferrer noopener\">Di\u00e1rio Oficial do Estado (DOE)<\/a>,\u00a0pelo Departamento Estadual de Tr\u00e2nsito de S\u00e3o Paulo (Detran-SP) \u2013 \u00f3rg\u00e3o vinculado \u00e0 Secretaria de Gest\u00e3o e Governo Digital (SGGD). Os ve\u00edculos ficar\u00e3o inteiramente \u00e0 disposi\u00e7\u00e3o por 10 dias, ao fim dos quais passam a ser considerados para leil\u00e3o<em>\u00a0(veja abaixo)<\/em>. A informa\u00e7\u00e3o \u00e9 da Ag\u00eancia SP.<\/p>\n\n\n\n<p>No&nbsp;<a href=\"https:\/\/www.doe.sp.gov.br\/executivo\/secretaria-de-gestao-e-governo-digital\/edital-de-notificacao-de-retirada-do-veiculo-n-13-20240902132617434555476\" target=\"_blank\" rel=\"noreferrer noopener\">edital<\/a>, \u00e9 poss\u00edvel conferir a lista completa das unidades dispon\u00edveis para retirada \u2013 com placa, n\u00famero do chassi, marca e modelo. Os ve\u00edculos est\u00e3o distribu\u00eddos em dois p\u00e1tios, ambos em S\u00e3o Bernardo do Campo: o SBC-1-Municipal (rua Roberto Scarpelli Amedeo Bigucci, 240, Bairro das Casas) e o SBC-Febem (avenida Domingos Potomati, 1.103, Bairro Batistini). Al\u00e9m dos propriet\u00e1rios, podem requisitar os ve\u00edculos os agentes financeiros, arrendat\u00e1rios, entidades credoras ou quem se sub-rogue nos direitos \u00e0s unidades custodiadas. Segundo a&nbsp;<a href=\"https:\/\/www.gov.br\/transportes\/pt-br\/assuntos\/transito\/conteudo-contran\/resolucoes\/resolucao6232016_republicada.pdf\" target=\"_blank\" rel=\"noreferrer noopener\">Resolu\u00e7\u00e3o 623<\/a>, de 6 de setembro de 2016, do Conselho Nacional de Tr\u00e2nsito (Contran), para reaver o ve\u00edculo \u00e9 preciso quitar os d\u00e9bitos pendentes \u2013 inclusive o valor da remo\u00e7\u00e3o e estadia no p\u00e1tio \u2013 e regulariz\u00e1-lo.<\/p>\n\n\n\n<p>Nas \u00faltimas semanas, o Detran-SP publicou editais de notifica\u00e7\u00e3o para a retirada de 28.278 ve\u00edculos, nas cidades de Guarulhos, Pederneiras, Mogi das Cruzes, Itatiba, Botucatu, Itapecerica da Serra, Juquitiba, Bragan\u00e7a Paulista, Ces\u00e1rio Lange, Capela do Alto, Cerquilho, Bebedouro e Caieiras. Agora, com a leva da capital, o total de ve\u00edculos aptos para retirada vai a 34.071. Os editais s\u00e3o parte da retomada dos leil\u00f5es, paralisados para revis\u00e3o geral em setembro de 2023, com vistas a maior transpar\u00eancia e lisura nos processos.<\/p>\n\n\n\n<p>Tr\u00eas leil\u00f5es j\u00e1 foram realizados nesta nova fase: Botucatu, em julho, Capela do Alto, Ces\u00e1rio Lange e Cerquilho, em agosto. O quarto leil\u00e3o desta nova fase acontece no dia 12 de setembro, com ve\u00edculos recolhidos na regi\u00e3o de Bragan\u00e7a Paulista.<\/p>\n\n\n\n<h2 class=\"wp-block-heading\"><strong>Leil\u00e3o em Bragan\u00e7a Paulista<\/strong><\/h2>\n\n\n\n<p>Ao todo, ser\u00e3o ofertadas 202 unidades, entre ve\u00edculos em condi\u00e7\u00f5es de circula\u00e7\u00e3o (107), sucata aproveit\u00e1vel (54 lotes), sucata aproveit\u00e1vel com motor inserv\u00edvel (27) e sucata inserv\u00edvel (14 lotes). A inscri\u00e7\u00e3o para participar deve ser feita at\u00e9 48 horas antes do evento no site da&nbsp;<a href=\"https:\/\/www.ricoleiloes.com.br\/\" target=\"_blank\" rel=\"noreferrer noopener\">Rico Leil\u00f5es<\/a>&nbsp;(<a href=\"https:\/\/www.ricoleiloes.com.br\/\" target=\"_blank\" rel=\"noreferrer noopener\">www.ricoleiloes.com.br<\/a>), mesmo endere\u00e7o onde se dar\u00e3o as sess\u00f5es de forma online.<\/p>\n\n\n\n<p>Ser\u00e3o&nbsp;<a href=\"https:\/\/www.detran.sp.gov.br\/wps\/portal\/portaldetran\/cidadao\/noticias\/detalhes\/659582d5-5d71-4cd4-b77d-bcbbb28230d6\/!ut\/p\/z1\/tVPbcpswEP2WPPAIWpAA0TeCb_GlHudmWy8dcYlRCxLBqmn-PnImaceZxHan032RNHtWR3v2CDG0QkzyndhwLZTklTmvWfBtvIBkNKLelH4dDmAxvcUTAsMJTAAtXwCYwE106cZA-_cDiOk1Hrj9ubcHsIO034tNGi_m8-HAnSfktf43wdDtJRBHhMyuxhMMET6vHj6J-Ez-IwB2vP97xBDLpG50idaNajWv8kK3XFrwtmYi5zlXFkilRSb49iXFq7Iwu8CPfOrlvu3noWuTLCd2Goa5nWZpmnrUw5AHe4rG3ILWZ6GXp2bGjiu23POdGOqhLB9M7RTJGDGR1k6X1Q44AXUJITR0A9f0R4K97WKZYrpBrC0eirZonZ-tcWOpdbP9YoEFXdc5G6U2VeFkqrbgo5JSbTVaHSLR2qgT_nk6TIkPi553FYW0jwEwWu5E0aE7qdrafICbvxR_BO8Z3umfuP_IMD5lSaOE-P74yGJjTCV18cuI8L-cabi8dpbMjOoN16Ut5INCq7NKm_rORE3xk_3jmj7halcnKZ31sV_tpvHFxTOgUAwD\/dz\/d5\/L2dBISEvZ0FBIS9nQSEh\/?urile=wcm%3Apath%3A%2Fportaldetran%2Fdetran%2Fcidadao%2Fnoticias%2Fdetalhes%2F659582d5-5d71-4cd4-b77d-bcbbb28230d6\" target=\"_blank\" rel=\"noreferrer noopener\">tr\u00eas dias seguidos de preg\u00f5es<\/a>: o primeiro, no dia 12, ser\u00e1 dedicado aos carros que podem circular, o segundo (dia 13), \u00e0s sucatas aproveit\u00e1veis e tamb\u00e9m \u00e0s sucatas aproveit\u00e1veis com motor \u201cinserv\u00edvel\u201d e o \u00faltimo (16\/9) \u00e0s sucatas \u201cinserv\u00edveis\u201d. No&nbsp;<a href=\"https:\/\/www.doe.sp.gov.br\/executivo\/secretaria-de-gestao-e-governo-digital\/edital-de-leilao-de-veiculos-n-01-2024-20240624132617434403103\" target=\"_blank\" rel=\"noreferrer noopener\">edital correspondente<\/a>, \u00e9 poss\u00edvel ver a lista completa dos lotes oferecidos, com informa\u00e7\u00f5es como marca, modelo, motor, cor, ano de fabrica\u00e7\u00e3o e lance m\u00ednimo definido por peritos.<\/p>\n\n\n\n<p>O Aviso de Leil\u00e3o sobre o evento, com endere\u00e7o, dia e hora de realiza\u00e7\u00e3o, tipos de ve\u00edculos ofertados, se destinados \u00e0 circula\u00e7\u00e3o ou \u00e0 venda como sucata, \u00e9 publicado 15 (quinze) dias antes no Di\u00e1rio Oficial do Estado, no portal do Detran-SP, em jornais da regi\u00e3o da licita\u00e7\u00e3o e no site do(a) leiloeiro(a) a quem foi cometido o leil\u00e3o.<\/p>\n\n\n\n<p>Recolhidos das ruas por infra\u00e7\u00e3o de tr\u00e2nsito, os ve\u00edculos s\u00e3o custodiados sob a responsabilidade do \u00f3rg\u00e3o executivo de tr\u00e2nsito. A realiza\u00e7\u00e3o de leil\u00f5es tamb\u00e9m \u00e9 responsabilidade do Detran-SP, que conta com Empresas Credenciadas de Vistorias (ECVs), empresas preparadoras de leil\u00e3o e profissionais especializados, como leiloeiros e avaliadores, al\u00e9m dos p\u00e1tios para a execu\u00e7\u00e3o.<\/p>\n\n\n\n<h2 class=\"wp-block-heading\"><strong>Prazos para a retirada<\/strong><\/h2>\n\n\n\n<p>Os ve\u00edculos que n\u00e3o forem retirados no prazo de dez dias entram em procedimento licitat\u00f3rio na modalidade leil\u00e3o para aliena\u00e7\u00e3o. \u00c9 como se, decorrido o prazo de dez dias, se acendesse um sinal amarelo. No entanto, o propriet\u00e1rio ou a pessoa diretamente ligada ao ve\u00edculo pode resgat\u00e1-lo at\u00e9 a v\u00e9spera do leil\u00e3o atrav\u00e9s do servi\u00e7os de \u201c<a href=\"https:\/\/www.detran.sp.gov.br\/wps\/portal\/portaldetran\/cidadao\/infracoes\/fichaservico\/liberacaoDocumento\" target=\"_blank\" rel=\"noreferrer noopener\">Libera\u00e7\u00e3o de Ve\u00edculo recolhido por infra\u00e7\u00e3o de tr\u00e2nsito pelo DETRAN-SP<\/a>\u201d \u2013 desde que quitados os d\u00e9bitos, claro. \u201cO ve\u00edculo poder\u00e1 ser restitu\u00eddo ao propriet\u00e1rio at\u00e9 o \u00faltimo dia \u00fatil anterior \u00e0 realiza\u00e7\u00e3o da sess\u00e3o do leil\u00e3o\u201d, diz o artigo 24 da citada&nbsp;<a href=\"https:\/\/www.gov.br\/transportes\/pt-br\/assuntos\/transito\/conteudo-contran\/resolucoes\/resolucao6232016_republicada.pdf\" target=\"_blank\" rel=\"noreferrer noopener\">Resolu\u00e7\u00e3o 623\/2016<\/a>, do Contran.<\/p>\n\n\n\n<p><strong><em><strong><em><strong><em><strong><em><strong><em><strong><em><strong><em><strong><em><strong>Siga nossas redes sociais no&nbsp;<a href=\"https:\/\/www.instagram.com\/ronipaparazzi\/\">Instagram&nbsp;<\/a>e&nbsp;<a href=\"https:\/\/www.facebook.com\/ronipaparazzicomvoce\">Facebook<\/a>&nbsp;participe da nossa comunidade do Canal Roni Paparazzi no Whatsapp e receba as principais not\u00edcias da regi\u00e3o de Ara\u00e7atuba do dia direto no seu celular.<\/strong>&nbsp;<a href=\"https:\/\/chat.whatsapp.com\/GsG1XKo0jPOEfjzudWQcml\" target=\"_blank\" rel=\"noreferrer noopener\">&nbsp;Clique aqui e se inscreva.<\/a><\/em><\/strong><\/em><\/strong><\/em><\/strong><\/em><\/strong><\/em><\/strong><\/em><\/strong><\/em><\/strong><\/em><\/strong><\/p>\n","protected":false},"excerpt":{"rendered":"<p>Propriet\u00e1rios de ve\u00edculos recolhidos na cidade de S\u00e3o Paulo podem recuper\u00e1-los antes que sejam listados para leil\u00e3o. Ao todo, est\u00e3o aptos para retirada 5.793 ve\u00edculos autuados por infra\u00e7\u00e3o \u00e0s leis de tr\u00e2nsito. As informa\u00e7\u00f5es est\u00e3o dispon\u00edveis no edital de notifica\u00e7\u00e3o publicado na segunda-feira (2), no\u00a0Di\u00e1rio Oficial do Estado (DOE),\u00a0pelo Departamento Estadual de Tr\u00e2nsito de S\u00e3o &hellip;<\/p>\n","protected":false},"author":1,"featured_media":11703,"comment_status":"open","ping_status":"open","sticky":false,"template":"","format":"standard","meta":{"_jetpack_memberships_contains_paid_content":false,"footnotes":"","jetpack_publicize_message":"","jetpack_publicize_feature_enabled":true,"jetpack_social_post_already_shared":false,"jetpack_social_options":{"image_generator_settings":{"template":"highway","default_image_id":0,"enabled":false},"version":2}},"categories":[4],"tags":[],"class_list":["post-11702","post","type-post","status-publish","format-standard","has-post-thumbnail","hentry","category-regiao"],"jetpack_publicize_connections":[],"jetpack_featured_media_url":"https:\/\/i0.wp.com\/www.paparazzinews.com.br\/wp-content\/uploads\/2024\/09\/MC832822-1536x1024-1.jpg?fit=1536%2C1024&ssl=1","views":"2075","jetpack_likes_enabled":true,"jetpack_sharing_enabled":true,"_links":{"self":[{"href":"https:\/\/www.paparazzinews.com.br\/index.php?rest_route=\/wp\/v2\/posts\/11702","targetHints":{"allow":["GET"]}}],"collection":[{"href":"https:\/\/www.paparazzinews.com.br\/index.php?rest_route=\/wp\/v2\/posts"}],"about":[{"href":"https:\/\/www.paparazzinews.com.br\/index.php?rest_route=\/wp\/v2\/types\/post"}],"author":[{"embeddable":true,"href":"https:\/\/www.paparazzinews.com.br\/index.php?rest_route=\/wp\/v2\/users\/1"}],"replies":[{"embeddable":true,"href":"https:\/\/www.paparazzinews.com.br\/index.php?rest_route=%2Fwp%2Fv2%2Fcomments&post=11702"}],"version-history":[{"count":1,"href":"https:\/\/www.paparazzinews.com.br\/index.php?rest_route=\/wp\/v2\/posts\/11702\/revisions"}],"predecessor-version":[{"id":11704,"href":"https:\/\/www.paparazzinews.com.br\/index.php?rest_route=\/wp\/v2\/posts\/11702\/revisions\/11704"}],"wp:featuredmedia":[{"embeddable":true,"href":"https:\/\/www.paparazzinews.com.br\/index.php?rest_route=\/wp\/v2\/media\/11703"}],"wp:attachment":[{"href":"https:\/\/www.paparazzinews.com.br\/index.php?rest_route=%2Fwp%2Fv2%2Fmedia&parent=11702"}],"wp:term":[{"taxonomy":"category","embeddable":true,"href":"https:\/\/www.paparazzinews.com.br\/index.php?rest_route=%2Fwp%2Fv2%2Fcategories&post=11702"},{"taxonomy":"post_tag","embeddable":true,"href":"https:\/\/www.paparazzinews.com.br\/index.php?rest_route=%2Fwp%2Fv2%2Ftags&post=11702"}],"curies":[{"name":"wp","href":"https:\/\/api.w.org\/{rel}","templated":true}]}}