{"id":117,"date":"2022-06-22T15:50:06","date_gmt":"2022-06-22T18:50:06","guid":{"rendered":"https:\/\/www.paparazzinews.com.br\/?p=117"},"modified":"2022-06-22T15:50:08","modified_gmt":"2022-06-22T18:50:08","slug":"primeiro-evento-dos-festejos-traz-atualizacao-do-hino-da-cidade-de-andradina","status":"publish","type":"post","link":"https:\/\/www.paparazzinews.com.br\/?p=117","title":{"rendered":"Primeiro evento dos Festejos traz atualiza\u00e7\u00e3o do hino da cidade de Andradina"},"content":{"rendered":"\n<p>O anivers\u00e1rio de Andradina come\u00e7a a ser comemorado na cidade com a primeira atualiza\u00e7\u00e3o do \u201cHino de Andradina\u201d em um evento do Legislativo andradinense, no dia 27 na C\u00e2mara Municipal de Andradina. O evento come\u00e7a \u00e0s 19h30 com a apresenta\u00e7\u00e3o ao vivo de Ant\u00f4nio Carlos Marinho e CEAA Voices.<\/p>\n\n\n\n<p>\u201cSe fez necess\u00e1rias algumas atualiza\u00e7\u00f5es para se ter melhoras na qualidade do \u00e1udio respeitando letra, melodia e estruturas harm\u00f4nicas e r\u00edtmicas do original. Assim ser\u00e1 feito pela secretaria de Cultura. Manter a beleza original de toda estrutura da composi\u00e7\u00e3o\u201d, disse o o secret\u00e1rio de Esporte, Cultura, lazer e Juventude, Andr\u00e9 Ricardo Lopes.<\/p>\n\n\n\n<p>Para Andr\u00e9, os hinos oficiais s\u00e3o instrumentos art\u00edsticos que fortalecem a refer\u00eancia patri\u00f3tica, o v\u00ednculo \u00e9tnico, cl\u00e3, povo ou l\u00edngua. Como composi\u00e7\u00e3o musical patri\u00f3tica o hino de Andradina evoca e elogia a hist\u00f3ria, as tradi\u00e7\u00f5es e as lutas do nosso povo, com letra de Oscar de Oliveira Godoy e melodia de Dora Jornada Calvoso.<\/p>\n\n\n\n<p>Calend\u00e1rio dos Festejos dos 85 anos de Andradina<\/p>\n\n\n\n<p>27\/06 \u2013 19h30<br>Atualiza\u00e7\u00e3o oficial do Hino de Andradina<br>Local: C\u00e2mara Municipal de Andradina<\/p>\n\n\n\n<p>09\/07 \u2013 9h<br>Encontro Entre Amigos da Bola. Master Andradina FC x Master Mouran EC<br>Local: Est\u00e1dio Municipal Evandro Brembatti Calvoso<\/p>\n\n\n\n<p>09\/07 \u2013 9h ~ 17h<br>Feira Arte na Pra\u00e7a \u2013 Apresenta\u00e7\u00e3o de Zamboni &amp; Amigos<br>Local: Memorial Ad\u00e9lio Sarro<\/p>\n\n\n\n<p>10\/07 \u2013 9h30<br>Culto C\u00edvico Igreja Koynonia<\/p>\n\n\n\n<p>11\/07 \u2013 4h<br>Alvorada Festiva<\/p>\n\n\n\n<p>11\/07 \u2013 16h<br>Desfile C\u00edvico de Anivers\u00e1rio<br>Local: Prolongamento da Avenida Guanabara<\/p>\n\n\n\n<p>11\/07 \u2013 19h<\/p>\n\n\n\n<ul class=\"wp-block-list\"><li>Show Jeferson Moraes e Thain\u00e1 Bitencourt<br>Local: Prolongamento da Avenida Guanabara<\/li><\/ul>\n\n\n\n<p>11\/07 \u2013 19h<\/p>\n\n\n\n<ul class=\"wp-block-list\"><li>Queima de Fogos<br>Local: Prolongamento da Avenida Guanabara<\/li><\/ul>\n\n\n\n<p>11\/07 \u2013 19h30<br>Missa de Anivers\u00e1rio<br>Local: Igreja S\u00e3o Sebasti\u00e3o<\/p>\n\n\n\n<p>15 e 16\/07 \u2013 18h30<br>Cine Drive<br>Local: Prolongamento da Avenida Guanabara<\/p>\n\n\n\n<p>16\/07 &#8211; 6h<br>10\u00b0 Cavalgada Entre Amigos. Sa\u00edda no prolongamento da Avenida Guanabara e chegada 12h00 no recinto Miguel Rodrigues da Silva (Expoan), com show da dupla Marco Tulio &amp; Luciano.<\/p>\n\n\n\n<p>Dia 23\/07 \u2013 8h<br>Campeonato de Futgol<br>Local: Est\u00e1dio Municipal Evandro Brembatti Calvoso<\/p>\n\n\n\n<p>Dia 24\/07 \u2013 8h<br>Copa de Basquete 3<br>Local: Gin\u00e1sio de Esportes Agenor Francisco da Cunha<\/p>\n\n\n\n<p>28\/07 \u2013 19h30<br>Missa do Agricultor<br>Local: Comunidade do Timborezinho Cora\u00e7\u00e3o de Jesus<\/p>\n\n\n\n<p>29\/07 &#8211; 19:30<\/p>\n\n\n\n<p>Mostra Andradinense de Dan\u00e7a &#8211; ARTETUDE &amp; Amigos (Reborn, Conex\u00e3o Daniel\u00b4s, Legion\u00e1rios, Tekla,<br>Gislaine, Poli Studio A),<br>Local: Centro Cultural Pioneiros de Andradina.<\/p>\n\n\n\n<p>30\/07 \u2013 8h<br>1\u00b0 Torneio Municipal de Beach T\u00eannis<br>Inaugura\u00e7\u00e3o do Projeto Arena Beach<br>Local: Arena Beach do Alto dos Ip\u00eas (Rua Jos\u00e9 Iarossi &#8211; caixa d\u00b4\u00e1gua)<\/p>\n\n\n\n<p>30\/07 \u2013 19h30<br>Apresenta\u00e7\u00e3o da Orquestra ADIPAN &#8211; &#8220;Homenagem a Andradina&#8221;<br>Local: Centro Cultural Pioneiros de Andradina<\/p>\n\n\n\n<p>31\/7 \u2013 8h<br>1\u00b0 Encontro de Carros Antigos de Andradina<br>Local. Espa\u00e7o Safira ao lado do shopping<\/p>\n\n\n\n<p>31\/7 \u2013 9h<br>Final da 1\u00b0 Copa de Futebol Mini Campo \u201cMarcelo Mariano\u201d<br>Local ATC<\/p>\n","protected":false},"excerpt":{"rendered":"<p>O anivers\u00e1rio de Andradina come\u00e7a a ser comemorado na cidade com a primeira atualiza\u00e7\u00e3o do \u201cHino de Andradina\u201d em um evento do Legislativo andradinense, no dia 27 na C\u00e2mara Municipal de Andradina. O evento come\u00e7a \u00e0s 19h30 com a apresenta\u00e7\u00e3o ao vivo de Ant\u00f4nio Carlos Marinho e CEAA Voices. \u201cSe fez necess\u00e1rias algumas atualiza\u00e7\u00f5es para &hellip;<\/p>\n","protected":false},"author":1,"featured_media":118,"comment_status":"open","ping_status":"open","sticky":false,"template":"","format":"standard","meta":{"_jetpack_memberships_contains_paid_content":false,"footnotes":"","jetpack_publicize_message":"","jetpack_publicize_feature_enabled":true,"jetpack_social_post_already_shared":false,"jetpack_social_options":{"image_generator_settings":{"template":"highway","default_image_id":0,"enabled":false},"version":2}},"categories":[4],"tags":[],"class_list":["post-117","post","type-post","status-publish","format-standard","has-post-thumbnail","hentry","category-regiao"],"jetpack_publicize_connections":[],"jetpack_featured_media_url":"https:\/\/i0.wp.com\/www.paparazzinews.com.br\/wp-content\/uploads\/2022\/06\/5da82ed4-f441-44f1-8f1e-dc7d3bd3f2bc.jpg?fit=1000%2C1000&ssl=1","views":"4093","jetpack_likes_enabled":true,"jetpack_sharing_enabled":true,"_links":{"self":[{"href":"https:\/\/www.paparazzinews.com.br\/index.php?rest_route=\/wp\/v2\/posts\/117","targetHints":{"allow":["GET"]}}],"collection":[{"href":"https:\/\/www.paparazzinews.com.br\/index.php?rest_route=\/wp\/v2\/posts"}],"about":[{"href":"https:\/\/www.paparazzinews.com.br\/index.php?rest_route=\/wp\/v2\/types\/post"}],"author":[{"embeddable":true,"href":"https:\/\/www.paparazzinews.com.br\/index.php?rest_route=\/wp\/v2\/users\/1"}],"replies":[{"embeddable":true,"href":"https:\/\/www.paparazzinews.com.br\/index.php?rest_route=%2Fwp%2Fv2%2Fcomments&post=117"}],"version-history":[{"count":1,"href":"https:\/\/www.paparazzinews.com.br\/index.php?rest_route=\/wp\/v2\/posts\/117\/revisions"}],"predecessor-version":[{"id":119,"href":"https:\/\/www.paparazzinews.com.br\/index.php?rest_route=\/wp\/v2\/posts\/117\/revisions\/119"}],"wp:featuredmedia":[{"embeddable":true,"href":"https:\/\/www.paparazzinews.com.br\/index.php?rest_route=\/wp\/v2\/media\/118"}],"wp:attachment":[{"href":"https:\/\/www.paparazzinews.com.br\/index.php?rest_route=%2Fwp%2Fv2%2Fmedia&parent=117"}],"wp:term":[{"taxonomy":"category","embeddable":true,"href":"https:\/\/www.paparazzinews.com.br\/index.php?rest_route=%2Fwp%2Fv2%2Fcategories&post=117"},{"taxonomy":"post_tag","embeddable":true,"href":"https:\/\/www.paparazzinews.com.br\/index.php?rest_route=%2Fwp%2Fv2%2Ftags&post=117"}],"curies":[{"name":"wp","href":"https:\/\/api.w.org\/{rel}","templated":true}]}}