{"id":11666,"date":"2024-09-03T16:21:32","date_gmt":"2024-09-03T19:21:32","guid":{"rendered":"https:\/\/www.paparazzinews.com.br\/?p=11666"},"modified":"2024-09-03T16:21:51","modified_gmt":"2024-09-03T19:21:51","slug":"paralimpiadas-pm-de-sp-andre-rocha-conquista-bronze-no-lancamento-de-disco","status":"publish","type":"post","link":"https:\/\/www.paparazzinews.com.br\/?p=11666","title":{"rendered":"Paralimp\u00edadas: PM de SP Andr\u00e9 Rocha conquista bronze no lan\u00e7amento de disco"},"content":{"rendered":"\n<p>O paratleta Andr\u00e9 Rocha ganhou a medalha de bronze na categoria F52 para tetrapl\u00e9gicos do lan\u00e7amento de disco nos Jogos Paral\u00edmpicos de Paris, na Fran\u00e7a. A conquista no domingo (1) no Est\u00e1dio De France foi muito celebrada por Rocha, que disputou sua primeira Paralimp\u00edada da carreira. A informa\u00e7\u00e3o \u00e9 da Ag\u00eancia SP.<\/p>\n\n\n\n<p>\u201cN\u00e3o tenho palavras para descrever o que estou sentindo. Independentemente da cor, \u00e9 uma medalha paral\u00edmpica. Estou muito feliz\u201d, celebrou. O policial, que se aposentou em 2007 da corpora\u00e7\u00e3o, ficou na terceira coloca\u00e7\u00e3o ao atingir a marca de 19,48m em cinco lan\u00e7amentos.&nbsp;<\/p>\n\n\n\n<p>\u201cSenti uma leve frustra\u00e7\u00e3o porque a gente sabe do nosso potencial, mas temos que aceitar que o advers\u00e1rio foi melhor\u201d, contou. Ele disse que durante os treinos atingiu a marca de 22 metros nos lan\u00e7amentos, o que lhe daria a medalha de prata na disputa.<\/p>\n\n\n\n<h2 class=\"wp-block-heading\">Supera\u00e7\u00e3o<\/h2>\n\n\n\n<figure class=\"wp-block-image\"><img data-recalc-dims=\"1\" height=\"1024\" width=\"683\" decoding=\"async\" src=\"https:\/\/i0.wp.com\/www.agenciasp.sp.gov.br\/wp-content\/uploads\/2024\/09\/Andre-Rocha-policial-militar-2-683x1024.jpg?resize=683%2C1024\" alt=\"Policial e paratleta Andr\u00e9 Rocha com a medalha de bronze\" class=\"wp-image-17016\"\/><figcaption class=\"wp-element-caption\">Essa foi a primeira participa\u00e7\u00e3o dele em Paralimp\u00edadas<\/figcaption><\/figure>\n\n\n\n<p>O feito hist\u00f3rico vem ap\u00f3s muita for\u00e7a de vontade. As cirurgias feitas na coluna, as interna\u00e7\u00f5es e, consequentemente, as mudan\u00e7as de categorias fizeram com que Rocha perdesse as duas \u00faltimas Paralimp\u00edadas, realizadas no Rio de Janeiro (2016) e em T\u00f3quio (2021).<\/p>\n\n\n\n<p>\u201cAs cirurgias acabam atrasando a confirma\u00e7\u00e3o da classe. Tem um m\u00ednimo de dois anos p\u00f3s-cirurgia para a comiss\u00e3o analisar como est\u00e1 o progresso. Isso complicou muito. Depois de tudo isso, estar aqui \u00e9 tamb\u00e9m uma supera\u00e7\u00e3o\u201d, explicou o paratleta.<\/p>\n\n\n\n<p>O bronze in\u00e9dito na carreira foi comemorado tamb\u00e9m pela esposa, V\u00e2nia Rocha, e os filhos J\u00fanior, Samuel e Melissa Rocha que estavam no est\u00e1dio torcendo pelo pai. \u201cEstou muito ansioso para me encontrar com eles.\u201d<\/p>\n\n\n\n<p>Rocha voltar\u00e1 ao Brasil para tratar uma les\u00e3o no ombro e se preparar para o Campeonato Brasileiro de lan\u00e7amento de disco, que ser\u00e1 realizado em dezembro, no Centro Paral\u00edmpico Brasileiro, na zona sul da capital paulista.&nbsp;<\/p>\n\n\n\n<h2 class=\"wp-block-heading\">Trajet\u00f3ria<\/h2>\n\n\n\n<figure class=\"wp-block-image\"><img data-recalc-dims=\"1\" decoding=\"async\" src=\"https:\/\/i0.wp.com\/www.agenciasp.sp.gov.br\/wp-content\/uploads\/2024\/08\/00056031.jpeg?w=708\" alt=\"Policial e paratleta Andr\u00e9 Rocha\" class=\"wp-image-15835\"\/><figcaption class=\"wp-element-caption\">O policial est\u00e1 no esporte desde 2013<\/figcaption><\/figure>\n\n\n\n<p>Nascido e criado na cidade de Taubat\u00e9, no interior de S\u00e3o Paulo, Rocha entrou na Pol\u00edcia Militar em 2000 e serviu por sete anos o 5\u00ba Batalh\u00e3o de Pol\u00edcia Militar do Interior (BPM\/I). Em 2005, durante uma persegui\u00e7\u00e3o policial, um acidente fez com que sua trajet\u00f3ria na corpora\u00e7\u00e3o fosse encerrada de forma precoce.<\/p>\n\n\n\n<p>O soldado, na \u00e9poca, atendia uma ocorr\u00eancia de furto a resid\u00eancia na regi\u00e3o. No acompanhamento a dois suspeitos, um deles subiu em um telhado e ao tentar captur\u00e1-lo, acabou caindo em um terreno baldio e fraturando a coluna. O acidente deixou o policial tetrapl\u00e9gico. Antes de ir \u00e0 reserva, permaneceu por dois anos realizando servi\u00e7os administrativos na corpora\u00e7\u00e3o.<\/p>\n\n\n\n<p>H\u00e1 11 anos, o policial da reserva conheceu o Projeto Paral\u00edmpico Esporte para Todos, da Secretaria de Esporte de Taubat\u00e9. L\u00e1, descobriu um talento que o ajudou a ter uma ascens\u00e3o mete\u00f3rica no esporte: ser arremessador de peso e de disco.<\/p>\n\n\n\n<p>Em 2013, no mesmo ano em que conheceu o projeto, o atleta disputou o seu primeiro campeonato paulista de arremesso, realizado em Campinas, no interior do estado. Rocha foi campe\u00e3o e recordista das duas modalidades.<\/p>\n\n\n\n<p><strong><em><strong><em><strong><em><strong><em><strong><em><strong><em><strong><em><strong><em><strong>Siga nossas redes sociais no\u00a0<a href=\"https:\/\/www.instagram.com\/ronipaparazzi\/\">Instagram\u00a0<\/a>e\u00a0<a href=\"https:\/\/www.facebook.com\/ronipaparazzicomvoce\">Facebook<\/a>\u00a0participe da nossa comunidade do Canal Roni Paparazzi no Whatsapp e receba as principais not\u00edcias da regi\u00e3o de Ara\u00e7atuba do dia direto no seu celular.<\/strong>\u00a0<a href=\"https:\/\/chat.whatsapp.com\/GsG1XKo0jPOEfjzudWQcml\" target=\"_blank\" rel=\"noreferrer noopener\">\u00a0Clique aqui e se inscreva.<\/a><\/em><\/strong><\/em><\/strong><\/em><\/strong><\/em><\/strong><\/em><\/strong><\/em><\/strong><\/em><\/strong><\/em><\/strong><\/p>\n","protected":false},"excerpt":{"rendered":"<p>O paratleta Andr\u00e9 Rocha ganhou a medalha de bronze na categoria F52 para tetrapl\u00e9gicos do lan\u00e7amento de disco nos Jogos Paral\u00edmpicos de Paris, na Fran\u00e7a. A conquista no domingo (1) no Est\u00e1dio De France foi muito celebrada por Rocha, que disputou sua primeira Paralimp\u00edada da carreira. A informa\u00e7\u00e3o \u00e9 da Ag\u00eancia SP. \u201cN\u00e3o tenho palavras &hellip;<\/p>\n","protected":false},"author":1,"featured_media":11667,"comment_status":"open","ping_status":"open","sticky":false,"template":"","format":"standard","meta":{"_jetpack_memberships_contains_paid_content":false,"footnotes":"","jetpack_publicize_message":"","jetpack_publicize_feature_enabled":true,"jetpack_social_post_already_shared":false,"jetpack_social_options":{"image_generator_settings":{"template":"highway","default_image_id":0,"enabled":false},"version":2}},"categories":[6],"tags":[],"class_list":["post-11666","post","type-post","status-publish","format-standard","has-post-thumbnail","hentry","category-entretenimento"],"jetpack_publicize_connections":[],"jetpack_featured_media_url":"https:\/\/i0.wp.com\/www.paparazzinews.com.br\/wp-content\/uploads\/2024\/09\/Andre-Rocha-paratleta-scaled-e1725372324557-1536x932-1.jpg?fit=1536%2C932&ssl=1","views":"2128","jetpack_likes_enabled":true,"jetpack_sharing_enabled":true,"_links":{"self":[{"href":"https:\/\/www.paparazzinews.com.br\/index.php?rest_route=\/wp\/v2\/posts\/11666","targetHints":{"allow":["GET"]}}],"collection":[{"href":"https:\/\/www.paparazzinews.com.br\/index.php?rest_route=\/wp\/v2\/posts"}],"about":[{"href":"https:\/\/www.paparazzinews.com.br\/index.php?rest_route=\/wp\/v2\/types\/post"}],"author":[{"embeddable":true,"href":"https:\/\/www.paparazzinews.com.br\/index.php?rest_route=\/wp\/v2\/users\/1"}],"replies":[{"embeddable":true,"href":"https:\/\/www.paparazzinews.com.br\/index.php?rest_route=%2Fwp%2Fv2%2Fcomments&post=11666"}],"version-history":[{"count":2,"href":"https:\/\/www.paparazzinews.com.br\/index.php?rest_route=\/wp\/v2\/posts\/11666\/revisions"}],"predecessor-version":[{"id":11669,"href":"https:\/\/www.paparazzinews.com.br\/index.php?rest_route=\/wp\/v2\/posts\/11666\/revisions\/11669"}],"wp:featuredmedia":[{"embeddable":true,"href":"https:\/\/www.paparazzinews.com.br\/index.php?rest_route=\/wp\/v2\/media\/11667"}],"wp:attachment":[{"href":"https:\/\/www.paparazzinews.com.br\/index.php?rest_route=%2Fwp%2Fv2%2Fmedia&parent=11666"}],"wp:term":[{"taxonomy":"category","embeddable":true,"href":"https:\/\/www.paparazzinews.com.br\/index.php?rest_route=%2Fwp%2Fv2%2Fcategories&post=11666"},{"taxonomy":"post_tag","embeddable":true,"href":"https:\/\/www.paparazzinews.com.br\/index.php?rest_route=%2Fwp%2Fv2%2Ftags&post=11666"}],"curies":[{"name":"wp","href":"https:\/\/api.w.org\/{rel}","templated":true}]}}