{"id":11660,"date":"2024-09-03T16:15:13","date_gmt":"2024-09-03T19:15:13","guid":{"rendered":"https:\/\/www.paparazzinews.com.br\/?p=11660"},"modified":"2024-09-03T16:15:14","modified_gmt":"2024-09-03T19:15:14","slug":"tratamento-que-resultou-em-medalhas-conheca-o-nadador-paralimpico-lucas-mozela","status":"publish","type":"post","link":"https:\/\/www.paparazzinews.com.br\/?p=11660","title":{"rendered":"Tratamento que resultou em medalhas: conhe\u00e7a o nadador paral\u00edmpico Lucas Mozela"},"content":{"rendered":"\n<p>Tr\u00eas vezes medalhista de ouro em Jogos Parapan-Americanos, Lucas Mozela, 26 anos, come\u00e7ou na nata\u00e7\u00e3o por recomenda\u00e7\u00e3o m\u00e9dica para tratar um problema de sa\u00fade. No entanto, n\u00e3o demorou muito para ele se apaixonar pela modalidade e investir na sua profissionaliza\u00e7\u00e3o nesse esporte. Agora, seu desafio s\u00e3o as Paralimp\u00edadas de 2024. A informa\u00e7\u00e3o \u00e9 da Ag\u00eancia SP.<\/p>\n\n\n\n<p>Lucas \u00e9 um dos atletas do Time S\u00e3o Paulo que est\u00e3o em Paris para os Jogos Paral\u00edmpicos. Este, que \u00e9 o programa do Governo de S\u00e3o Paulo de incentivo aos paradesportos,&nbsp;<a href=\"https:\/\/www.agenciasp.sp.gov.br\/time-sp-tem-3-a-cada-10-atletas-brasileiros-nas-paralimpiadas\/\">lan\u00e7ou 91 dos 254 atletas com defici\u00eancia para as Paralimp\u00edadas de Paris 2024<\/a>.<\/p>\n\n\n\n<p>\u201cComecei na nata\u00e7\u00e3o por recomenda\u00e7\u00e3o m\u00e9dica para tratar um sopro no cora\u00e7\u00e3o. Acabei me conectando com as piscinas e, em quatro meses, j\u00e1 estava nadando em todos os estilos. Eu percebi que tinha potencial para representar o Brasil\u201d, conta. Segundo ele, sua grande inspira\u00e7\u00e3o \u00e9 o nadador Daniel Dias, nadador paral\u00edmpico mais premiado da hist\u00f3ria com 27 medalhas de ouro em Jogos Paral\u00edmpicos.<\/p>\n\n\n\n<p>Lucas come\u00e7ou a nadar aos sete anos de idade, n\u00e3o s\u00f3 para tratar o sopro no cora\u00e7\u00e3o, mas tamb\u00e9m por causa de uma m\u00e1-forma\u00e7\u00e3o cong\u00eanita chamada m\u00e3o torta radial. Isso porque as bra\u00e7adas na piscina estimulam o movimento dos bra\u00e7os e das m\u00e3os, evitando o atrofiamento.<\/p>\n\n\n\n<h2 class=\"wp-block-heading\">O Time SP<\/h2>\n\n\n\n<p>Lucas e sua fam\u00edlia s\u00e3o da cidade de Cajamar, na Regi\u00e3o Metropolitana de S\u00e3o Paulo. Em 2018, surgiu a oportunidade de ir para o&nbsp;<a href=\"https:\/\/www.agenciasp.sp.gov.br\/especiais\/conheca-o-centro-de-treinamento-paralimpico-em-sao-paulo\/\">Centro de Treinamento Paral\u00edmpico, localizado na cidade de S\u00e3o Paulo<\/a>, onde ele treina at\u00e9 hoje.<\/p>\n\n\n\n<p>\u201cJ\u00e1 estou h\u00e1 v\u00e1rios anos no&nbsp;<a href=\"https:\/\/www.agenciasp.sp.gov.br\/exposicao-homenageia-atletas-do-time-sp-nas-paralimpiadas\/\">Time S\u00e3o Paulo<\/a>. Ele nos agrega melhorando a nossa performance e nosso resultado nos treinos. Para mim, o Time S\u00e3o Paulo \u00e9 fundamental\u201d, diz Lucas. O nadador come\u00e7ou a chamar aten\u00e7\u00e3o na disputa de competi\u00e7\u00f5es estaduais. De l\u00e1, ele foi convocado para testes no Time S\u00e3o Paulo.<\/p>\n\n\n\n<h2 class=\"wp-block-heading\">Paralimp\u00edadas<\/h2>\n\n\n\n<p>Em 2012, com 14 anos, Lucas Mozela competiu nas Paralimp\u00edadas Escolares. J\u00e1 em 2023, disputou os Jogos ParaPan-Americanos de Santiago, no Chile, onde conquistou tr\u00eas medalhas de ouro: nos 100 metros peito, nos 200 metros medley e no revezamento 4\u00d7100 metros medley.<\/p>\n\n\n\n<p>Paris 2024 n\u00e3o ser\u00e1 a primeira experi\u00eancia paral\u00edmpica de Lucas Mozela. O nadador tamb\u00e9m participou dos Jogos Paral\u00edmpicos ocorridos no Rio de Janeiro, em 2016, aos 18 anos de idade. A classifica\u00e7\u00e3o para T\u00f3quio 2021 n\u00e3o veio, mas Lucas voltou mais forte para 2024. \u201cN\u00e3o consegui performar t\u00e3o bem, estava passando por algumas dificuldades, mas agora vai ser diferente. Estou mais experiente e quero entregar meu melhor resultado. Estou confiante que vai dar tudo certo\u201d.<\/p>\n\n\n\n<p><strong><em><strong><em><strong><em><strong><em><strong><em><strong><em><strong><em><strong><em><strong>Siga nossas redes sociais no\u00a0<a href=\"https:\/\/www.instagram.com\/ronipaparazzi\/\">Instagram\u00a0<\/a>e\u00a0<a href=\"https:\/\/www.facebook.com\/ronipaparazzicomvoce\">Facebook<\/a>\u00a0participe da nossa comunidade do Canal Roni Paparazzi no Whatsapp e receba as principais not\u00edcias da regi\u00e3o de Ara\u00e7atuba do dia direto no seu celular.<\/strong>\u00a0<a href=\"https:\/\/chat.whatsapp.com\/GsG1XKo0jPOEfjzudWQcml\" target=\"_blank\" rel=\"noreferrer noopener\">\u00a0Clique aqui e se inscreva.<\/a><\/em><\/strong><\/em><\/strong><\/em><\/strong><\/em><\/strong><\/em><\/strong><\/em><\/strong><\/em><\/strong><\/em><\/strong><\/p>\n","protected":false},"excerpt":{"rendered":"<p>Tr\u00eas vezes medalhista de ouro em Jogos Parapan-Americanos, Lucas Mozela, 26 anos, come\u00e7ou na nata\u00e7\u00e3o por recomenda\u00e7\u00e3o m\u00e9dica para tratar um problema de sa\u00fade. No entanto, n\u00e3o demorou muito para ele se apaixonar pela modalidade e investir na sua profissionaliza\u00e7\u00e3o nesse esporte. Agora, seu desafio s\u00e3o as Paralimp\u00edadas de 2024. A informa\u00e7\u00e3o \u00e9 da Ag\u00eancia &hellip;<\/p>\n","protected":false},"author":1,"featured_media":11661,"comment_status":"open","ping_status":"open","sticky":false,"template":"","format":"standard","meta":{"_jetpack_memberships_contains_paid_content":false,"footnotes":"","jetpack_publicize_message":"","jetpack_publicize_feature_enabled":true,"jetpack_social_post_already_shared":false,"jetpack_social_options":{"image_generator_settings":{"template":"highway","default_image_id":0,"enabled":false},"version":2}},"categories":[6],"tags":[],"class_list":["post-11660","post","type-post","status-publish","format-standard","has-post-thumbnail","hentry","category-entretenimento"],"jetpack_publicize_connections":[],"jetpack_featured_media_url":"https:\/\/i0.wp.com\/www.paparazzinews.com.br\/wp-content\/uploads\/2024\/09\/MC834169-scaled-e1725026303142-1536x809-1.jpg?fit=1536%2C809&ssl=1","views":"983","jetpack_likes_enabled":true,"jetpack_sharing_enabled":true,"_links":{"self":[{"href":"https:\/\/www.paparazzinews.com.br\/index.php?rest_route=\/wp\/v2\/posts\/11660","targetHints":{"allow":["GET"]}}],"collection":[{"href":"https:\/\/www.paparazzinews.com.br\/index.php?rest_route=\/wp\/v2\/posts"}],"about":[{"href":"https:\/\/www.paparazzinews.com.br\/index.php?rest_route=\/wp\/v2\/types\/post"}],"author":[{"embeddable":true,"href":"https:\/\/www.paparazzinews.com.br\/index.php?rest_route=\/wp\/v2\/users\/1"}],"replies":[{"embeddable":true,"href":"https:\/\/www.paparazzinews.com.br\/index.php?rest_route=%2Fwp%2Fv2%2Fcomments&post=11660"}],"version-history":[{"count":1,"href":"https:\/\/www.paparazzinews.com.br\/index.php?rest_route=\/wp\/v2\/posts\/11660\/revisions"}],"predecessor-version":[{"id":11662,"href":"https:\/\/www.paparazzinews.com.br\/index.php?rest_route=\/wp\/v2\/posts\/11660\/revisions\/11662"}],"wp:featuredmedia":[{"embeddable":true,"href":"https:\/\/www.paparazzinews.com.br\/index.php?rest_route=\/wp\/v2\/media\/11661"}],"wp:attachment":[{"href":"https:\/\/www.paparazzinews.com.br\/index.php?rest_route=%2Fwp%2Fv2%2Fmedia&parent=11660"}],"wp:term":[{"taxonomy":"category","embeddable":true,"href":"https:\/\/www.paparazzinews.com.br\/index.php?rest_route=%2Fwp%2Fv2%2Fcategories&post=11660"},{"taxonomy":"post_tag","embeddable":true,"href":"https:\/\/www.paparazzinews.com.br\/index.php?rest_route=%2Fwp%2Fv2%2Ftags&post=11660"}],"curies":[{"name":"wp","href":"https:\/\/api.w.org\/{rel}","templated":true}]}}