{"id":11645,"date":"2024-09-02T19:05:16","date_gmt":"2024-09-02T22:05:16","guid":{"rendered":"https:\/\/www.paparazzinews.com.br\/?p=11645"},"modified":"2024-09-02T19:13:52","modified_gmt":"2024-09-02T22:13:52","slug":"rede-estadual-de-emergencia-de-radioamadores-esta-operante-com-representante-em-andradina","status":"publish","type":"post","link":"https:\/\/www.paparazzinews.com.br\/?p=11645","title":{"rendered":"Rede Estadual de Emerg\u00eancia de Radioamadores da Defesa Civil de S\u00e3o Paulo est\u00e1 em Alerta Amarelo"},"content":{"rendered":"\n<p>A Defesa Civil de S\u00e3o Paulo iniciou uma campanha de conscientiza\u00e7\u00e3o chamada S\u00e3o Paulo sem fogo, com mensagens e v\u00eddeos de informa\u00e7\u00f5es sobre queimadas e seus danos ao meio ambiente, como agir numa emerg\u00eancia e quem acionar quando constatar um inc\u00eandio.<\/p>\n\n\n\n<p>A REER\/SP Rede Estadual de Emerg\u00eancia de Radioamadores da Defesa Civil de S\u00e3o Paulo que \u00e9 a respons\u00e1vel por prover a comunica\u00e7\u00e3o via r\u00e1dio em caso de calamidades ou emerg\u00eancia, tamb\u00e9m est\u00e1 empenhada nessa miss\u00e3o, ficando incumbida de ajudar na divulga\u00e7\u00e3o de mensagens de conscientiza\u00e7\u00e3o via r\u00e1dio ou atrav\u00e9s de repetidoras de r\u00e1dio espalhadas por todo o Estado de S\u00e3o Paulo, paralelo a essas divulga\u00e7\u00f5es.<\/p>\n\n\n\n<p>Por solicita\u00e7\u00e3o da Coordena\u00e7\u00e3o Geral da REER\\SP equipes das Regionais REER\/SP de todo estado est\u00e3o com equipes posicionadas nesse momento em parques ecol\u00f3gicos estaduais que s\u00e3o acometidos pelo fogo com frequ\u00eancia, realizando um mapeamento das \u00e1reas de sombra de sinal de r\u00e1dio para prover a comunica\u00e7\u00e3o necess\u00e1ria para as equipes de combate a inc\u00eandio locais, levando mais seguran\u00e7a para os bombeiros e brigadistas que atuam nos combates aos focos de inc\u00eandio, estas informa\u00e7\u00f5es ser\u00e3o repassadas a Coordena\u00e7\u00e3o Geral que ir\u00e1 enviar equipes com equipamentos para prover a comunica\u00e7\u00e3o nesse per\u00edodo de estiagem.<\/p>\n\n\n\n<p>Estas a\u00e7\u00f5es coordenadas pela Defesa Civil de S\u00e3o Paulo t\u00eam por objetivo trazer a consci\u00eancia da popula\u00e7\u00e3o sobre os riscos do uso do fogo nesse per\u00edodo de estiagem, os danos causados ao meio ambiente e como agir se constatar algo de il\u00edcito acionando o 190 da Pol\u00edcia Militar e em caso de emerg\u00eancias o 199 da Defesa Civil e o 193 do Bombeiro, lembre-se DEFESA CIVIL SOMOS TODOS N\u00d3S!<br>Cb PM Lucas PY2TEL- coordenador Regional da REER\/SP do I-9 e I-11.<\/p>\n\n\n\n<p>Quer saber mais? Entre em <a href=\"http:\/\/www.spalerta.sp.gov.br\" data-type=\"link\" data-id=\"www.spalerta.sp.gov.br\">www.spalerta.sp.gov.br <\/a>ou pelo canal da Defesa Civil de S\u00e3o Paulo no aplicativo Whatsapp.<\/p>\n\n\n\n<p><strong><em><strong><em><strong><em><strong><em><strong><em><strong><em><strong><em><strong><em><strong>Siga nossas redes sociais no\u00a0<a href=\"https:\/\/www.instagram.com\/ronipaparazzi\/\">Instagram\u00a0<\/a>e\u00a0<a href=\"https:\/\/www.facebook.com\/ronipaparazzicomvoce\">Facebook<\/a>\u00a0participe da nossa comunidade do Canal Roni Paparazzi no Whatsapp e receba as principais not\u00edcias da regi\u00e3o de Ara\u00e7atuba do dia direto no seu celular.<\/strong>\u00a0<a href=\"https:\/\/chat.whatsapp.com\/GsG1XKo0jPOEfjzudWQcml\" target=\"_blank\" rel=\"noreferrer noopener\">\u00a0Clique aqui e se inscreva.<\/a><\/em><\/strong><\/em><\/strong><\/em><\/strong><\/em><\/strong><\/em><\/strong><\/em><\/strong><\/em><\/strong><\/em><\/strong><\/p>\n","protected":false},"excerpt":{"rendered":"<p>A Defesa Civil de S\u00e3o Paulo iniciou uma campanha de conscientiza\u00e7\u00e3o chamada S\u00e3o Paulo sem fogo, com mensagens e v\u00eddeos de informa\u00e7\u00f5es sobre queimadas e seus danos ao meio ambiente, como agir numa emerg\u00eancia e quem acionar quando constatar um inc\u00eandio. A REER\/SP Rede Estadual de Emerg\u00eancia de Radioamadores da Defesa Civil de S\u00e3o Paulo &hellip;<\/p>\n","protected":false},"author":1,"featured_media":11646,"comment_status":"open","ping_status":"open","sticky":false,"template":"","format":"standard","meta":{"_jetpack_memberships_contains_paid_content":false,"footnotes":"","jetpack_publicize_message":"","jetpack_publicize_feature_enabled":true,"jetpack_social_post_already_shared":false,"jetpack_social_options":{"image_generator_settings":{"template":"highway","default_image_id":0,"enabled":false},"version":2}},"categories":[4],"tags":[],"class_list":["post-11645","post","type-post","status-publish","format-standard","has-post-thumbnail","hentry","category-regiao"],"jetpack_publicize_connections":[],"jetpack_featured_media_url":"https:\/\/i0.wp.com\/www.paparazzinews.com.br\/wp-content\/uploads\/2024\/09\/cc8b4c64-a314-49d2-926c-e60798aedd72.jpeg?fit=1080%2C1080&ssl=1","views":"2032","jetpack_likes_enabled":true,"jetpack_sharing_enabled":true,"_links":{"self":[{"href":"https:\/\/www.paparazzinews.com.br\/index.php?rest_route=\/wp\/v2\/posts\/11645","targetHints":{"allow":["GET"]}}],"collection":[{"href":"https:\/\/www.paparazzinews.com.br\/index.php?rest_route=\/wp\/v2\/posts"}],"about":[{"href":"https:\/\/www.paparazzinews.com.br\/index.php?rest_route=\/wp\/v2\/types\/post"}],"author":[{"embeddable":true,"href":"https:\/\/www.paparazzinews.com.br\/index.php?rest_route=\/wp\/v2\/users\/1"}],"replies":[{"embeddable":true,"href":"https:\/\/www.paparazzinews.com.br\/index.php?rest_route=%2Fwp%2Fv2%2Fcomments&post=11645"}],"version-history":[{"count":2,"href":"https:\/\/www.paparazzinews.com.br\/index.php?rest_route=\/wp\/v2\/posts\/11645\/revisions"}],"predecessor-version":[{"id":11653,"href":"https:\/\/www.paparazzinews.com.br\/index.php?rest_route=\/wp\/v2\/posts\/11645\/revisions\/11653"}],"wp:featuredmedia":[{"embeddable":true,"href":"https:\/\/www.paparazzinews.com.br\/index.php?rest_route=\/wp\/v2\/media\/11646"}],"wp:attachment":[{"href":"https:\/\/www.paparazzinews.com.br\/index.php?rest_route=%2Fwp%2Fv2%2Fmedia&parent=11645"}],"wp:term":[{"taxonomy":"category","embeddable":true,"href":"https:\/\/www.paparazzinews.com.br\/index.php?rest_route=%2Fwp%2Fv2%2Fcategories&post=11645"},{"taxonomy":"post_tag","embeddable":true,"href":"https:\/\/www.paparazzinews.com.br\/index.php?rest_route=%2Fwp%2Fv2%2Ftags&post=11645"}],"curies":[{"name":"wp","href":"https:\/\/api.w.org\/{rel}","templated":true}]}}