{"id":11639,"date":"2024-09-02T18:49:25","date_gmt":"2024-09-02T21:49:25","guid":{"rendered":"https:\/\/www.paparazzinews.com.br\/?p=11639"},"modified":"2024-09-02T18:49:26","modified_gmt":"2024-09-02T21:49:26","slug":"sp-tem-menor-taxa-de-desemprego-em-12-anos-e-maior-no-de-trabalhadores-com-carteira-do-pais","status":"publish","type":"post","link":"https:\/\/www.paparazzinews.com.br\/?p=11639","title":{"rendered":"SP tem menor taxa de desemprego em 12 anos e maior n\u00ba de trabalhadores com carteira do pa\u00eds"},"content":{"rendered":"\n<p>O estado de S\u00e3o Paulo registrou a menor taxa de desemprego em 12 anos no segundo trimestre deste ano: 6,4%. Trata-se da menor taxa de desocupa\u00e7\u00e3o da s\u00e9rie hist\u00f3rica, iniciada pelo instituto em 2012. A informa\u00e7\u00e3o \u00e9 da Ag\u00eancia SP.<\/p>\n\n\n\n<p>Os dados foram disponibilizados pelo IBGE e divulgados pela&nbsp;<a href=\"https:\/\/www.seade.gov.br\/\">Funda\u00e7\u00e3o Seade<\/a>. O levantamento mostra ainda que o desemprego paulista foi menor que a m\u00e9dia nacional (6,9%) e da regi\u00e3o Sudeste (6,6%).&nbsp; Al\u00e9m disso, a taxa de desemprego do estado de SP no segundo trimestre ficou menor tanto em rela\u00e7\u00e3o ao trimestre anterior (7,4%) quanto ao mesmo trimestre do ano passado (7,8%).<\/p>\n\n\n\n<p>S\u00e3o Paulo teve ainda o maior contingente de empregados com carteira assinada no segundo trimestre de 2024 (11,4 milh\u00f5es) entre os demais estados. Em rela\u00e7\u00e3o ao mesmo per\u00edodo do ano passado, houve aumento de 4,2% entre os empregados formais.<\/p>\n\n\n\n<p>No Brasil, o n\u00famero de empregados com carteira de trabalho no setor privado foi de 38,4 milh\u00f5es de pessoas, ou seja, S\u00e3o Paulo respondeu por cerca de 30% dos trabalhadores com carteira assinada no pa\u00eds.<\/p>\n\n\n\n<p>Al\u00e9m disso, enquanto no Brasil o percentual de empregados do setor privado com carteira assinada foi de 73,6%, em S\u00e3o Paulo ficou em 80,5%, terceiro maior do pa\u00eds.<\/p>\n\n\n\n<p>J\u00e1 a taxa de informalidade foi de 31,2% da popula\u00e7\u00e3o ocupada em S\u00e3o Paulo, a terceira menor entre os estados e tamb\u00e9m abaixo do \u00edndice nacional de 38,6%.<\/p>\n\n\n\n<p>Os dados est\u00e3o dentro das diretrizes do programa&nbsp;<a href=\"https:\/\/www.agenciasp.sp.gov.br\/sp-na-direcao-certa-governo-define-diretrizes-para-ampliar-investimentos-e-eficiencia\/\">S\u00e3o Paulo na Dire\u00e7\u00e3o Certa<\/a>, que apontam o caminho a ser seguido para tornar o Estado mais eficiente, com maior capacidade de atra\u00e7\u00e3o de investimentos e gera\u00e7\u00e3o de oportunidades.<\/p>\n\n\n\n<h2 class=\"wp-block-heading\"><strong>Ocupados e desocupados<\/strong><\/h2>\n\n\n\n<p>O total de pessoas ocupadas (incluindo trabalhadores do setor privado e p\u00fablico com e sem carteira assinada, dom\u00e9sticos, informais e por conta pr\u00f3pria com CNPJ) era de 24,580 milh\u00f5es \u2013 alta de 1,5% em rela\u00e7\u00e3o ao trimestre anterior e de 2,7% ante o mesmo trimestre do ano passado. No pa\u00eds, eram 101,830 milh\u00f5es.<\/p>\n\n\n\n<p>Em rela\u00e7\u00e3o aos desocupados, houve queda de 17,6% no n\u00famero em rela\u00e7\u00e3o ao ano passado e de 13,3% ante o primeiro trimestre. Enquanto no segundo trimestre de 2023 ficou em 2,032 milh\u00f5es e de janeiro a mar\u00e7o deste ano em 1,931 milh\u00e3o, no segundo trimestre de 2024 eram 1,674 milh\u00e3o.<\/p>\n\n\n\n<h2 class=\"wp-block-heading\"><strong>Rendimento<\/strong><\/h2>\n\n\n\n<p>Enquanto no Brasil o rendimento m\u00e9dio foi de R$ 3.214 no segundo trimestre, no estado de S\u00e3o Paulo ficou em R$ 3.898 \u2013 alta de 0,9% em rela\u00e7\u00e3o ao primeiro trimestre (R$ 3.863) e de 6% ante o segundo trimestre de 2023 (R$ 3.676).<\/p>\n\n\n\n<p>O rendimento de S\u00e3o Paulo \u00e9 maior que a m\u00e9dia do Sudeste (R$ 3.627) e que dos estados que comp\u00f5em a regi\u00e3o: Rio de Janeiro (R$ 3.748), Esp\u00edrito Santo (R$ 3.197) e Minas Gerais (R$ 3.004).<\/p>\n\n\n\n<h2 class=\"wp-block-heading\"><strong>Setores que geraram vagas<\/strong><\/h2>\n\n\n\n<p>Os setores que mais geraram vagas no estado entre as pessoas ocupadas no segundo trimestre foram Com\u00e9rcio, repara\u00e7\u00e3o de ve\u00edculos automotores e motocicletas e Informa\u00e7\u00e3o, comunica\u00e7\u00e3o e atividades financeiras, imobili\u00e1rias, profissionais e administrativas. Veja abaixo:<\/p>\n\n\n\n<ul class=\"wp-block-list\">\n<li>Com\u00e9rcio, repara\u00e7\u00e3o de ve\u00edculos automotores e motocicletas: 4,428 milh\u00f5es<\/li>\n\n\n\n<li>Informa\u00e7\u00e3o, comunica\u00e7\u00e3o e atividades financeiras, imobili\u00e1rias, profissionais e administrativas: 4,338 milh\u00f5es<\/li>\n\n\n\n<li>Administra\u00e7\u00e3o p\u00fablica, defesa, seguridade social, educa\u00e7\u00e3o, sa\u00fade humana e servi\u00e7os sociais: 3,890 milh\u00f5es<\/li>\n\n\n\n<li>Ind\u00fastria geral: 3,703 milh\u00f5es<\/li>\n\n\n\n<li>Transporte, armazenagem e correio: 1,661 milh\u00e3o<\/li>\n\n\n\n<li>Constru\u00e7\u00e3o: 1,631 milh\u00e3o<\/li>\n\n\n\n<li>Alojamento e alimenta\u00e7\u00e3o: 1,401 milh\u00e3o<\/li>\n\n\n\n<li>Outros servi\u00e7os: 1,448 milh\u00e3o<\/li>\n\n\n\n<li>Servi\u00e7os dom\u00e9sticos: 1,406 milh\u00e3o<\/li>\n\n\n\n<li>Agricultura, pecu\u00e1ria, produ\u00e7\u00e3o florestal, pesca e aquicultura: 672 mil<\/li>\n<\/ul>\n\n\n\n<h2 class=\"wp-block-heading\"><strong>Veja as taxas de desemprego registradas ano a ano<\/strong><\/h2>\n\n\n\n<ul class=\"wp-block-list\">\n<li><strong>2024<\/strong><\/li>\n<\/ul>\n\n\n\n<p>1\u00ba tri: 7,4%<\/p>\n\n\n\n<p>2\u00ba tri: 6,4%<\/p>\n\n\n\n<ul class=\"wp-block-list\">\n<li><strong>2023<\/strong><\/li>\n<\/ul>\n\n\n\n<p>1\u00ba tri: 8,5%<\/p>\n\n\n\n<p>2\u00ba tri: 7,8%<\/p>\n\n\n\n<p>3\u00ba tri: 7,1%<\/p>\n\n\n\n<p>4\u00ba tri: 6,9%<\/p>\n\n\n\n<ul class=\"wp-block-list\">\n<li><strong>2022<\/strong><\/li>\n<\/ul>\n\n\n\n<p>2\u00ba tri: 9,2%<\/p>\n\n\n\n<p>3\u00ba tri: 8,6%<\/p>\n\n\n\n<p>4\u00ba tri: 7,7%<\/p>\n\n\n\n<ul class=\"wp-block-list\">\n<li><strong>2020<\/strong><\/li>\n<\/ul>\n\n\n\n<p>1\u00ba tri: 12,3%<\/p>\n\n\n\n<ul class=\"wp-block-list\">\n<li><strong>2019<\/strong><\/li>\n<\/ul>\n\n\n\n<p>1\u00ba tri: 13,6%<\/p>\n\n\n\n<p>2\u00ba tri: 12,9%<\/p>\n\n\n\n<p>3\u00ba tri: 12,1%<\/p>\n\n\n\n<p>4\u00ba tri: 11,6%<\/p>\n\n\n\n<ul class=\"wp-block-list\">\n<li><strong>2018<\/strong><\/li>\n<\/ul>\n\n\n\n<p>1\u00ba tri: 14,1%<\/p>\n\n\n\n<p>2\u00ba tri: 13,8%<\/p>\n\n\n\n<p>3\u00ba tri: 13,3%<\/p>\n\n\n\n<p>4\u00ba tri: 12,6%<\/p>\n\n\n\n<ul class=\"wp-block-list\">\n<li><strong>2017<\/strong><\/li>\n<\/ul>\n\n\n\n<p>1\u00ba tri: 14,4%<\/p>\n\n\n\n<p>2\u00ba tri: 13,6%<\/p>\n\n\n\n<p>3\u00ba tri: 13,3%<\/p>\n\n\n\n<p>4\u00ba tri: 12,8%<\/p>\n\n\n\n<ul class=\"wp-block-list\">\n<li><strong>2016<\/strong><\/li>\n<\/ul>\n\n\n\n<p>1\u00ba tri: 12,2%<\/p>\n\n\n\n<p>2\u00ba tri: 12,2%<\/p>\n\n\n\n<p>3\u00ba tri: 12,9%<\/p>\n\n\n\n<p>4\u00ba tri: 12,5%<\/p>\n\n\n\n<ul class=\"wp-block-list\">\n<li><strong>2015<\/strong><\/li>\n<\/ul>\n\n\n\n<p>1\u00ba tri: 8,6%<\/p>\n\n\n\n<p>2\u00ba tri: 9,2%<\/p>\n\n\n\n<p>3\u00ba tri: 9,8%<\/p>\n\n\n\n<p>4\u00ba tri: 10,3%<\/p>\n\n\n\n<ul class=\"wp-block-list\">\n<li><strong>2014<\/strong><\/li>\n<\/ul>\n\n\n\n<p>1\u00ba tri: 7,3%<\/p>\n\n\n\n<p>2\u00ba tri: 7,1%<\/p>\n\n\n\n<p>3\u00ba tri: 7,3%<\/p>\n\n\n\n<p>4\u00ba tri: 7,2%<\/p>\n\n\n\n<ul class=\"wp-block-list\">\n<li><strong>2013<\/strong><\/li>\n<\/ul>\n\n\n\n<p>1\u00ba tri: 7,8%<\/p>\n\n\n\n<p>2\u00ba tri: 7,5%<\/p>\n\n\n\n<p>3\u00ba tri: 7,4%<\/p>\n\n\n\n<p>4\u00ba tri: 6,6%<\/p>\n\n\n\n<ul class=\"wp-block-list\">\n<li><strong>2012<\/strong><\/li>\n<\/ul>\n\n\n\n<p>1\u00ba tri: 7,8%<\/p>\n\n\n\n<p>2\u00ba tri: 7,5%<\/p>\n\n\n\n<p>3\u00ba tri: 7%<\/p>\n\n\n\n<p>4\u00ba tri: 6,8%<\/p>\n\n\n\n<h2 class=\"wp-block-heading\">S\u00e3o Paulo na Dire\u00e7\u00e3o Certa<\/h2>\n\n\n\n<p>O Governo de S\u00e3o Paulo lan\u00e7ou em maio o&nbsp;<a href=\"https:\/\/www.agenciasp.sp.gov.br\/sp-na-direcao-certa-governo-define-diretrizes-para-ampliar-investimentos-e-eficiencia\/\">S\u00e3o Paulo na Dire\u00e7\u00e3o Certa<\/a>, um plano que re\u00fane a\u00e7\u00f5es voltadas \u00e0 moderniza\u00e7\u00e3o da m\u00e1quina p\u00fablica, visando dar maior efici\u00eancia ao gasto p\u00fablico, como redu\u00e7\u00e3o de despesas e aumento da arrecada\u00e7\u00e3o, gerando maior capacidade de investimento ao Estado. O plano \u00e9 dividido nos eixos Expans\u00e3o dos Investimentos, Melhoria e Efetividade do Gasto e Redu\u00e7\u00e3o das Despesas, al\u00e9m da&nbsp;<a href=\"https:\/\/www.agenciasp.sp.gov.br\/sao-paulo-na-direcao-certa-sp-publica-decreto-que-regulamenta-reforma-administrativa\/\">Moderniza\u00e7\u00e3o da Administra\u00e7\u00e3o P\u00fablica<\/a>.<\/p>\n\n\n\n<p><strong><em><strong><em><strong><em><strong><em><strong><em><strong><em><strong><em><strong><em><strong>Siga nossas redes sociais no\u00a0<a href=\"https:\/\/www.instagram.com\/ronipaparazzi\/\">Instagram\u00a0<\/a>e\u00a0<a href=\"https:\/\/www.facebook.com\/ronipaparazzicomvoce\">Facebook<\/a>\u00a0participe da nossa comunidade do Canal Roni Paparazzi no Whatsapp e receba as principais not\u00edcias da regi\u00e3o de Ara\u00e7atuba do dia direto no seu celular.<\/strong>\u00a0<a href=\"https:\/\/chat.whatsapp.com\/GsG1XKo0jPOEfjzudWQcml\" target=\"_blank\" rel=\"noreferrer noopener\">\u00a0Clique aqui e se inscreva.<\/a><\/em><\/strong><\/em><\/strong><\/em><\/strong><\/em><\/strong><\/em><\/strong><\/em><\/strong><\/em><\/strong><\/em><\/strong><\/p>\n","protected":false},"excerpt":{"rendered":"<p>O estado de S\u00e3o Paulo registrou a menor taxa de desemprego em 12 anos no segundo trimestre deste ano: 6,4%. Trata-se da menor taxa de desocupa\u00e7\u00e3o da s\u00e9rie hist\u00f3rica, iniciada pelo instituto em 2012. A informa\u00e7\u00e3o \u00e9 da Ag\u00eancia SP. Os dados foram disponibilizados pelo IBGE e divulgados pela&nbsp;Funda\u00e7\u00e3o Seade. O levantamento mostra ainda que &hellip;<\/p>\n","protected":false},"author":1,"featured_media":11640,"comment_status":"open","ping_status":"open","sticky":false,"template":"","format":"standard","meta":{"_jetpack_memberships_contains_paid_content":false,"footnotes":"","jetpack_publicize_message":"","jetpack_publicize_feature_enabled":true,"jetpack_social_post_already_shared":false,"jetpack_social_options":{"image_generator_settings":{"template":"highway","default_image_id":0,"enabled":false},"version":2}},"categories":[4],"tags":[],"class_list":["post-11639","post","type-post","status-publish","format-standard","has-post-thumbnail","hentry","category-regiao"],"jetpack_publicize_connections":[],"jetpack_featured_media_url":"https:\/\/i0.wp.com\/www.paparazzinews.com.br\/wp-content\/uploads\/2024\/09\/trabalho.png?fit=977%2C642&ssl=1","views":"2054","jetpack_likes_enabled":true,"jetpack_sharing_enabled":true,"_links":{"self":[{"href":"https:\/\/www.paparazzinews.com.br\/index.php?rest_route=\/wp\/v2\/posts\/11639","targetHints":{"allow":["GET"]}}],"collection":[{"href":"https:\/\/www.paparazzinews.com.br\/index.php?rest_route=\/wp\/v2\/posts"}],"about":[{"href":"https:\/\/www.paparazzinews.com.br\/index.php?rest_route=\/wp\/v2\/types\/post"}],"author":[{"embeddable":true,"href":"https:\/\/www.paparazzinews.com.br\/index.php?rest_route=\/wp\/v2\/users\/1"}],"replies":[{"embeddable":true,"href":"https:\/\/www.paparazzinews.com.br\/index.php?rest_route=%2Fwp%2Fv2%2Fcomments&post=11639"}],"version-history":[{"count":1,"href":"https:\/\/www.paparazzinews.com.br\/index.php?rest_route=\/wp\/v2\/posts\/11639\/revisions"}],"predecessor-version":[{"id":11641,"href":"https:\/\/www.paparazzinews.com.br\/index.php?rest_route=\/wp\/v2\/posts\/11639\/revisions\/11641"}],"wp:featuredmedia":[{"embeddable":true,"href":"https:\/\/www.paparazzinews.com.br\/index.php?rest_route=\/wp\/v2\/media\/11640"}],"wp:attachment":[{"href":"https:\/\/www.paparazzinews.com.br\/index.php?rest_route=%2Fwp%2Fv2%2Fmedia&parent=11639"}],"wp:term":[{"taxonomy":"category","embeddable":true,"href":"https:\/\/www.paparazzinews.com.br\/index.php?rest_route=%2Fwp%2Fv2%2Fcategories&post=11639"},{"taxonomy":"post_tag","embeddable":true,"href":"https:\/\/www.paparazzinews.com.br\/index.php?rest_route=%2Fwp%2Fv2%2Ftags&post=11639"}],"curies":[{"name":"wp","href":"https:\/\/api.w.org\/{rel}","templated":true}]}}