{"id":11627,"date":"2024-09-02T18:38:11","date_gmt":"2024-09-02T21:38:11","guid":{"rendered":"https:\/\/www.paparazzinews.com.br\/?p=11627"},"modified":"2024-09-02T18:38:12","modified_gmt":"2024-09-02T21:38:12","slug":"entenda-o-que-muda-nos-novos-leiloes-de-veiculos-retomados-pelo-detran-sp","status":"publish","type":"post","link":"https:\/\/www.paparazzinews.com.br\/?p=11627","title":{"rendered":"Entenda o que muda nos novos leil\u00f5es de ve\u00edculos retomados pelo Detran-SP"},"content":{"rendered":"\n<p>O Governo de S\u00e3o Paulo retomou a realiza\u00e7\u00e3o dos leil\u00f5es de ve\u00edculos do Departamento Estadual de Tr\u00e2nsito de S\u00e3o Paulo (Detran-SP) dentro dos novos padr\u00f5es de transpar\u00eancia e idoneidade. Os certames estavam suspensos desde maio do ano passado, para uma revis\u00e3o geral dos processos e corre\u00e7\u00e3o de irregularidades. Atualmente, existem 140 mil ve\u00edculos dispon\u00edveis para serem leiloados, que se acumularam nos \u00faltimos 20 anos.\u00a0A informa\u00e7\u00e3o \u00e9 da Ag\u00eancia SP.<\/p>\n\n\n\n<p>O primeiro leil\u00e3o que marcou a retomada aconteceu em Botucatu, interior do estado, em julho. O certamente terminou com quase 100% dos ve\u00edculos em condi\u00e7\u00e3o de circula\u00e7\u00e3o arrematados. O total arrecadado foi de cerca de R$ 1,7 milh\u00e3o. Outros tr\u00eas leil\u00f5es tamb\u00e9m j\u00e1 foram realizados em Cerquilho, Capela do Alto e Ces\u00e1rio Lange, em agosto. Todos os lotes foram arrematados e pagos, um total de arrecada\u00e7\u00e3o de quase R$ 576 mil reais.<\/p>\n\n\n\n<p>O pr\u00f3ximo j\u00e1 est\u00e1 marcado para ocorrer em Bragan\u00e7a Paulista no dia 12 de setembro. As cidades de Itapecerica da Serra e Caieiras tamb\u00e9m devem realizar os certames, ainda sem data.&nbsp;<\/p>\n\n\n\n<p>\u201cAs mudan\u00e7as nas regras dos leil\u00f5es trouxeram mais seguran\u00e7a. Todos os procedimentos s\u00e3o auditados pela Controladoria Geral do Estado, com uma intera\u00e7\u00e3o entre o Detran-SP, leiloeiro e propriamente o p\u00e1tio\u201d, explica Heitor Frozel, gerente de p\u00e1tios e leil\u00f5es.&nbsp;<\/p>\n\n\n\n<figure class=\"wp-block-image\"><img data-recalc-dims=\"1\" height=\"472\" width=\"708\" decoding=\"async\" src=\"https:\/\/i0.wp.com\/www.agenciasp.sp.gov.br\/wp-content\/uploads\/2024\/08\/MC832793-1024x683.jpg?resize=708%2C472\" alt=\"\" class=\"wp-image-15959\"\/><figcaption class=\"wp-element-caption\">Cada leil\u00e3o tem tr\u00eas modalidades de ve\u00edculos que podem ser vendidos<\/figcaption><\/figure>\n\n\n\n<h2 class=\"wp-block-heading\"><strong>Veja o que mudou&nbsp;<\/strong><\/h2>\n\n\n\n<p>Em maio de 2023, o&nbsp;<a href=\"https:\/\/www.detran.sp.gov.br\/wps\/portal\/portaldetran\/cidadao\/home\">Detran-SP<\/a>&nbsp;decidiu paralisar os leil\u00f5es ap\u00f3s encontrar diverg\u00eancias com a legisla\u00e7\u00e3o. Uma pr\u00e1tica adotada anteriormente era o dep\u00f3sito da verba arrecadada com o certame em contas banc\u00e1rias, propriamente dos leiloeiros. A legisla\u00e7\u00e3o veda essa pr\u00e1tica e diz que todos os recursos levantados com o leil\u00e3o p\u00fablico t\u00eam que ser depositados em conta p\u00fablica, no \u00f3rg\u00e3o realizador do leil\u00e3o.&nbsp;<\/p>\n\n\n\n<p>\u201cO maior benef\u00edcio \u00e9 que n\u00f3s estamos cumprindo estritamente a legisla\u00e7\u00e3o, trazendo um fluxo com lisura, transpar\u00eancia e, com certeza, um fortalecimento nos procedimentos\u201d, refor\u00e7a Heitor Frozel. \u201cN\u00f3s tivemos v\u00e1rios \u00f3rg\u00e3os de controle do Estado envolvidos, justamente para trazer toda a legisla\u00e7\u00e3o aplic\u00e1vel para dentro do fluxo. N\u00f3s conversamos com a Procuradoria Geral, com a Controladoria Geral, com a pr\u00f3pria Junta Comercial do Estado, a JUSCESP, para desenhar um novo fluxo de leil\u00e3o que esteja estreitamente em conformidade com a legisla\u00e7\u00e3o\u201d, explica.<\/p>\n\n\n\n<p>Entre os \u00f3rg\u00e3os estaduais envolvidos no novo modelo de leil\u00f5es, est\u00e1 a Secretaria da Fazenda (SeFaz), que trabalha em conjunto com o Detran-SP para a emiss\u00e3o do DARE (Documento de Arrecada\u00e7\u00e3o de Receitas Estaduais). Antes, o pagamento era feito pelo arrematante \u00e0 empresa de leil\u00f5es envolvida no certame, a quem cabia efetuar todos os pagamentos de despesas. Ao simplificar o processo, com a elimina\u00e7\u00e3o de um intermedi\u00e1rio no pagamento, o \u00f3rg\u00e3o passa a ter maior visibilidade e poder de gest\u00e3o sobre os valores.<\/p>\n\n\n\n<h2 class=\"wp-block-heading\"><strong>Tr\u00eas modalidades de leil\u00e3o<\/strong><\/h2>\n\n\n\n<p>Cada leil\u00e3o tem tr\u00eas modalidades de ve\u00edculos que podem ser vendidos. Os ve\u00edculos que est\u00e3o conservados e que podem voltar a circular. H\u00e1 tamb\u00e9m a modalidade de sucata aproveit\u00e1vel, cujas pe\u00e7as s\u00e3o destinadas a empresas de desmontagem para posterior comercializa\u00e7\u00e3o; e as sucatas irrevers\u00edveis, que v\u00e3o para siderurgias e fundi\u00e7\u00f5es, onde \u00e9 feita a compacta\u00e7\u00e3o dos ve\u00edculos em fardos met\u00e1licos para ser realizada a fundi\u00e7\u00e3o desse material.&nbsp;<\/p>\n\n\n\n<p>Especificamente na modalidade sucata irrevers\u00edvel, s\u00f3 \u00e9 permitido empresas homologadas no ramo de siderurgia e fundi\u00e7\u00e3o, ou seja, obrigatoriamente devem ser empresas jur\u00eddicas e credenciadas. J\u00e1 na circula\u00e7\u00e3o, \u00e9 permitida a participa\u00e7\u00e3o de pessoas f\u00edsicas e jur\u00eddicas.&nbsp;<\/p>\n\n\n\n<p>H\u00e1 uma cl\u00e1usula que veda a participa\u00e7\u00e3o de parentescos at\u00e9 segundo grau de pessoas que trabalham para o Detran-SP, pessoas que trabalham para as empresas de leil\u00e3o, pessoas que trabalham nas empresas de leil\u00e3o e pessoas que trabalham no p\u00e1tio.&nbsp;<\/p>\n\n\n\n<figure class=\"wp-block-image\"><img data-recalc-dims=\"1\" height=\"472\" width=\"708\" decoding=\"async\" src=\"https:\/\/i0.wp.com\/www.agenciasp.sp.gov.br\/wp-content\/uploads\/2024\/08\/MC832822-1024x683.jpg?resize=708%2C472\" alt=\"\" class=\"wp-image-15961\"\/><figcaption class=\"wp-element-caption\">Os ve\u00edculos recolhidos aos p\u00e1tios pelo Detran-SP, DER e prefeituras podem ser conferidos de perto antes do leil\u00e3o<\/figcaption><\/figure>\n\n\n\n<h2 class=\"wp-block-heading\"><strong>Posso visitar um p\u00e1tio antes dos leil\u00f5es?<\/strong><\/h2>\n\n\n\n<p>Os ve\u00edculos recolhidos aos p\u00e1tios pelo Detran-SP, DER e prefeituras podem ser conferidos de perto nos dois dias \u00fateis que antecedem a abertura para os pr\u00e9-lances do leil\u00e3o. O contato com os ve\u00edculos, sucatas e materiais ferrosos \u00e9 apenas visual, sem manuseio, toque ou qualquer tipo de teste.&nbsp;<\/p>\n\n\n\n<p>Antes do leil\u00e3o, \u00e9 poss\u00edvel oferecer pr\u00e9-lances. O participante sugere um pre\u00e7o para um ve\u00edculo, valor que ser\u00e1 convertido em lance no in\u00edcio da sess\u00e3o p\u00fablica e que, se n\u00e3o superado em at\u00e9 30 segundos, se tornar\u00e1 automaticamente o vencedor e comprador da unidade, desde que o lance seja superior ao valor da avalia\u00e7\u00e3o.<\/p>\n\n\n\n<p>Vale ressaltar que, mesmo que um pr\u00e9-lance tenha sido feito, o propriet\u00e1rio do ve\u00edculo listado para leil\u00e3o tem o direito de recuper\u00e1-lo at\u00e9 um dia \u00fatil antes do certame, mediante a quita\u00e7\u00e3o dos d\u00e9bitos pendentes, entre infra\u00e7\u00f5es e tarifas de remo\u00e7\u00e3o e cust\u00f3dia em p\u00e1tio, conforme a Resolu\u00e7\u00e3o 623, de 2016, do Conselho Nacional de Tr\u00e2nsito (Contran).<\/p>\n\n\n\n<p><strong><em><strong><em><strong><em><strong><em><strong><em><strong><em><strong><em><strong><em><strong>Siga nossas redes sociais no\u00a0<a href=\"https:\/\/www.instagram.com\/ronipaparazzi\/\">Instagram\u00a0<\/a>e\u00a0<a href=\"https:\/\/www.facebook.com\/ronipaparazzicomvoce\">Facebook<\/a>\u00a0participe da nossa comunidade do Canal Roni Paparazzi no Whatsapp e receba as principais not\u00edcias da regi\u00e3o de Ara\u00e7atuba do dia direto no seu celular.<\/strong>\u00a0<a href=\"https:\/\/chat.whatsapp.com\/GsG1XKo0jPOEfjzudWQcml\" target=\"_blank\" rel=\"noreferrer noopener\">\u00a0Clique aqui e se inscreva.<\/a><\/em><\/strong><\/em><\/strong><\/em><\/strong><\/em><\/strong><\/em><\/strong><\/em><\/strong><\/em><\/strong><\/em><\/strong><\/p>\n","protected":false},"excerpt":{"rendered":"<p>O Governo de S\u00e3o Paulo retomou a realiza\u00e7\u00e3o dos leil\u00f5es de ve\u00edculos do Departamento Estadual de Tr\u00e2nsito de S\u00e3o Paulo (Detran-SP) dentro dos novos padr\u00f5es de transpar\u00eancia e idoneidade. Os certames estavam suspensos desde maio do ano passado, para uma revis\u00e3o geral dos processos e corre\u00e7\u00e3o de irregularidades. Atualmente, existem 140 mil ve\u00edculos dispon\u00edveis para &hellip;<\/p>\n","protected":false},"author":1,"featured_media":11628,"comment_status":"open","ping_status":"open","sticky":false,"template":"","format":"standard","meta":{"_jetpack_memberships_contains_paid_content":false,"footnotes":"","jetpack_publicize_message":"","jetpack_publicize_feature_enabled":true,"jetpack_social_post_already_shared":false,"jetpack_social_options":{"image_generator_settings":{"template":"highway","default_image_id":0,"enabled":false},"version":2}},"categories":[4],"tags":[],"class_list":["post-11627","post","type-post","status-publish","format-standard","has-post-thumbnail","hentry","category-regiao"],"jetpack_publicize_connections":[],"jetpack_featured_media_url":"https:\/\/i0.wp.com\/www.paparazzinews.com.br\/wp-content\/uploads\/2024\/09\/MC832790-1536x1024-1.jpg?fit=1536%2C1024&ssl=1","views":"2035","jetpack_likes_enabled":true,"jetpack_sharing_enabled":true,"_links":{"self":[{"href":"https:\/\/www.paparazzinews.com.br\/index.php?rest_route=\/wp\/v2\/posts\/11627","targetHints":{"allow":["GET"]}}],"collection":[{"href":"https:\/\/www.paparazzinews.com.br\/index.php?rest_route=\/wp\/v2\/posts"}],"about":[{"href":"https:\/\/www.paparazzinews.com.br\/index.php?rest_route=\/wp\/v2\/types\/post"}],"author":[{"embeddable":true,"href":"https:\/\/www.paparazzinews.com.br\/index.php?rest_route=\/wp\/v2\/users\/1"}],"replies":[{"embeddable":true,"href":"https:\/\/www.paparazzinews.com.br\/index.php?rest_route=%2Fwp%2Fv2%2Fcomments&post=11627"}],"version-history":[{"count":1,"href":"https:\/\/www.paparazzinews.com.br\/index.php?rest_route=\/wp\/v2\/posts\/11627\/revisions"}],"predecessor-version":[{"id":11629,"href":"https:\/\/www.paparazzinews.com.br\/index.php?rest_route=\/wp\/v2\/posts\/11627\/revisions\/11629"}],"wp:featuredmedia":[{"embeddable":true,"href":"https:\/\/www.paparazzinews.com.br\/index.php?rest_route=\/wp\/v2\/media\/11628"}],"wp:attachment":[{"href":"https:\/\/www.paparazzinews.com.br\/index.php?rest_route=%2Fwp%2Fv2%2Fmedia&parent=11627"}],"wp:term":[{"taxonomy":"category","embeddable":true,"href":"https:\/\/www.paparazzinews.com.br\/index.php?rest_route=%2Fwp%2Fv2%2Fcategories&post=11627"},{"taxonomy":"post_tag","embeddable":true,"href":"https:\/\/www.paparazzinews.com.br\/index.php?rest_route=%2Fwp%2Fv2%2Ftags&post=11627"}],"curies":[{"name":"wp","href":"https:\/\/api.w.org\/{rel}","templated":true}]}}