{"id":11612,"date":"2024-09-02T18:23:55","date_gmt":"2024-09-02T21:23:55","guid":{"rendered":"https:\/\/www.paparazzinews.com.br\/?p=11612"},"modified":"2024-09-02T18:23:56","modified_gmt":"2024-09-02T21:23:56","slug":"governo-de-sp-promove-acoes-de-mobilizacao-e-mantem-enfrentamento-a-incendios","status":"publish","type":"post","link":"https:\/\/www.paparazzinews.com.br\/?p=11612","title":{"rendered":"Governo de SP promove a\u00e7\u00f5es de mobiliza\u00e7\u00e3o e mant\u00e9m enfrentamento a inc\u00eandios"},"content":{"rendered":"\n<p>O Governo de S\u00e3o Paulo est\u00e1 mobilizado para a\u00e7\u00f5es de combate a inc\u00eandios e a\u00e7\u00f5es de conscientiza\u00e7\u00e3o neste s\u00e1bado (31). A Defesa Civil do Estado liderou o dia D de mobiliza\u00e7\u00e3o em munic\u00edpios nas regi\u00f5es de Ribeir\u00e3o Preto, S\u00e3o Jos\u00e9 do Rio Preto, Barretos, Ara\u00e7atuba e Presidente Prudente. At\u00e9 o in\u00edcio da tarde, cinco cidades do interior registravam focos ativos de inc\u00eandios. A informa\u00e7\u00e3o \u00e9 da Ag\u00eancia SP.<\/p>\n\n\n\n<p>Os focos de fogo foram verificados nas cidades de Morro Agudo e Pedregulho, ambos na regi\u00e3o de Franca; em Altin\u00f3polis e Franca, na \u00e1rea de Ribeir\u00e3o Preto; e em Fernand\u00f3polis, na regi\u00e3o de S\u00e3o Jos\u00e9 do Rio Preto. Agentes de Defesa Civil, bombeiros, brigadistas volunt\u00e1rios e equipes de grupos privados atuam em todos os locais para o combate \u00e0s chamas, com apoio de ve\u00edculos e uma aeronave.<\/p>\n\n\n\n<p>Equipes da Defesa Civil tamb\u00e9m participam de a\u00e7\u00f5es em locais com grande fluxo de pessoas, regi\u00f5es rurais e pra\u00e7as de ped\u00e1gio para orienta\u00e7\u00e3o \u00e0 popula\u00e7\u00e3o e distribui\u00e7\u00e3o de material informativo para preven\u00e7\u00e3o a inc\u00eandios. O \u00f3rg\u00e3o estadual tamb\u00e9m refor\u00e7ou a import\u00e2ncia de den\u00fancias de inc\u00eandios criminosos pelos telefones 181 e 190.<\/p>\n\n\n\n<figure class=\"wp-block-image\"><img data-recalc-dims=\"1\" height=\"497\" width=\"708\" decoding=\"async\" src=\"https:\/\/i0.wp.com\/www.agenciasp.sp.gov.br\/wp-content\/uploads\/2024\/08\/WhatsApp-Image-2024-08-31-at-13.47.18-1024x719.jpeg?resize=708%2C497&#038;ssl=1\" alt=\"\" class=\"wp-image-16695\"\/><figcaption class=\"wp-element-caption\">A Defesa Civil do Estado liderou o dia D de mobiliza\u00e7\u00e3o em munic\u00edpios nas regi\u00f5es de Ribeir\u00e3o Preto, S\u00e3o Jos\u00e9 do Rio Preto, Barretos, Ara\u00e7atuba e Presidente Prudente<\/figcaption><\/figure>\n\n\n\n<h2 class=\"wp-block-heading\">Monitoramento nas rodovias<\/h2>\n\n\n\n<p>As concession\u00e1rias que administram mais de 11 mil km de rodovias paulistas est\u00e3o utilizando tecnologia avan\u00e7ada para monitorar e identificar focos de inc\u00eandio, sob a supervis\u00e3o da Artesp (Ag\u00eancia de Transporte do Estado).<\/p>\n\n\n\n<p>Com 3.359 c\u00e2meras de circuito fechado de TV instaladas estrategicamente, \u00e9 poss\u00edvel detectar acidentes, interdi\u00e7\u00f5es e focos de fogo com precis\u00e3o, permitindo uma resposta r\u00e1pida. Essas informa\u00e7\u00f5es s\u00e3o enviadas para os Centros de Controle Operacional das concession\u00e1rias e compartilhadas com a Pol\u00edcia Militar Rodovi\u00e1ria, assegurando seguran\u00e7a, mobilidade e fluidez no tr\u00e2nsito 24 horas por dia.<\/p>\n\n\n\n<h2 class=\"wp-block-heading\">Alerta mantido<\/h2>\n\n\n\n<p>O Centro de Gerenciamento de Emerg\u00eancias (CGE) da Defesa Civil do Estado de S\u00e3o Paulo emitiu um alerta na \u00faltima quinta-feira (29) para o risco elevado de inc\u00eandios em quase todo o estado nos pr\u00f3ximos dias. Nos pr\u00f3ximos dias, as temperaturas sobem e a umidade relativa do ar deve cair, o que aumenta as chances de queimadas.<\/p>\n\n\n\n<p>O Governo de S\u00e3o Paulo mant\u00e9m o gabinete de crise e monitora a situa\u00e7\u00e3o dos inc\u00eandios. De acordo com meteorologistas da Defesa Civil, com o fim da massa de ar frio, os term\u00f4metros sobem, principalmente no interior, com m\u00e1ximas ultrapassando 30\u00baC.<\/p>\n\n\n\n<figure class=\"wp-block-image\"><img data-recalc-dims=\"1\" height=\"474\" width=\"708\" decoding=\"async\" src=\"https:\/\/i0.wp.com\/www.agenciasp.sp.gov.br\/wp-content\/uploads\/2024\/08\/WhatsApp-Image-2024-08-31-at-13.47.18-1-1024x685.jpeg?resize=708%2C474&#038;ssl=1\" alt=\"\" class=\"wp-image-16696\"\/><figcaption class=\"wp-element-caption\">Equipes da Defesa Civil tamb\u00e9m participam de a\u00e7\u00f5es em locais com grande fluxo de pessoas<\/figcaption><\/figure>\n\n\n\n<p>O Mapa de Risco de Inc\u00eandio, que emite previs\u00f5es para os pr\u00f3ximos dias, aponta que as regi\u00f5es mais cr\u00edticas com rela\u00e7\u00e3o \u00e0s altas temperaturas s\u00e3o Andradina, Ara\u00e7atuba, Bauru e Ja\u00fa, com m\u00e1ximas podendo chegar a 35\u00baC. Destaque tamb\u00e9m para a umidade relativa do ar, que deve atingir n\u00edveis cr\u00edticos ficando abaixo dos 20%. O CGE ainda prev\u00ea ventos fortes que podem chegar aos 60km\/h.<\/p>\n\n\n\n<p>Para as regi\u00f5es de Presidente Prudente, Assis, Mar\u00edlia e Ourinhos, as temperaturas devem ser de 34\u00baC, al\u00e9m da umidade relativa do ar abaixo dos 20%. J\u00e1 para as regi\u00f5es de Jales, Votuporanga, S\u00e3o Jos\u00e9 do Rio Preto, Ribeir\u00e3o Preto, Barretos, Franca e S\u00e3o Carlos, os term\u00f4metros podem registrar 33\u00baC, com umidade do ar tamb\u00e9m abaixo dos 20%.<\/p>\n\n\n\n<p>As regi\u00f5es de Itapeva, Sorocaba e Iper\u00f3 podem registrar m\u00e1ximas de 29\u00baC, com umidade abaixo dos 25%. Nesse caso, recomenda-se evitar exerc\u00edcios f\u00edsicos e trabalhos ao ar livre entre 10 e 16 horas, evitar aglomera\u00e7\u00f5es em ambientes fechados e usar soro fisiol\u00f3gico para olhos e narinas, al\u00e9m de se hidratar e umidificar o ambiente.<\/p>\n\n\n\n<p>Nas Regi\u00f5es Metropolitana de S\u00e3o Paulo, de Campinas, Jundia\u00ed, Campos do Jord\u00e3o e Guaratinguet\u00e1, a m\u00e1xima prevista ser\u00e1 de 27\u00baC, com umidade relativa do ar ficando abaixo dos 30%.<\/p>\n\n\n\n<p>Os \u00f3rg\u00e3os estaduais recomendam aten\u00e7\u00e3o redobrada a medidas preventivas como n\u00e3o colocar fogo em \u00e1reas de vegeta\u00e7\u00e3o seca, n\u00e3o jogar bitucas de cigarro em beiras de rodovias, n\u00e3o realizar a limpeza da \u00e1rea rural utilizando t\u00e9cnicas com fogo, n\u00e3o queimar lixo e n\u00e3o soltar bal\u00e3o.<\/p>\n\n\n\n<p><strong><em><strong><em><strong><em><strong><em><strong><em><strong><em><strong><em><strong><em><strong>Siga nossas redes sociais no&nbsp;<a href=\"https:\/\/www.instagram.com\/ronipaparazzi\/\">Instagram&nbsp;<\/a>e&nbsp;<a href=\"https:\/\/www.facebook.com\/ronipaparazzicomvoce\">Facebook<\/a>&nbsp;participe da nossa comunidade do Canal Roni Paparazzi no Whatsapp e receba as principais not\u00edcias da regi\u00e3o de Ara\u00e7atuba do dia direto no seu celular.<\/strong>&nbsp;<a href=\"https:\/\/chat.whatsapp.com\/GsG1XKo0jPOEfjzudWQcml\" target=\"_blank\" rel=\"noreferrer noopener\">&nbsp;Clique aqui e se inscreva.<\/a><\/em><\/strong><\/em><\/strong><\/em><\/strong><\/em><\/strong><\/em><\/strong><\/em><\/strong><\/em><\/strong><\/em><\/strong><\/p>\n\n\n\n<p><a href=\"https:\/\/www.paparazzinews.com.br\/wp-admin\/post.php?post=11606&amp;action=edit\"><\/a><\/p>\n","protected":false},"excerpt":{"rendered":"<p>O Governo de S\u00e3o Paulo est\u00e1 mobilizado para a\u00e7\u00f5es de combate a inc\u00eandios e a\u00e7\u00f5es de conscientiza\u00e7\u00e3o neste s\u00e1bado (31). A Defesa Civil do Estado liderou o dia D de mobiliza\u00e7\u00e3o em munic\u00edpios nas regi\u00f5es de Ribeir\u00e3o Preto, S\u00e3o Jos\u00e9 do Rio Preto, Barretos, Ara\u00e7atuba e Presidente Prudente. At\u00e9 o in\u00edcio da tarde, cinco cidades &hellip;<\/p>\n","protected":false},"author":1,"featured_media":11613,"comment_status":"open","ping_status":"open","sticky":false,"template":"","format":"standard","meta":{"_jetpack_memberships_contains_paid_content":false,"footnotes":"","jetpack_publicize_message":"","jetpack_publicize_feature_enabled":true,"jetpack_social_post_already_shared":false,"jetpack_social_options":{"image_generator_settings":{"template":"highway","default_image_id":0,"enabled":false},"version":2}},"categories":[3],"tags":[],"class_list":["post-11612","post","type-post","status-publish","format-standard","has-post-thumbnail","hentry","category-policial"],"jetpack_publicize_connections":[],"jetpack_featured_media_url":"https:\/\/i0.wp.com\/www.paparazzinews.com.br\/wp-content\/uploads\/2024\/09\/WhatsApp-Image-2024-08-31-at-12.57.15-scaled-e1725120105380-1536x1017-1.jpeg?fit=1536%2C1017&ssl=1","views":"2047","jetpack_likes_enabled":true,"jetpack_sharing_enabled":true,"_links":{"self":[{"href":"https:\/\/www.paparazzinews.com.br\/index.php?rest_route=\/wp\/v2\/posts\/11612","targetHints":{"allow":["GET"]}}],"collection":[{"href":"https:\/\/www.paparazzinews.com.br\/index.php?rest_route=\/wp\/v2\/posts"}],"about":[{"href":"https:\/\/www.paparazzinews.com.br\/index.php?rest_route=\/wp\/v2\/types\/post"}],"author":[{"embeddable":true,"href":"https:\/\/www.paparazzinews.com.br\/index.php?rest_route=\/wp\/v2\/users\/1"}],"replies":[{"embeddable":true,"href":"https:\/\/www.paparazzinews.com.br\/index.php?rest_route=%2Fwp%2Fv2%2Fcomments&post=11612"}],"version-history":[{"count":1,"href":"https:\/\/www.paparazzinews.com.br\/index.php?rest_route=\/wp\/v2\/posts\/11612\/revisions"}],"predecessor-version":[{"id":11614,"href":"https:\/\/www.paparazzinews.com.br\/index.php?rest_route=\/wp\/v2\/posts\/11612\/revisions\/11614"}],"wp:featuredmedia":[{"embeddable":true,"href":"https:\/\/www.paparazzinews.com.br\/index.php?rest_route=\/wp\/v2\/media\/11613"}],"wp:attachment":[{"href":"https:\/\/www.paparazzinews.com.br\/index.php?rest_route=%2Fwp%2Fv2%2Fmedia&parent=11612"}],"wp:term":[{"taxonomy":"category","embeddable":true,"href":"https:\/\/www.paparazzinews.com.br\/index.php?rest_route=%2Fwp%2Fv2%2Fcategories&post=11612"},{"taxonomy":"post_tag","embeddable":true,"href":"https:\/\/www.paparazzinews.com.br\/index.php?rest_route=%2Fwp%2Fv2%2Ftags&post=11612"}],"curies":[{"name":"wp","href":"https:\/\/api.w.org\/{rel}","templated":true}]}}