{"id":11600,"date":"2024-09-02T18:13:26","date_gmt":"2024-09-02T21:13:26","guid":{"rendered":"https:\/\/www.paparazzinews.com.br\/?p=11600"},"modified":"2024-09-02T18:13:27","modified_gmt":"2024-09-02T21:13:27","slug":"defesa-civil-de-sp-lanca-campanha-de-prevencao-de-incendios-em-cidades-com-maior-risco-de-queimadas","status":"publish","type":"post","link":"https:\/\/www.paparazzinews.com.br\/?p=11600","title":{"rendered":"Defesa Civil de SP lan\u00e7a campanha de preven\u00e7\u00e3o de inc\u00eandios em cidades com maior risco de queimadas"},"content":{"rendered":"\n<p>A Defesa Civil do Estado de S\u00e3o Paulo realizou a\u00e7\u00e3o conjunta com agentes das Defesas Civis Estadual e Municipal, Secretaria de Agricultura e Abastecimento, Corpo de Bombeiros e Guardas Civis nesta sexta-feira (30) e s\u00e1bado (31), em Ribeir\u00e3o Preto, S\u00e3o Jos\u00e9 do Rio Preto e Presidente Prudente \u2013 regi\u00f5es que apresentam os maiores riscos para queimadas.\u00a0A informa\u00e7\u00e3o \u00e9 da Ag\u00eancia SP.<\/p>\n\n\n\n<figure class=\"wp-block-image\"><img data-recalc-dims=\"1\" height=\"708\" width=\"708\" decoding=\"async\" src=\"https:\/\/i0.wp.com\/www.agenciasp.sp.gov.br\/wp-content\/uploads\/2024\/08\/Campanha-de-conscientizacao-sobre-a-prevencao-de-incendios-1024x1024.jpeg?resize=708%2C708\" alt=\"Campanha da Defesa Civil sobre preven\u00e7\u00e3o de inc\u00eandios\" class=\"wp-image-16496\"\/><\/figure>\n\n\n\n<p>O lan\u00e7amento da Campanha Intensiva de Conscientiza\u00e7\u00e3o sobre a Preven\u00e7\u00e3o de Inc\u00eandios teve in\u00edcio nesta sexta-feira (30), com atividades de panfletagem e orienta\u00e7\u00f5es para a popula\u00e7\u00e3o, motoristas e pedestres, no cruzamento da Avenida Presidente Vargas com Avenida Prof. Jo\u00e3o Fi\u00fasa, em Ribeir\u00e3o Preto.<\/p>\n\n\n\n<figure class=\"wp-block-image\"><img data-recalc-dims=\"1\" height=\"708\" width=\"708\" decoding=\"async\" src=\"https:\/\/i0.wp.com\/www.agenciasp.sp.gov.br\/wp-content\/uploads\/2024\/08\/Campanha-Intensiva-de-conscientizacao-sobre-a-prevencao-de-incendios-1024x1024.jpeg?resize=708%2C708\" alt=\"Campanha da Defesa Civil sobre preven\u00e7\u00e3o de inc\u00eandios\" class=\"wp-image-16497\"\/><figcaption class=\"wp-element-caption\">O foco da campanha \u00e9 para as regi\u00f5es que apresentam os maiores riscos de queimadas<\/figcaption><\/figure>\n\n\n\n<p>J\u00e1 o Dia D de Mobiliza\u00e7\u00e3o ocorrer\u00e1 simultaneamente no s\u00e1bado (31), a partir das 8h, nas cidades de Ribeir\u00e3o Preto, S\u00e3o Jos\u00e9 do Rio Preto e Presidente Prudente, com panfletagem e orienta\u00e7\u00f5es para a popula\u00e7\u00e3o das \u00e1reas rurais e urbanas. Al\u00e9m das abordagens diretas, ser\u00e3o instaladas faixas com mensagens de preven\u00e7\u00e3o em locais de grande circula\u00e7\u00e3o.<\/p>\n\n\n\n<p><strong><em><strong><em><strong><em><strong><em><strong><em><strong><em><strong><em><strong><em><strong>Siga nossas redes sociais no\u00a0<a href=\"https:\/\/www.instagram.com\/ronipaparazzi\/\">Instagram\u00a0<\/a>e\u00a0<a href=\"https:\/\/www.facebook.com\/ronipaparazzicomvoce\">Facebook<\/a>\u00a0participe da nossa comunidade do Canal Roni Paparazzi no Whatsapp e receba as principais not\u00edcias da regi\u00e3o de Ara\u00e7atuba do dia direto no seu celular.<\/strong>\u00a0<a href=\"https:\/\/chat.whatsapp.com\/GsG1XKo0jPOEfjzudWQcml\" target=\"_blank\" rel=\"noreferrer noopener\">\u00a0Clique aqui e se inscreva.<\/a><\/em><\/strong><\/em><\/strong><\/em><\/strong><\/em><\/strong><\/em><\/strong><\/em><\/strong><\/em><\/strong><\/em><\/strong><\/p>\n","protected":false},"excerpt":{"rendered":"<p>A Defesa Civil do Estado de S\u00e3o Paulo realizou a\u00e7\u00e3o conjunta com agentes das Defesas Civis Estadual e Municipal, Secretaria de Agricultura e Abastecimento, Corpo de Bombeiros e Guardas Civis nesta sexta-feira (30) e s\u00e1bado (31), em Ribeir\u00e3o Preto, S\u00e3o Jos\u00e9 do Rio Preto e Presidente Prudente \u2013 regi\u00f5es que apresentam os maiores riscos para &hellip;<\/p>\n","protected":false},"author":1,"featured_media":11601,"comment_status":"open","ping_status":"open","sticky":false,"template":"","format":"standard","meta":{"_jetpack_memberships_contains_paid_content":false,"footnotes":"","jetpack_publicize_message":"","jetpack_publicize_feature_enabled":true,"jetpack_social_post_already_shared":false,"jetpack_social_options":{"image_generator_settings":{"template":"highway","default_image_id":0,"enabled":false},"version":2}},"categories":[4],"tags":[],"class_list":["post-11600","post","type-post","status-publish","format-standard","has-post-thumbnail","hentry","category-regiao"],"jetpack_publicize_connections":[],"jetpack_featured_media_url":"https:\/\/i0.wp.com\/www.paparazzinews.com.br\/wp-content\/uploads\/2024\/09\/Campanha-Intensiva-de-conscientizacao-sobre-a-prevencao-de-incendios-2-e1725040399246-1536x1323-1.jpeg?fit=1536%2C1323&ssl=1","views":"2106","jetpack_likes_enabled":true,"jetpack_sharing_enabled":true,"_links":{"self":[{"href":"https:\/\/www.paparazzinews.com.br\/index.php?rest_route=\/wp\/v2\/posts\/11600","targetHints":{"allow":["GET"]}}],"collection":[{"href":"https:\/\/www.paparazzinews.com.br\/index.php?rest_route=\/wp\/v2\/posts"}],"about":[{"href":"https:\/\/www.paparazzinews.com.br\/index.php?rest_route=\/wp\/v2\/types\/post"}],"author":[{"embeddable":true,"href":"https:\/\/www.paparazzinews.com.br\/index.php?rest_route=\/wp\/v2\/users\/1"}],"replies":[{"embeddable":true,"href":"https:\/\/www.paparazzinews.com.br\/index.php?rest_route=%2Fwp%2Fv2%2Fcomments&post=11600"}],"version-history":[{"count":1,"href":"https:\/\/www.paparazzinews.com.br\/index.php?rest_route=\/wp\/v2\/posts\/11600\/revisions"}],"predecessor-version":[{"id":11602,"href":"https:\/\/www.paparazzinews.com.br\/index.php?rest_route=\/wp\/v2\/posts\/11600\/revisions\/11602"}],"wp:featuredmedia":[{"embeddable":true,"href":"https:\/\/www.paparazzinews.com.br\/index.php?rest_route=\/wp\/v2\/media\/11601"}],"wp:attachment":[{"href":"https:\/\/www.paparazzinews.com.br\/index.php?rest_route=%2Fwp%2Fv2%2Fmedia&parent=11600"}],"wp:term":[{"taxonomy":"category","embeddable":true,"href":"https:\/\/www.paparazzinews.com.br\/index.php?rest_route=%2Fwp%2Fv2%2Fcategories&post=11600"},{"taxonomy":"post_tag","embeddable":true,"href":"https:\/\/www.paparazzinews.com.br\/index.php?rest_route=%2Fwp%2Fv2%2Ftags&post=11600"}],"curies":[{"name":"wp","href":"https:\/\/api.w.org\/{rel}","templated":true}]}}