{"id":11582,"date":"2024-08-30T13:33:40","date_gmt":"2024-08-30T16:33:40","guid":{"rendered":"https:\/\/www.paparazzinews.com.br\/?p=11582"},"modified":"2024-08-30T13:33:41","modified_gmt":"2024-08-30T16:33:41","slug":"mais-de-2-milhoes-de-doses-da-vacina-contra-a-dengue-foram-aplicadas-em-criancas-e-adolescentes","status":"publish","type":"post","link":"https:\/\/www.paparazzinews.com.br\/?p=11582","title":{"rendered":"Mais de 2 milh\u00f5es de doses da vacina contra a dengue foram aplicadas em crian\u00e7as e adolescentes"},"content":{"rendered":"\n<p>Das 4.792.411 doses da vacina contra a dengue distribu\u00eddas no Brasil, 2.085.613 foram registradas no sistema e, portanto, aplicadas efetivamente em crian\u00e7as e adolescentes de 10 a 14 anos, p\u00fablico-alvo definido para a campanha. Os n\u00fameros foram apresentados pelo Minist\u00e9rio da Sa\u00fade nesta quinta-feira (29), durante reuni\u00e3o da Comiss\u00e3o Intergestores Tripartite, em Bras\u00edlia. A informa\u00e7\u00e3o \u00e9 da Ag\u00eancia Brasil.<br><br>\u201cTemos um quantitativo de aproximadamente cinco milh\u00f5es de doses da vacina que foram distribu\u00eddas nesse per\u00edodo (at\u00e9 21\/8). H\u00e1 um delay em rela\u00e7\u00e3o ao registro das doses aplicadas. Na realidade, esse quantitativo \u00e9 bem maior do que 2,1 milh\u00f5es aproximadamente. Esses n\u00fameros s\u00e3o atualizados semanalmente\u201d, destacou o secret\u00e1rio adjunto da Secretaria de Vigil\u00e2ncia em Sa\u00fade, Rivaldo Ven\u00e2ncio.<\/p>\n\n\n\n<p>Ao todo, 1.921 munic\u00edpios foram selecionados pelo minist\u00e9rio para receber doses da vacina Qdenga, produzida pela farmac\u00eautica japonesa Takeda. A sele\u00e7\u00e3o precisou ser feita em raz\u00e3o da quantidade limitada de imunizantes fornecidos pelo laborat\u00f3rio fabricante. As cidades contempladas em 2024, segundo a pasta, comp\u00f5em regi\u00f5es de sa\u00fade classificadas como end\u00eamicas para a doen\u00e7a.<\/p>\n\n\n\n<p>Apesar de a bula da Qdenga indicar a dose para pessoas com idade entre 4 e 60 anos, o minist\u00e9rio definiu que, no Sistema \u00danico de Sa\u00fade (SUS), o p\u00fablico-alvo, num primeiro momento, incluiria apenas crian\u00e7as e adolescentes de 10 a 14 anos, grupo que concentra maior n\u00famero de hospitaliza\u00e7\u00f5es por dengue, atr\u00e1s apenas dos idosos. A decis\u00e3o foi motivada pelo baixo estoque de doses disponibilizadas.<\/p>\n\n\n\n<p><strong><em><strong><em><strong><em><strong><em><strong><em><strong><em><strong><em><strong><em><strong>Siga nossas redes sociais no\u00a0<a href=\"https:\/\/www.instagram.com\/ronipaparazzi\/\">Instagram\u00a0<\/a>e\u00a0<a href=\"https:\/\/www.facebook.com\/ronipaparazzicomvoce\">Facebook<\/a>\u00a0participe da nossa comunidade do Canal Roni Paparazzi no Whatsapp e receba as principais not\u00edcias da regi\u00e3o de Ara\u00e7atuba do dia direto no seu celular.<\/strong>\u00a0<a href=\"https:\/\/chat.whatsapp.com\/GsG1XKo0jPOEfjzudWQcml\" target=\"_blank\" rel=\"noreferrer noopener\">\u00a0Clique aqui e se inscreva.<\/a><\/em><\/strong><\/em><\/strong><\/em><\/strong><\/em><\/strong><\/em><\/strong><\/em><\/strong><\/em><\/strong><\/em><\/strong><\/p>\n","protected":false},"excerpt":{"rendered":"<p>Das 4.792.411 doses da vacina contra a dengue distribu\u00eddas no Brasil, 2.085.613 foram registradas no sistema e, portanto, aplicadas efetivamente em crian\u00e7as e adolescentes de 10 a 14 anos, p\u00fablico-alvo definido para a campanha. Os n\u00fameros foram apresentados pelo Minist\u00e9rio da Sa\u00fade nesta quinta-feira (29), durante reuni\u00e3o da Comiss\u00e3o Intergestores Tripartite, em Bras\u00edlia. A informa\u00e7\u00e3o &hellip;<\/p>\n","protected":false},"author":1,"featured_media":11584,"comment_status":"open","ping_status":"open","sticky":false,"template":"","format":"standard","meta":{"_jetpack_memberships_contains_paid_content":false,"footnotes":"","jetpack_publicize_message":"","jetpack_publicize_feature_enabled":true,"jetpack_social_post_already_shared":false,"jetpack_social_options":{"image_generator_settings":{"template":"highway","default_image_id":0,"enabled":false},"version":2}},"categories":[4],"tags":[],"class_list":["post-11582","post","type-post","status-publish","format-standard","has-post-thumbnail","hentry","category-regiao"],"jetpack_publicize_connections":[],"jetpack_featured_media_url":"https:\/\/i0.wp.com\/www.paparazzinews.com.br\/wp-content\/uploads\/2024\/08\/mais-de-2-milhoes-de-doses-da-vacina-contra-a-dengue-foram-aplicadas-em-criancas-e-adolescentes-290824_052628.jpg?fit=674%2C400&ssl=1","views":"2121","jetpack_likes_enabled":true,"jetpack_sharing_enabled":true,"_links":{"self":[{"href":"https:\/\/www.paparazzinews.com.br\/index.php?rest_route=\/wp\/v2\/posts\/11582","targetHints":{"allow":["GET"]}}],"collection":[{"href":"https:\/\/www.paparazzinews.com.br\/index.php?rest_route=\/wp\/v2\/posts"}],"about":[{"href":"https:\/\/www.paparazzinews.com.br\/index.php?rest_route=\/wp\/v2\/types\/post"}],"author":[{"embeddable":true,"href":"https:\/\/www.paparazzinews.com.br\/index.php?rest_route=\/wp\/v2\/users\/1"}],"replies":[{"embeddable":true,"href":"https:\/\/www.paparazzinews.com.br\/index.php?rest_route=%2Fwp%2Fv2%2Fcomments&post=11582"}],"version-history":[{"count":1,"href":"https:\/\/www.paparazzinews.com.br\/index.php?rest_route=\/wp\/v2\/posts\/11582\/revisions"}],"predecessor-version":[{"id":11585,"href":"https:\/\/www.paparazzinews.com.br\/index.php?rest_route=\/wp\/v2\/posts\/11582\/revisions\/11585"}],"wp:featuredmedia":[{"embeddable":true,"href":"https:\/\/www.paparazzinews.com.br\/index.php?rest_route=\/wp\/v2\/media\/11584"}],"wp:attachment":[{"href":"https:\/\/www.paparazzinews.com.br\/index.php?rest_route=%2Fwp%2Fv2%2Fmedia&parent=11582"}],"wp:term":[{"taxonomy":"category","embeddable":true,"href":"https:\/\/www.paparazzinews.com.br\/index.php?rest_route=%2Fwp%2Fv2%2Fcategories&post=11582"},{"taxonomy":"post_tag","embeddable":true,"href":"https:\/\/www.paparazzinews.com.br\/index.php?rest_route=%2Fwp%2Fv2%2Ftags&post=11582"}],"curies":[{"name":"wp","href":"https:\/\/api.w.org\/{rel}","templated":true}]}}