{"id":1158,"date":"2022-11-08T16:03:31","date_gmt":"2022-11-08T19:03:31","guid":{"rendered":"https:\/\/www.paparazzinews.com.br\/?p=1158"},"modified":"2022-11-08T16:03:32","modified_gmt":"2022-11-08T19:03:32","slug":"programa-vereador-mirim-esta-ativo-em-andradina","status":"publish","type":"post","link":"https:\/\/www.paparazzinews.com.br\/?p=1158","title":{"rendered":"Programa vereador mirim est\u00e1 ativo em Andradina"},"content":{"rendered":"\n<p>Desde o m\u00eas de junho desse ano a C\u00e2mara Municipal de Andradina vem recebendo em suas depend\u00eancias diversos visitantes n\u00e3o t\u00e3o comuns para o seu dia-a-dia. Alunos dos 5\u00ba anos das escolas municipais de Andradina participam do Programa da Cidadania Parlamento Estudantil \u2013 \u201cVereador Mirim\u201d, uma iniciativa da atual mesa diretora da casa, sob a presid\u00eancia do vereador Guto Mar\u00e3o (PP), apoiada por todos os vereadores e em parceria com a Secretaria Municipal de Educa\u00e7\u00e3o.&nbsp;<\/p>\n\n\n\n<p>\u201cAs pessoas precisam saber a import\u00e2ncia, a fun\u00e7\u00e3o dos vereadores, a diferen\u00e7a entre poder legislativo e executivo, do Tribunal de Contas, tanto para cobrar o bom desempenho de cada um, mas tamb\u00e9m para escolher melhor, para fiscalizar o trabalho dos agentes pol\u00edticos. E essa forma\u00e7\u00e3o, conscientiza\u00e7\u00e3o, deve-se come\u00e7ar mais cedo, j\u00e1 com nossas crian\u00e7as e jovens. E a gente chama a c\u00e2mara de \u201cCaso do Povo\u201d, mas o povo n\u00e3o tem o h\u00e1bito de vir, participar, conhecer a c\u00e2mara\u201d \u2013 explica o presidente Guto Mar\u00e3o.&nbsp;<\/p>\n\n\n\n<p>Ao ser procurada, a secret\u00e1ria municipal de educa\u00e7\u00e3o, Estela Cassiolato Goda, prontamente topou a parceria no projeto e alinhou-se que nessa primeira edi\u00e7\u00e3o seriam envolvidos os 5\u00ba anos de cada escola. Juntamente com a equipe de projetos da Secretaria, diretores, coordenadores e professores, foi constru\u00edda a agenda de visitas monitoradas \u00e0 C\u00e2mara Municipal. Esse monitoramente, que consiste na recep\u00e7\u00e3o, guia pelos espa\u00e7os da c\u00e2mara, visita aos gabinetes dos vereadores e palestras, \u00e9 feito pelo empresa contratada Incubadora Brasil.&nbsp;<\/p>\n\n\n\n<p>As visitas monitoradas fazem parte da primeira etapa do programa. Na sequencia os alunos elaborar\u00e3o pequenos projetos de leis, sendo que desses, cinco, ser\u00e3o selecionados pelas escolas e enviados \u00e0 uma comiss\u00e3o.&nbsp;&nbsp;Dos projetos enviados, dois de cada escola da \u00e1rea urbana e um da \u00e1rea rural, ser\u00e3o novamente selecionados e os autores dos projetos ser\u00e3o eleitos Vereadores Mirins. Esses tomar\u00e3o posse em uma sess\u00e3o na C\u00e2mara Municipal, apresentar\u00e3o seus projetos e os aprovar\u00e3o para envio ao Chefe do Poder Executivo.&nbsp;<\/p>\n\n\n\n<p>\u201c\u00c9 um projeto de cidadania, de est\u00edmulo \u00e0 participa\u00e7\u00e3o, em que nossas crian\u00e7as tem a oportunidade de conhecer a organiza\u00e7\u00e3o pol\u00edtica-administrativa da nossa cidade, e quem sabe dessa a\u00e7\u00e3o sair\u00e3o futuros vereadores e vereadores, prefeitos e prefeitas, ou no m\u00ednimo ser\u00e3o eleitores mais conscientes\u201d \u2013 concluiu Estela Goda.&nbsp;<\/p>\n","protected":false},"excerpt":{"rendered":"<p>Desde o m\u00eas de junho desse ano a C\u00e2mara Municipal de Andradina vem recebendo em suas depend\u00eancias diversos visitantes n\u00e3o t\u00e3o comuns para o seu dia-a-dia. Alunos dos 5\u00ba anos das escolas municipais de Andradina participam do Programa da Cidadania Parlamento Estudantil \u2013 \u201cVereador Mirim\u201d, uma iniciativa da atual mesa diretora da casa, sob a &hellip;<\/p>\n","protected":false},"author":1,"featured_media":1159,"comment_status":"open","ping_status":"open","sticky":false,"template":"","format":"standard","meta":{"_jetpack_memberships_contains_paid_content":false,"footnotes":"","jetpack_publicize_message":"","jetpack_publicize_feature_enabled":true,"jetpack_social_post_already_shared":false,"jetpack_social_options":{"image_generator_settings":{"template":"highway","default_image_id":0,"enabled":false},"version":2}},"categories":[7],"tags":[],"class_list":["post-1158","post","type-post","status-publish","format-standard","has-post-thumbnail","hentry","category-politica"],"jetpack_publicize_connections":[],"jetpack_featured_media_url":"https:\/\/i0.wp.com\/www.paparazzinews.com.br\/wp-content\/uploads\/2022\/11\/00111-e1667934196943.jpeg?fit=1000%2C666&ssl=1","views":"2485","jetpack_likes_enabled":true,"jetpack_sharing_enabled":true,"_links":{"self":[{"href":"https:\/\/www.paparazzinews.com.br\/index.php?rest_route=\/wp\/v2\/posts\/1158","targetHints":{"allow":["GET"]}}],"collection":[{"href":"https:\/\/www.paparazzinews.com.br\/index.php?rest_route=\/wp\/v2\/posts"}],"about":[{"href":"https:\/\/www.paparazzinews.com.br\/index.php?rest_route=\/wp\/v2\/types\/post"}],"author":[{"embeddable":true,"href":"https:\/\/www.paparazzinews.com.br\/index.php?rest_route=\/wp\/v2\/users\/1"}],"replies":[{"embeddable":true,"href":"https:\/\/www.paparazzinews.com.br\/index.php?rest_route=%2Fwp%2Fv2%2Fcomments&post=1158"}],"version-history":[{"count":1,"href":"https:\/\/www.paparazzinews.com.br\/index.php?rest_route=\/wp\/v2\/posts\/1158\/revisions"}],"predecessor-version":[{"id":1160,"href":"https:\/\/www.paparazzinews.com.br\/index.php?rest_route=\/wp\/v2\/posts\/1158\/revisions\/1160"}],"wp:featuredmedia":[{"embeddable":true,"href":"https:\/\/www.paparazzinews.com.br\/index.php?rest_route=\/wp\/v2\/media\/1159"}],"wp:attachment":[{"href":"https:\/\/www.paparazzinews.com.br\/index.php?rest_route=%2Fwp%2Fv2%2Fmedia&parent=1158"}],"wp:term":[{"taxonomy":"category","embeddable":true,"href":"https:\/\/www.paparazzinews.com.br\/index.php?rest_route=%2Fwp%2Fv2%2Fcategories&post=1158"},{"taxonomy":"post_tag","embeddable":true,"href":"https:\/\/www.paparazzinews.com.br\/index.php?rest_route=%2Fwp%2Fv2%2Ftags&post=1158"}],"curies":[{"name":"wp","href":"https:\/\/api.w.org\/{rel}","templated":true}]}}