{"id":11573,"date":"2024-08-30T13:24:31","date_gmt":"2024-08-30T16:24:31","guid":{"rendered":"https:\/\/www.paparazzinews.com.br\/?p=11573"},"modified":"2024-08-30T13:24:32","modified_gmt":"2024-08-30T16:24:32","slug":"incendios-sobe-para-10-o-numero-de-detidos-pela-policia","status":"publish","type":"post","link":"https:\/\/www.paparazzinews.com.br\/?p=11573","title":{"rendered":"Inc\u00eandios: sobe para 10 o n\u00famero de detidos pela Pol\u00edcia"},"content":{"rendered":"\n<p>A Pol\u00edcia Civil de S\u00e3o Paulo prendeu em flagrante, nesta quinta-feira (29), um homem de 39 anos que ateou fogo em uma planta\u00e7\u00e3o de cana-de-a\u00e7\u00facar na cidade de Pindorama, na regi\u00e3o de S\u00e3o Jos\u00e9 do Rio Preto. Essa \u00e9 10\u00aa pessoa detida por causar inc\u00eandios em vegeta\u00e7\u00e3o no Estado desde o \u00faltimo final de semana. A informa\u00e7\u00e3o \u00e9 da Ag\u00eancia SP.<\/p>\n\n\n\n<p>Os policiais foram acionados por vigilantes de uma empresa e, no local, encontraram o suspeito e uma extensa \u00e1rea de lavoura em chamas. Testemunhas relataram que o homem tinha usado um isqueiro para atear fogo em v\u00e1rios pontos da planta\u00e7\u00e3o.<\/p>\n\n\n\n<p>Junto com o suspeito, os policiais apreenderam uma bicicleta, um isqueiro, uma caixa de f\u00f3sforo, um ma\u00e7o de cigarros e dinheiro. Ele foi levado \u00e0 delegacia, onde foi indiciado em flagrante e encaminhado \u00e0 Cadeia P\u00fablica de Catanduva.<\/p>\n\n\n\n<p>Al\u00e9m dele, outras nove pessoas j\u00e1 foram detidas desde a semana passada por causarem inc\u00eandio em vegeta\u00e7\u00e3o, sendo dois em Franca, dois em Batatais, dois em S\u00e3o Jos\u00e9 do Rio Preto, um em Jales, um em Guaraci e outro em Salto.&nbsp;<\/p>\n\n\n\n<p>Al\u00e9m disso, em Porto Ferreira, a&nbsp;<a href=\"https:\/\/www.policiamilitar.sp.gov.br\/unidades\/ambiental\/\">Pol\u00edcia Ambiental<\/a>&nbsp;autuou dois homens por acender uma fogueira para limpeza da vegeta\u00e7\u00e3o. A Pol\u00edcia Civil investiga todos os casos. N\u00e3o h\u00e1 ind\u00edcios de liga\u00e7\u00e3o entre eles.<\/p>\n\n\n\n<p><strong><em><strong><em><strong><em><strong><em><strong><em><strong><em><strong><em><strong><em><strong>Siga nossas redes sociais no\u00a0<a href=\"https:\/\/www.instagram.com\/ronipaparazzi\/\">Instagram\u00a0<\/a>e\u00a0<a href=\"https:\/\/www.facebook.com\/ronipaparazzicomvoce\">Facebook<\/a>\u00a0participe da nossa comunidade do Canal Roni Paparazzi no Whatsapp e receba as principais not\u00edcias da regi\u00e3o de Ara\u00e7atuba do dia direto no seu celular.<\/strong>\u00a0<a href=\"https:\/\/chat.whatsapp.com\/GsG1XKo0jPOEfjzudWQcml\" target=\"_blank\" rel=\"noreferrer noopener\">\u00a0Clique aqui e se inscreva.<\/a><\/em><\/strong><\/em><\/strong><\/em><\/strong><\/em><\/strong><\/em><\/strong><\/em><\/strong><\/em><\/strong><\/em><\/strong><\/p>\n","protected":false},"excerpt":{"rendered":"<p>A Pol\u00edcia Civil de S\u00e3o Paulo prendeu em flagrante, nesta quinta-feira (29), um homem de 39 anos que ateou fogo em uma planta\u00e7\u00e3o de cana-de-a\u00e7\u00facar na cidade de Pindorama, na regi\u00e3o de S\u00e3o Jos\u00e9 do Rio Preto. Essa \u00e9 10\u00aa pessoa detida por causar inc\u00eandios em vegeta\u00e7\u00e3o no Estado desde o \u00faltimo final de semana. &hellip;<\/p>\n","protected":false},"author":1,"featured_media":11574,"comment_status":"open","ping_status":"open","sticky":false,"template":"","format":"standard","meta":{"_jetpack_memberships_contains_paid_content":false,"footnotes":"","jetpack_publicize_message":"","jetpack_publicize_feature_enabled":true,"jetpack_social_post_already_shared":false,"jetpack_social_options":{"image_generator_settings":{"template":"highway","default_image_id":0,"enabled":false},"version":2}},"categories":[3],"tags":[],"class_list":["post-11573","post","type-post","status-publish","format-standard","has-post-thumbnail","hentry","category-policial"],"jetpack_publicize_connections":[],"jetpack_featured_media_url":"https:\/\/i0.wp.com\/www.paparazzinews.com.br\/wp-content\/uploads\/2024\/08\/2023_12_incendios-florestais-diminui-86-1024x768-1.jpg?fit=1024%2C768&ssl=1","views":"2387","jetpack_likes_enabled":true,"jetpack_sharing_enabled":true,"_links":{"self":[{"href":"https:\/\/www.paparazzinews.com.br\/index.php?rest_route=\/wp\/v2\/posts\/11573","targetHints":{"allow":["GET"]}}],"collection":[{"href":"https:\/\/www.paparazzinews.com.br\/index.php?rest_route=\/wp\/v2\/posts"}],"about":[{"href":"https:\/\/www.paparazzinews.com.br\/index.php?rest_route=\/wp\/v2\/types\/post"}],"author":[{"embeddable":true,"href":"https:\/\/www.paparazzinews.com.br\/index.php?rest_route=\/wp\/v2\/users\/1"}],"replies":[{"embeddable":true,"href":"https:\/\/www.paparazzinews.com.br\/index.php?rest_route=%2Fwp%2Fv2%2Fcomments&post=11573"}],"version-history":[{"count":1,"href":"https:\/\/www.paparazzinews.com.br\/index.php?rest_route=\/wp\/v2\/posts\/11573\/revisions"}],"predecessor-version":[{"id":11575,"href":"https:\/\/www.paparazzinews.com.br\/index.php?rest_route=\/wp\/v2\/posts\/11573\/revisions\/11575"}],"wp:featuredmedia":[{"embeddable":true,"href":"https:\/\/www.paparazzinews.com.br\/index.php?rest_route=\/wp\/v2\/media\/11574"}],"wp:attachment":[{"href":"https:\/\/www.paparazzinews.com.br\/index.php?rest_route=%2Fwp%2Fv2%2Fmedia&parent=11573"}],"wp:term":[{"taxonomy":"category","embeddable":true,"href":"https:\/\/www.paparazzinews.com.br\/index.php?rest_route=%2Fwp%2Fv2%2Fcategories&post=11573"},{"taxonomy":"post_tag","embeddable":true,"href":"https:\/\/www.paparazzinews.com.br\/index.php?rest_route=%2Fwp%2Fv2%2Ftags&post=11573"}],"curies":[{"name":"wp","href":"https:\/\/api.w.org\/{rel}","templated":true}]}}