{"id":11570,"date":"2024-08-30T13:22:50","date_gmt":"2024-08-30T16:22:50","guid":{"rendered":"https:\/\/www.paparazzinews.com.br\/?p=11570"},"modified":"2024-08-30T13:22:50","modified_gmt":"2024-08-30T16:22:50","slug":"tecnico-da-selecao-paralimpica-de-judo-defende-esporte-como-meio-para-quebrar-preconceitos","status":"publish","type":"post","link":"https:\/\/www.paparazzinews.com.br\/?p=11570","title":{"rendered":"T\u00e9cnico da sele\u00e7\u00e3o paral\u00edmpica de jud\u00f4 defende esporte como meio para quebrar preconceitos"},"content":{"rendered":"\n<p>O esporte \u00e9 fundamental em v\u00e1rias frentes. Ele ajuda a ter ganhos f\u00edsicos e mentais, a disciplinar e a sociabilizar. E \u00e9 um importante aliado na quebra de preconceitos. T\u00e9cnico da sele\u00e7\u00e3o brasileira paral\u00edmpica de jud\u00f4, Jaime Bragan\u00e7a, 46 anos, deu os primeiros golpes nos tatames bem cedo e logo aprendeu que o esporte \u00e9, acima de tudo, inclusivo. A informa\u00e7\u00e3o \u00e9 da Ag\u00eancia SP.<\/p>\n\n\n\n<p>\u201cComecei no jud\u00f4 com apenas quatro anos. Ainda crian\u00e7a, tive contato com alunos deficientes visuais. Em 2003, j\u00e1 trabalhando como professor, dei aulas para deficientes visuais. O que me levou ao esporte paral\u00edmpico foi o contato com PCD\u2019s. \u00c9 importante essas pessoas estarem inclu\u00eddas na sociedade. Precisamos ter contato com eles, s\u00f3 assim perdemos qualquer tipo de preconceito\u201d, diz Jaime, que na \u00faltima semana ministrou uma oficina de jud\u00f4 na etapa de Carapicu\u00edba do Programa de Desenvolvimento Paral\u00edmpico.<\/p>\n\n\n\n<p>Ao contr\u00e1rio do que acontece com outras modalidades mais populares, como futebol, basquete e v\u00f4lei, o jud\u00f4 paral\u00edmpico requer poucos ajustes em rela\u00e7\u00e3o ao convencional. \u201cNa forma de ensinar, \u00e9 necess\u00e1rio que o professor crie estrat\u00e9gias para situar o aluno dentro do espa\u00e7o, al\u00e9m de ser muito importante falar sobre todos os movimentos. O jud\u00f4 \u00e9 das modalidades mais inclusivas que existe, totalmente adapt\u00e1vel, o que falta \u00e9 mais divulga\u00e7\u00e3o e informa\u00e7\u00e3o para atrair interesse.\u201d<\/p>\n\n\n\n<figure class=\"wp-block-image\"><img data-recalc-dims=\"1\" height=\"472\" width=\"708\" decoding=\"async\" src=\"https:\/\/i0.wp.com\/www.agenciasp.sp.gov.br\/wp-content\/uploads\/2024\/08\/Tecnico-da-selecao-paralimpica-de-judo-2-1024x683.jpeg?resize=708%2C472\" alt=\"\" class=\"wp-image-16110\"\/><figcaption class=\"wp-element-caption\">Jud\u00f4 foi o terceiro esporte que mais rendeu medalhas ao Brasil na \u00faltima paralimp\u00edadas<\/figcaption><\/figure>\n\n\n\n<p>O Brasil \u00e9 uma pot\u00eancia no jud\u00f4. Nas Olimp\u00edadas, \u00e9 o esporte que mais trouxe medalhas para o pa\u00eds. Nas Paralimp\u00edadas, \u00e9 o terceiro, com 25 p\u00f3dios, sendo cinco ouros. Jaime acredita que essa for\u00e7a brasileira nos tatames se justifica por uma antiga rela\u00e7\u00e3o que cruza os oceanos.<\/p>\n\n\n\n<p>\u201cA influ\u00eancia do Jap\u00e3o \u00e9 um dos motivos para o Brasil ser uma pot\u00eancia no jud\u00f4. Somos o pa\u00eds com mais japoneses residentes fora do Jap\u00e3o, e isso foi importante para o desenvolvimento da modalidade por aqui. Al\u00e9m disso, o brasileiro se identifica com lutas\u201d, explica.<\/p>\n\n\n\n<p>Em sua quinta Paralimp\u00edada, a quarta como t\u00e9cnico principal \u2013 em Pequim-2008 foi auxiliar-t\u00e9cnico -, Jaime est\u00e1 confiante de que o jud\u00f4 brasileiro voltar\u00e1 de Paris com mais algumas medalhas na bagagem. \u201cEstamos indo aos Jogos com a maior equipe de jud\u00f4 da nossa hist\u00f3ria, com 15 atletas. O otimismo \u00e9 grande, temos grandes atletas e chances de ouro.\u201d<\/p>\n\n\n\n<p>As disputas de jud\u00f4 nas Paralimp\u00edadas de Paris acontecem de 5 a 7 de setembro.<\/p>\n\n\n\n<h2 class=\"wp-block-heading\">Programa de Capacita\u00e7\u00e3o Paral\u00edmpica<\/h2>\n\n\n\n<p>O Programa de Desenvolvimento Paral\u00edmpico, lan\u00e7ado em 2021, j\u00e1 capacitou 6,7 mil profissionais de educa\u00e7\u00e3o f\u00edsica em mais de 50 cidades do Estado de S\u00e3o Paulo. Com um desempenho not\u00e1vel no ano passado, onde 3,8 mil profissionais foram capacitados, a iniciativa est\u00e1 passando por 36 cidades neste ano, e j\u00e1 contou com a participa\u00e7\u00e3o de mais de 3 mil participantes, at\u00e9 o momento.<\/p>\n\n\n\n<p>Tem como meta descentralizar o conhecimento e oferecer oportunidades para conhecer o esporte paral\u00edmpico em todas as regi\u00f5es do estado de S\u00e3o Paulo. O programa proporciona aos profissionais de educa\u00e7\u00e3o f\u00edsica uma capacita\u00e7\u00e3o t\u00e9cnica abrangente, com conhecimentos te\u00f3ricos e pr\u00e1ticos sobre oito modalidades do esporte paral\u00edmpico.<\/p>\n\n\n\n<p><strong><em><strong><em><strong><em><strong><em><strong><em><strong><em><strong><em><strong><em><strong>Siga nossas redes sociais no\u00a0<a href=\"https:\/\/www.instagram.com\/ronipaparazzi\/\">Instagram\u00a0<\/a>e\u00a0<a href=\"https:\/\/www.facebook.com\/ronipaparazzicomvoce\">Facebook<\/a>\u00a0participe da nossa comunidade do Canal Roni Paparazzi no Whatsapp e receba as principais not\u00edcias da regi\u00e3o de Ara\u00e7atuba do dia direto no seu celular.<\/strong>\u00a0<a href=\"https:\/\/chat.whatsapp.com\/GsG1XKo0jPOEfjzudWQcml\" target=\"_blank\" rel=\"noreferrer noopener\">\u00a0Clique aqui e se inscreva.<\/a><\/em><\/strong><\/em><\/strong><\/em><\/strong><\/em><\/strong><\/em><\/strong><\/em><\/strong><\/em><\/strong><\/em><\/strong><\/p>\n","protected":false},"excerpt":{"rendered":"<p>O esporte \u00e9 fundamental em v\u00e1rias frentes. Ele ajuda a ter ganhos f\u00edsicos e mentais, a disciplinar e a sociabilizar. E \u00e9 um importante aliado na quebra de preconceitos. T\u00e9cnico da sele\u00e7\u00e3o brasileira paral\u00edmpica de jud\u00f4, Jaime Bragan\u00e7a, 46 anos, deu os primeiros golpes nos tatames bem cedo e logo aprendeu que o esporte \u00e9, &hellip;<\/p>\n","protected":false},"author":1,"featured_media":11571,"comment_status":"open","ping_status":"open","sticky":false,"template":"","format":"standard","meta":{"_jetpack_memberships_contains_paid_content":false,"footnotes":"","jetpack_publicize_message":"","jetpack_publicize_feature_enabled":true,"jetpack_social_post_already_shared":false,"jetpack_social_options":{"image_generator_settings":{"template":"highway","default_image_id":0,"enabled":false},"version":2}},"categories":[4],"tags":[],"class_list":["post-11570","post","type-post","status-publish","format-standard","has-post-thumbnail","hentry","category-regiao"],"jetpack_publicize_connections":[],"jetpack_featured_media_url":"https:\/\/i0.wp.com\/www.paparazzinews.com.br\/wp-content\/uploads\/2024\/08\/Tecnico-da-selecao-paralimpica-de-judo-4-e1724874851276.jpg?fit=1123%2C591&ssl=1","views":"2203","jetpack_likes_enabled":true,"jetpack_sharing_enabled":true,"_links":{"self":[{"href":"https:\/\/www.paparazzinews.com.br\/index.php?rest_route=\/wp\/v2\/posts\/11570","targetHints":{"allow":["GET"]}}],"collection":[{"href":"https:\/\/www.paparazzinews.com.br\/index.php?rest_route=\/wp\/v2\/posts"}],"about":[{"href":"https:\/\/www.paparazzinews.com.br\/index.php?rest_route=\/wp\/v2\/types\/post"}],"author":[{"embeddable":true,"href":"https:\/\/www.paparazzinews.com.br\/index.php?rest_route=\/wp\/v2\/users\/1"}],"replies":[{"embeddable":true,"href":"https:\/\/www.paparazzinews.com.br\/index.php?rest_route=%2Fwp%2Fv2%2Fcomments&post=11570"}],"version-history":[{"count":1,"href":"https:\/\/www.paparazzinews.com.br\/index.php?rest_route=\/wp\/v2\/posts\/11570\/revisions"}],"predecessor-version":[{"id":11572,"href":"https:\/\/www.paparazzinews.com.br\/index.php?rest_route=\/wp\/v2\/posts\/11570\/revisions\/11572"}],"wp:featuredmedia":[{"embeddable":true,"href":"https:\/\/www.paparazzinews.com.br\/index.php?rest_route=\/wp\/v2\/media\/11571"}],"wp:attachment":[{"href":"https:\/\/www.paparazzinews.com.br\/index.php?rest_route=%2Fwp%2Fv2%2Fmedia&parent=11570"}],"wp:term":[{"taxonomy":"category","embeddable":true,"href":"https:\/\/www.paparazzinews.com.br\/index.php?rest_route=%2Fwp%2Fv2%2Fcategories&post=11570"},{"taxonomy":"post_tag","embeddable":true,"href":"https:\/\/www.paparazzinews.com.br\/index.php?rest_route=%2Fwp%2Fv2%2Ftags&post=11570"}],"curies":[{"name":"wp","href":"https:\/\/api.w.org\/{rel}","templated":true}]}}