{"id":11565,"date":"2024-08-30T13:20:49","date_gmt":"2024-08-30T16:20:49","guid":{"rendered":"https:\/\/www.paparazzinews.com.br\/?p=11565"},"modified":"2024-08-30T13:20:50","modified_gmt":"2024-08-30T16:20:50","slug":"nota-fiscal-paulista-com-premio-de-r-1-milhao-corretora-realiza-sonho-de-ir-para-a-disney-com-a-familia","status":"publish","type":"post","link":"https:\/\/www.paparazzinews.com.br\/?p=11565","title":{"rendered":"Nota Fiscal Paulista: com pr\u00eamio de R$ 1 milh\u00e3o, corretora realiza sonho de ir para a Disney com a fam\u00edlia"},"content":{"rendered":"\n<p>Uma corretora de im\u00f3veis que mora em S\u00e3o Miguel Paulista, na zona leste da capital, vai fazer uma surpresa para seu filho de 41 anos e seus netos, de 7 e 11 anos. Com o pr\u00eamio de R$ 1 milh\u00e3o que ela recebeu da Nota Fiscal Paulista, na quinta-feira (29), durante cerim\u00f4nia na Secretaria da Fazenda e Planejamento do Estado de S\u00e3o Paulo (Sefaz-SP), ela vai realizar o sonho de viajar para a Disney com toda a fam\u00edlia pela primeira vez na vida. A informa\u00e7\u00e3o \u00e9 da Ag\u00eancia SP.<\/p>\n\n\n\n<p>\u201cMesmo ap\u00f3s receber a liga\u00e7\u00e3o da Sefaz-SP informando sobre o pr\u00eamio do sorteio de agosto e hoje com o cheque simb\u00f3lico em m\u00e3os, a ficha ainda n\u00e3o caiu\u201d,&nbsp;diz a ganhadora de 65 anos. Ela \u00e9 cadastrada no programa da Sefaz-SP desde 2000.<\/p>\n\n\n\n<p>Durante o evento de premia\u00e7\u00e3o, o subsecret\u00e1rio da Receita Estadual, Marcelo Bergamasco Silva, ressaltou o seu anseio de que o programa da Nota Fiscal Paulista perdure e melhore cada vez mais.&nbsp;\u201cJ\u00e1 temos um programa s\u00f3lido, mas estamos empenhados, debatendo melhorias e ideias para fortalec\u00ea-lo\u201d.<\/p>\n\n\n\n<p>Anderson&nbsp;Bodart, supervisor da&nbsp;Nota Fiscal Paulista, parabenizou os ganhadores presentes e disse admirar o trabalho desempenhado pelas entidades, coordenadas por pessoas comuns que doam seu tempo e amor em prol do pr\u00f3ximo:&nbsp;\u201cA Nota Fiscal Paulista promove um efeito multiplicador, quando o atendente nos questiona se queremos CPF na nota, enquanto pessoa f\u00edsica consigo colaborar com as entidades sociais por meio da doa\u00e7\u00e3o autom\u00e1tica e ainda concorrer a um pr\u00eamio de R$ 1 milh\u00e3o por m\u00eas. Essa simples frase pode mudar a vida das pessoas\u201d.&nbsp;<\/p>\n\n\n\n<p>Assim como acontece todos os meses, os representantes das cinco entidades sorteadas pela Nota Fiscal Paulista tamb\u00e9m receberam seus cheques simb\u00f3licos no valor de R$ 100 mil cada. \u201cEm um ano t\u00e3o especial para o Estrela Nova, ano que completamos 40 anos de atua\u00e7\u00e3o, o pr\u00eamio da Nota Fiscal Paulista ser\u00e1 usado para remunera\u00e7\u00e3o de profissionais que complementam as equipes de projetos e servi\u00e7os, potencializando a qualidade e diversidade das a\u00e7\u00f5es realizadas para a comunidade\u201d,&nbsp;diz Mauro Cervellini, presidente do Movimento Comunit\u00e1rio Estrela Nova, de S\u00e3o Paulo (bairro Ch\u00e1cara Santo Ant\u00f4nio).&nbsp;<\/p>\n\n\n\n<p>Para o Instituto Nair Pereira (antigo Grupo de Amparo ao Doente de Aids), de S\u00e3o Jos\u00e9 do Rio Preto, os R$ 100 mil da Nota Fiscal Paulista tamb\u00e9m vieram em boa hora.&nbsp;\u201cO pr\u00eamio da Sefaz-SP foi muito festejado na institui\u00e7\u00e3o, pois esse valor ser\u00e1 utilizado para implementa\u00e7\u00e3o dos servi\u00e7os de atendimento social domiciliar \u00e0s pessoas idosas e presas ao leito, al\u00e9m de ajudar no custo das despesas recorrentes da institui\u00e7\u00e3o, especialmente no pagamento do 13\u00ba sal\u00e1rio dos nossos colaboradores\u201d,&nbsp;comemora a vice-presidente do Instituto, Daniella Cardoso.&nbsp;<\/p>\n\n\n\n<p>A diretoria da Associa\u00e7\u00e3o Promocional Irm\u00e3 Maria Dolores, de S\u00e3o Vicente, tamb\u00e9m deve usar boa parte do pr\u00eamio da Nota Fiscal Paulista para garantir o sal\u00e1rio dos funcion\u00e1rios nos pr\u00f3ximos meses.&nbsp;\u201cAl\u00e9m disso, vamos pagar despesas diversas e usar para a manuten\u00e7\u00e3o da nossa entidade\u201d,&nbsp;disse a vice-presidente, Terezinha de Souza Pacheco.&nbsp;<\/p>\n\n\n\n<p>J\u00e1 o Servi\u00e7o Social Maria Peregrina (Sesmap), de S\u00e3o Jos\u00e9 do Rio Preto, planeja usar os R$ 100 mil de premia\u00e7\u00e3o da Sefaz-SP para expandir o pr\u00e9dio e assim, aumentar o n\u00famero de atendimentos aos moradores\u201d, garante Rog\u00e9rio Fischer Duque, presidente da Associa\u00e7\u00e3o que atende crian\u00e7as e adolescentes de 6 a 15 anos em situa\u00e7\u00e3o de vulnerabilidade social, familiar e econ\u00f4mica.&nbsp;&nbsp;<\/p>\n\n\n\n<p>\u201cNossa ideia \u00e9 utilizar esse pr\u00eamio para custear as despesas do dia a dia da entidade, para continuar entregando aos nossos idosos uma qualidade de vida melhor\u201d, planeja o presidente do Abrigo S\u00e3o Jos\u00e9, de Ol\u00edmpia, Ricardo Rodrigues Malufi. H\u00e1 80 anos, o abrigo oferece atendimento especializado com qualidade para pessoas idosas com 60 anos ou mais. Atualmente, a entidade atende 63 idosos com toda a infraestrutura necess\u00e1ria para um trabalho adaptado, de qualidade e com equipe de profissionais especializados.&nbsp;<\/p>\n\n\n\n<h2 class=\"wp-block-heading\">Sorteio de agosto&nbsp;<\/h2>\n\n\n\n<p>Na&nbsp;189\u00aa&nbsp;extra\u00e7\u00e3o da Nota Fiscal Paulista, concorreram os cadastrados que efetuaram compras em abril de 2024 e solicitaram a inclus\u00e3o do CPF\/CNPJ no documento fiscal.&nbsp;Foram sorteados 655 pr\u00eamios que, no total, somam R$ 6,7 milh\u00f5es.&nbsp; &nbsp;<\/p>\n\n\n\n<p>Neste m\u00eas de agosto, entre pessoas f\u00edsicas, condom\u00ednios e entidades, participaram da 189\u00aa extra\u00e7\u00e3o mais de 9,5 milh\u00f5es de consumidores, 3.214 entidades assistenciais e 5.320 condom\u00ednios. Ao todo foram gerados mais de 112 milh\u00f5es de bilhetes eletr\u00f4nicos.&nbsp;<\/p>\n\n\n\n<p>Consumidores de todo o pa\u00eds podem participar do programa, basta se cadastrar no programa,&nbsp;<a rel=\"noreferrer noopener\" target=\"_blank\" href=\"https:\/\/bra01.safelinks.protection.outlook.com\/?url=https:\/\/portal.fazenda.sp.gov.br\/servicos\/nfp\/Paginas\/Guia-Cadastro-PF.aspx&amp;data=05%7c02%7cedguimaraes%40cdn.fazenda.sp.gov.br%7c0031b9e06c8d4bffc9fc08dcc85da510%7cccb3a8f57e404e209b732a6bd0be61a4%7c1%7c0%7c638605552366637429%7cUnknown%7cTWFpbGZsb3d8eyJWIjoiMC4wLjAwMDAiLCJQIjoiV2luMzIiLCJBTiI6Ik1haWwiLCJXVCI6Mn0%3D%7c40000%7c%7c%7c&amp;sdata=U2iFWHVC6cF8DvFaXvh7MgfiVf1KLlxk%2Bho6UsTZvdI%3D&amp;reserved=0\">saiba como<\/a>.&nbsp; &nbsp;<\/p>\n\n\n\n<h2 class=\"wp-block-heading\">Sobre o programa Nota Fiscal Paulista&nbsp;<\/h2>\n\n\n\n<p>A Nota Fiscal Paulista, criada em outubro de 2007, integra o Programa de Est\u00edmulo \u00e0 Cidadania Fiscal do Governo do Estado de S\u00e3o Paulo e reduz, de fato, a carga tribut\u00e1ria individual dos cidad\u00e3os, que recebem cr\u00e9ditos ao efetuar compras de mercadorias em S\u00e3o Paulo.&nbsp;&nbsp;<\/p>\n\n\n\n<p>O sistema distribui at\u00e9 30% do ICMS, efetivamente recolhido pelos estabelecimentos comerciais aos consumidores que solicitam o documento fiscal e informam CPF ou CNPJ, proporcional ao valor da nota.&nbsp;&nbsp;<\/p>\n\n\n\n<p>A devolu\u00e7\u00e3o \u00e9 feita em cr\u00e9ditos que podem ser acompanhados pela internet e utilizados para pagamento do IPVA ou resgatados em dinheiro. O consumidor tamb\u00e9m pode solicitar o documento fiscal sem a indica\u00e7\u00e3o do CPF\/CNPJ e do\u00e1-lo a uma entidade de assist\u00eancia social, sa\u00fade, educa\u00e7\u00e3o, defesa e prote\u00e7\u00e3o animal ou cultura cadastradas no programa Nota Fiscal Paulista, se assim desejar. Essa \u00e9 uma decis\u00e3o pessoal e exclusiva do consumidor.&nbsp;&nbsp;<\/p>\n\n\n\n<p>Desde janeiro de 2019, os consumidores (pessoas f\u00edsicas e condom\u00ednios) e institui\u00e7\u00f5es assistenciais cadastradas no programa passaram a ter seus cr\u00e9ditos liberados mensalmente. Os valores permanecem \u00e0 disposi\u00e7\u00e3o dos participantes por um ano, a contar da libera\u00e7\u00e3o, e podem ser utilizados a qualquer momento dentro desse per\u00edodo. O saldo m\u00ednimo para transfer\u00eancia \u00e9 de R$ 0,99.&nbsp;<\/p>\n\n\n\n<p>No total, a Nota Fiscal Paulista devolveu aos participantes do programa cerca de R$ 19,1 bilh\u00f5es, sendo R$ 17 bilh\u00f5es em cr\u00e9ditos e mais de R$ 2,1 bilh\u00f5es em pr\u00eamios nos 189 sorteios j\u00e1 realizados.<\/p>\n\n\n\n<p>Para conferir os cr\u00e9ditos, aderir ao sorteio ou obter mais informa\u00e7\u00f5es sobre a Nota Fiscal Paulista, basta acessar o<a href=\"https:\/\/portal.fazenda.sp.gov.br\/servicos\/nfp\">&nbsp;site<\/a>. Para baixar o aplicativo do programa, acesse a loja de aplicativos de seu&nbsp;smartphone&nbsp;ou&nbsp;tablet.\u200b<\/p>\n\n\n\n<p><strong><em><strong><em><strong><em><strong><em><strong><em><strong><em><strong><em><strong><em><strong>Siga nossas redes sociais no&nbsp;<a href=\"https:\/\/www.instagram.com\/ronipaparazzi\/\">Instagram&nbsp;<\/a>e&nbsp;<a href=\"https:\/\/www.facebook.com\/ronipaparazzicomvoce\">Facebook<\/a>&nbsp;participe da nossa comunidade do Canal Roni Paparazzi no Whatsapp e receba as principais not\u00edcias da regi\u00e3o de Ara\u00e7atuba do dia direto no seu celular.<\/strong>&nbsp;<a href=\"https:\/\/chat.whatsapp.com\/GsG1XKo0jPOEfjzudWQcml\" target=\"_blank\" rel=\"noreferrer noopener\">&nbsp;Clique aqui e se inscreva.<\/a><\/em><\/strong><\/em><\/strong><\/em><\/strong><\/em><\/strong><\/em><\/strong><\/em><\/strong><\/em><\/strong><\/em><\/strong><\/p>\n","protected":false},"excerpt":{"rendered":"<p>Uma corretora de im\u00f3veis que mora em S\u00e3o Miguel Paulista, na zona leste da capital, vai fazer uma surpresa para seu filho de 41 anos e seus netos, de 7 e 11 anos. Com o pr\u00eamio de R$ 1 milh\u00e3o que ela recebeu da Nota Fiscal Paulista, na quinta-feira (29), durante cerim\u00f4nia na Secretaria da &hellip;<\/p>\n","protected":false},"author":1,"featured_media":11568,"comment_status":"open","ping_status":"open","sticky":false,"template":"","format":"standard","meta":{"_jetpack_memberships_contains_paid_content":false,"footnotes":"","jetpack_publicize_message":"","jetpack_publicize_feature_enabled":true,"jetpack_social_post_already_shared":false,"jetpack_social_options":{"image_generator_settings":{"template":"highway","default_image_id":0,"enabled":false},"version":2}},"categories":[4],"tags":[],"class_list":["post-11565","post","type-post","status-publish","format-standard","has-post-thumbnail","hentry","category-regiao"],"jetpack_publicize_connections":[],"jetpack_featured_media_url":"https:\/\/i0.wp.com\/www.paparazzinews.com.br\/wp-content\/uploads\/2024\/08\/foto-album-aplicativo-nota-fiscal-paulista-scaled-e1723662369830-1536x919-1.jpg?fit=1536%2C919&ssl=1","views":"2094","jetpack_likes_enabled":true,"jetpack_sharing_enabled":true,"_links":{"self":[{"href":"https:\/\/www.paparazzinews.com.br\/index.php?rest_route=\/wp\/v2\/posts\/11565","targetHints":{"allow":["GET"]}}],"collection":[{"href":"https:\/\/www.paparazzinews.com.br\/index.php?rest_route=\/wp\/v2\/posts"}],"about":[{"href":"https:\/\/www.paparazzinews.com.br\/index.php?rest_route=\/wp\/v2\/types\/post"}],"author":[{"embeddable":true,"href":"https:\/\/www.paparazzinews.com.br\/index.php?rest_route=\/wp\/v2\/users\/1"}],"replies":[{"embeddable":true,"href":"https:\/\/www.paparazzinews.com.br\/index.php?rest_route=%2Fwp%2Fv2%2Fcomments&post=11565"}],"version-history":[{"count":2,"href":"https:\/\/www.paparazzinews.com.br\/index.php?rest_route=\/wp\/v2\/posts\/11565\/revisions"}],"predecessor-version":[{"id":11569,"href":"https:\/\/www.paparazzinews.com.br\/index.php?rest_route=\/wp\/v2\/posts\/11565\/revisions\/11569"}],"wp:featuredmedia":[{"embeddable":true,"href":"https:\/\/www.paparazzinews.com.br\/index.php?rest_route=\/wp\/v2\/media\/11568"}],"wp:attachment":[{"href":"https:\/\/www.paparazzinews.com.br\/index.php?rest_route=%2Fwp%2Fv2%2Fmedia&parent=11565"}],"wp:term":[{"taxonomy":"category","embeddable":true,"href":"https:\/\/www.paparazzinews.com.br\/index.php?rest_route=%2Fwp%2Fv2%2Fcategories&post=11565"},{"taxonomy":"post_tag","embeddable":true,"href":"https:\/\/www.paparazzinews.com.br\/index.php?rest_route=%2Fwp%2Fv2%2Ftags&post=11565"}],"curies":[{"name":"wp","href":"https:\/\/api.w.org\/{rel}","templated":true}]}}