{"id":11559,"date":"2024-08-30T13:13:40","date_gmt":"2024-08-30T16:13:40","guid":{"rendered":"https:\/\/www.paparazzinews.com.br\/?p=11559"},"modified":"2024-08-30T13:13:40","modified_gmt":"2024-08-30T16:13:40","slug":"procon-sp-lanca-enquete-para-conhecer-desafios-que-idosos-enfrentam-nas-relacoes-de-consumo","status":"publish","type":"post","link":"https:\/\/www.paparazzinews.com.br\/?p=11559","title":{"rendered":"Procon-SP lan\u00e7a enquete para conhecer desafios que idosos enfrentam nas rela\u00e7\u00f5es de consumo"},"content":{"rendered":"\n<p>O Procon-SP realiza mais uma enquete com o objetivo de entender quais as dificuldades que os consumidores com mais de 60 anos se deparam ao estabelecer uma rela\u00e7\u00e3o no mercado de consumo. A consulta ficar\u00e1 dispon\u00edvel no site e nas redes sociais da institui\u00e7\u00e3o at\u00e9 23 de setembro. As informa\u00e7\u00f5es ser\u00e3o utilizadas para a elabora\u00e7\u00e3o de estudos e desenvolvimento de conte\u00fados que possam auxiliar este grupo social a ter seus direitos respeitados. A informa\u00e7\u00e3o \u00e9 da Ag\u00eancia SP.<\/p>\n\n\n\n<p>Os consumidores que acessam o site oficial do Procon-SP encontram um pop-up para&nbsp;<a href=\"https:\/\/sistemas.procon.sp.gov.br\/formularios\/index.php?r=survey\/index\/sid\/469948\/newtest\/Y\/lang\/pt-BR#\">responder quest\u00f5es<\/a>&nbsp;sobre as experi\u00eancias de consumo do p\u00fablico 60+ sobre uso de internet e aplicativos; cobran\u00e7as de empr\u00e9stimo consignado n\u00e3o contratado; oferta de produtos e servi\u00e7os por meio das redes sociais e por telefone; quais as atitudes adotadas em casos de problemas, entre outras.<\/p>\n\n\n\n<p>O consumidor idoso conta com legisla\u00e7\u00f5es que asseguram os seus direitos nas rela\u00e7\u00f5es de consumo \u2013 como atendimento preferencial em \u00f3rg\u00e3os p\u00fablicos e privados; direito a um acompanhante durante interna\u00e7\u00e3o por quest\u00f5es de sa\u00fade; ingresso pelo valor de meia entrada em eventos art\u00edsticos, culturais, esportivos e de lazer; vaga reservada e posicionada adequadamente em estacionamentos de locais p\u00fablicos ou privados, dentre outros.<\/p>\n\n\n\n<p>O C\u00f3digo de Defesa do Consumidor \u2013 Lei Federal 8.078\/90 e o Estatuto do Idoso \u2013 Lei Federal 10.741\/03, protegem e reafirmam a cidadania das pessoas com mais de 60 anos.<\/p>\n\n\n\n<h2 class=\"wp-block-heading\">Resultados<\/h2>\n\n\n\n<p>As enquetes comportamentais sobre a opini\u00e3o e experi\u00eancia do consumidor realizadas pela diretoria de Estudos e Pesquisas do Procon-SP s\u00e3o usadas para implementa\u00e7\u00e3o de a\u00e7\u00f5es de educa\u00e7\u00e3o para o consumo \u2013 como palestras, materiais educativos etc. \u2013, al\u00e9m de fornecerem subs\u00eddios aos trabalhos da institui\u00e7\u00e3o voltados ao segmento.<\/p>\n\n\n\n<p><strong><em><strong><em><strong><em><strong><em><strong><em><strong><em><strong><em><strong><em><strong>Siga nossas redes sociais no\u00a0<a href=\"https:\/\/www.instagram.com\/ronipaparazzi\/\">Instagram\u00a0<\/a>e\u00a0<a href=\"https:\/\/www.facebook.com\/ronipaparazzicomvoce\">Facebook<\/a>\u00a0participe da nossa comunidade do Canal Roni Paparazzi no Whatsapp e receba as principais not\u00edcias da regi\u00e3o de Ara\u00e7atuba do dia direto no seu celular.<\/strong>\u00a0<a href=\"https:\/\/chat.whatsapp.com\/GsG1XKo0jPOEfjzudWQcml\" target=\"_blank\" rel=\"noreferrer noopener\">\u00a0Clique aqui e se inscreva.<\/a><\/em><\/strong><\/em><\/strong><\/em><\/strong><\/em><\/strong><\/em><\/strong><\/em><\/strong><\/em><\/strong><\/em><\/strong><\/p>\n","protected":false},"excerpt":{"rendered":"<p>O Procon-SP realiza mais uma enquete com o objetivo de entender quais as dificuldades que os consumidores com mais de 60 anos se deparam ao estabelecer uma rela\u00e7\u00e3o no mercado de consumo. A consulta ficar\u00e1 dispon\u00edvel no site e nas redes sociais da institui\u00e7\u00e3o at\u00e9 23 de setembro. As informa\u00e7\u00f5es ser\u00e3o utilizadas para a elabora\u00e7\u00e3o &hellip;<\/p>\n","protected":false},"author":1,"featured_media":11560,"comment_status":"open","ping_status":"open","sticky":false,"template":"","format":"standard","meta":{"_jetpack_memberships_contains_paid_content":false,"footnotes":"","jetpack_publicize_message":"","jetpack_publicize_feature_enabled":true,"jetpack_social_post_already_shared":false,"jetpack_social_options":{"image_generator_settings":{"template":"highway","default_image_id":0,"enabled":false},"version":2}},"categories":[4],"tags":[],"class_list":["post-11559","post","type-post","status-publish","format-standard","has-post-thumbnail","hentry","category-regiao"],"jetpack_publicize_connections":[],"jetpack_featured_media_url":"https:\/\/i0.wp.com\/www.paparazzinews.com.br\/wp-content\/uploads\/2024\/08\/empresas-com-mais-reclamacoes-procon.jpg?fit=1024%2C684&ssl=1","views":"2132","jetpack_likes_enabled":true,"jetpack_sharing_enabled":true,"_links":{"self":[{"href":"https:\/\/www.paparazzinews.com.br\/index.php?rest_route=\/wp\/v2\/posts\/11559","targetHints":{"allow":["GET"]}}],"collection":[{"href":"https:\/\/www.paparazzinews.com.br\/index.php?rest_route=\/wp\/v2\/posts"}],"about":[{"href":"https:\/\/www.paparazzinews.com.br\/index.php?rest_route=\/wp\/v2\/types\/post"}],"author":[{"embeddable":true,"href":"https:\/\/www.paparazzinews.com.br\/index.php?rest_route=\/wp\/v2\/users\/1"}],"replies":[{"embeddable":true,"href":"https:\/\/www.paparazzinews.com.br\/index.php?rest_route=%2Fwp%2Fv2%2Fcomments&post=11559"}],"version-history":[{"count":1,"href":"https:\/\/www.paparazzinews.com.br\/index.php?rest_route=\/wp\/v2\/posts\/11559\/revisions"}],"predecessor-version":[{"id":11561,"href":"https:\/\/www.paparazzinews.com.br\/index.php?rest_route=\/wp\/v2\/posts\/11559\/revisions\/11561"}],"wp:featuredmedia":[{"embeddable":true,"href":"https:\/\/www.paparazzinews.com.br\/index.php?rest_route=\/wp\/v2\/media\/11560"}],"wp:attachment":[{"href":"https:\/\/www.paparazzinews.com.br\/index.php?rest_route=%2Fwp%2Fv2%2Fmedia&parent=11559"}],"wp:term":[{"taxonomy":"category","embeddable":true,"href":"https:\/\/www.paparazzinews.com.br\/index.php?rest_route=%2Fwp%2Fv2%2Fcategories&post=11559"},{"taxonomy":"post_tag","embeddable":true,"href":"https:\/\/www.paparazzinews.com.br\/index.php?rest_route=%2Fwp%2Fv2%2Ftags&post=11559"}],"curies":[{"name":"wp","href":"https:\/\/api.w.org\/{rel}","templated":true}]}}