{"id":11556,"date":"2024-08-30T13:11:56","date_gmt":"2024-08-30T16:11:56","guid":{"rendered":"https:\/\/www.paparazzinews.com.br\/?p=11556"},"modified":"2024-08-30T13:11:57","modified_gmt":"2024-08-30T16:11:57","slug":"detran-sp-registra-106-mil-novos-emplacamentos-pela-1a-vez-em-quase-10-anos","status":"publish","type":"post","link":"https:\/\/www.paparazzinews.com.br\/?p=11556","title":{"rendered":"Detran-SP registra 106 mil novos emplacamentos pela 1\u00aa vez em quase 10 anos"},"content":{"rendered":"\n<p>Dados do Departamento Estadual de Tr\u00e2nsito de S\u00e3o Paulo (Detran-SP) mostram que julho foi o primeiro m\u00eas, desde dezembro de 2014, a bater a marca de cem mil\u00a0<a href=\"https:\/\/www.agenciasp.sp.gov.br\/emplacamento-de-veiculos-zero-quilometro-em-sp-passa-pela-1a-vez-o-nivel-pre-pandemia\/\">emplacamentos de ve\u00edculos zero quil\u00f4metro<\/a>. Ao todo, 106 mil novos ve\u00edculos receberam sua primeira placa no m\u00eas passado. A informa\u00e7\u00e3o \u00e9 da Ag\u00eancia SP.<\/p>\n\n\n\n<p>Em rela\u00e7\u00e3o ao m\u00eas anterior, julho teve um aumento de 8,6% no registro de novas placas. Em junho, foram 97.629 primeiros emplacamentos. J\u00e1 na compara\u00e7\u00e3o com julho do ano passado, per\u00edodo que contabilizou 94.679 primeiras placas, o \u00faltimo m\u00eas viu o emplacamento de carros novos crescer 12%. Os n\u00fameros dizem respeito a todas as&nbsp;<a href=\"https:\/\/www.agenciasp.sp.gov.br\/maio-amarelo-abordagens-a-veiculos-em-sp-crescem-102-nos-4-primeiros-meses-do-ano\/\">categorias de automotores<\/a>, de ve\u00edculos leves e de passeio a caminh\u00f5es, \u00f4nibus e tratores, passando por motos, caminhonetes e quadriciclos.<\/p>\n\n\n\n<p>Os primeiros sete meses (jan-jul) de 2024 tiveram, na compara\u00e7\u00e3o com os mesmos per\u00edodos de anos anteriores, o maior volume de primeiros emplacamentos desde 2015. Nos primeiros sete meses deste ano, foram 647.116 registros, contra 526.494 no mesmo per\u00edodo do ano passado e 456.751 de janeiro a julho de 2022. Em 2015, o n\u00famero foi de 537.430.<\/p>\n\n\n\n<p><strong><em><strong><em><strong><em><strong><em><strong><em><strong><em><strong><em><strong><em><strong>Siga nossas redes sociais no\u00a0<a href=\"https:\/\/www.instagram.com\/ronipaparazzi\/\">Instagram\u00a0<\/a>e\u00a0<a href=\"https:\/\/www.facebook.com\/ronipaparazzicomvoce\">Facebook<\/a>\u00a0participe da nossa comunidade do Canal Roni Paparazzi no Whatsapp e receba as principais not\u00edcias da regi\u00e3o de Ara\u00e7atuba do dia direto no seu celular.<\/strong>\u00a0<a href=\"https:\/\/chat.whatsapp.com\/GsG1XKo0jPOEfjzudWQcml\" target=\"_blank\" rel=\"noreferrer noopener\">\u00a0Clique aqui e se inscreva.<\/a><\/em><\/strong><\/em><\/strong><\/em><\/strong><\/em><\/strong><\/em><\/strong><\/em><\/strong><\/em><\/strong><\/em><\/strong><\/p>\n","protected":false},"excerpt":{"rendered":"<p>Dados do Departamento Estadual de Tr\u00e2nsito de S\u00e3o Paulo (Detran-SP) mostram que julho foi o primeiro m\u00eas, desde dezembro de 2014, a bater a marca de cem mil\u00a0emplacamentos de ve\u00edculos zero quil\u00f4metro. Ao todo, 106 mil novos ve\u00edculos receberam sua primeira placa no m\u00eas passado. A informa\u00e7\u00e3o \u00e9 da Ag\u00eancia SP. Em rela\u00e7\u00e3o ao m\u00eas &hellip;<\/p>\n","protected":false},"author":1,"featured_media":11557,"comment_status":"open","ping_status":"open","sticky":false,"template":"","format":"standard","meta":{"_jetpack_memberships_contains_paid_content":false,"footnotes":"","jetpack_publicize_message":"","jetpack_publicize_feature_enabled":true,"jetpack_social_post_already_shared":false,"jetpack_social_options":{"image_generator_settings":{"template":"highway","default_image_id":0,"enabled":false},"version":2}},"categories":[4],"tags":[],"class_list":["post-11556","post","type-post","status-publish","format-standard","has-post-thumbnail","hentry","category-regiao"],"jetpack_publicize_connections":[],"jetpack_featured_media_url":"https:\/\/i0.wp.com\/www.paparazzinews.com.br\/wp-content\/uploads\/2024\/08\/DER-carros.jpeg?fit=1024%2C680&ssl=1","views":"2048","jetpack_likes_enabled":true,"jetpack_sharing_enabled":true,"_links":{"self":[{"href":"https:\/\/www.paparazzinews.com.br\/index.php?rest_route=\/wp\/v2\/posts\/11556","targetHints":{"allow":["GET"]}}],"collection":[{"href":"https:\/\/www.paparazzinews.com.br\/index.php?rest_route=\/wp\/v2\/posts"}],"about":[{"href":"https:\/\/www.paparazzinews.com.br\/index.php?rest_route=\/wp\/v2\/types\/post"}],"author":[{"embeddable":true,"href":"https:\/\/www.paparazzinews.com.br\/index.php?rest_route=\/wp\/v2\/users\/1"}],"replies":[{"embeddable":true,"href":"https:\/\/www.paparazzinews.com.br\/index.php?rest_route=%2Fwp%2Fv2%2Fcomments&post=11556"}],"version-history":[{"count":1,"href":"https:\/\/www.paparazzinews.com.br\/index.php?rest_route=\/wp\/v2\/posts\/11556\/revisions"}],"predecessor-version":[{"id":11558,"href":"https:\/\/www.paparazzinews.com.br\/index.php?rest_route=\/wp\/v2\/posts\/11556\/revisions\/11558"}],"wp:featuredmedia":[{"embeddable":true,"href":"https:\/\/www.paparazzinews.com.br\/index.php?rest_route=\/wp\/v2\/media\/11557"}],"wp:attachment":[{"href":"https:\/\/www.paparazzinews.com.br\/index.php?rest_route=%2Fwp%2Fv2%2Fmedia&parent=11556"}],"wp:term":[{"taxonomy":"category","embeddable":true,"href":"https:\/\/www.paparazzinews.com.br\/index.php?rest_route=%2Fwp%2Fv2%2Fcategories&post=11556"},{"taxonomy":"post_tag","embeddable":true,"href":"https:\/\/www.paparazzinews.com.br\/index.php?rest_route=%2Fwp%2Fv2%2Ftags&post=11556"}],"curies":[{"name":"wp","href":"https:\/\/api.w.org\/{rel}","templated":true}]}}