{"id":11541,"date":"2024-08-30T13:02:04","date_gmt":"2024-08-30T16:02:04","guid":{"rendered":"https:\/\/www.paparazzinews.com.br\/?p=11541"},"modified":"2024-08-30T13:02:05","modified_gmt":"2024-08-30T16:02:05","slug":"defesa-civil-de-sp-alerta-para-risco-de-incendios-para-os-proximos-dias-em-quase-todo-o-territorio-paulista-andradina-chega-em-35-graus","status":"publish","type":"post","link":"https:\/\/www.paparazzinews.com.br\/?p=11541","title":{"rendered":"Defesa Civil de SP alerta para risco de inc\u00eandios para os pr\u00f3ximos dias em quase todo o territ\u00f3rio paulista, Andradina chega em 35 graus"},"content":{"rendered":"\n<p>O Centro de Gerenciamento de Emerg\u00eancias (CGE) da Defesa Civil do Estado de S\u00e3o Paulo emitiu um alerta nesta quinta-feira (29) para o risco elevado de inc\u00eandios em quase todo o estado nos pr\u00f3ximos dias. Entre sexta-feira (30) e domingo (1\u00ba), as temperaturas voltam a subir e a umidade relativa do ar deve cair, o que aumenta as chances de queimadas. A informa\u00e7\u00e3o \u00e9 da Ag\u00eancia SP.<\/p>\n\n\n\n<p>O Governo de S\u00e3o Paulo mant\u00e9m o gabinete de crise e monitora a situa\u00e7\u00e3o dos inc\u00eandios. De acordo com meteorologistas da Defesa Civil, com o fim da massa de ar frio, os term\u00f4metros sobem, principalmente no interior, com m\u00e1ximas ultrapassando 30\u00baC.<\/p>\n\n\n\n<p>O&nbsp;<a href=\"https:\/\/www.defesacivil.sp.gov.br\/nge\/incendio.html\">Mapa de Risco de Inc\u00eandio<\/a>, que emite previs\u00f5es para os pr\u00f3ximos dias, aponta que as regi\u00f5es mais cr\u00edticas com rela\u00e7\u00e3o \u00e0s altas temperaturas s\u00e3o Andradina, Ara\u00e7atuba, Bauru e Ja\u00fa, com m\u00e1ximas podendo chegar a 35\u00baC. Destaque tamb\u00e9m para a umidade relativa do ar, que deve atingir n\u00edveis cr\u00edticos ficando abaixo dos 20%. O CGE ainda prev\u00ea ventos fortes que podem chegar aos 60km\/h.<\/p>\n\n\n\n<p>Para as regi\u00f5es de Presidente Prudente, Assis, Mar\u00edlia e Ourinhos, as temperaturas devem ser de 34\u00baC, al\u00e9m da umidade relativa do ar abaixo dos 20%. J\u00e1 para as regi\u00f5es de Jales, Votuporanga, S\u00e3o Jos\u00e9 do Rio Preto, Ribeir\u00e3o Preto, Barretos, Franca e S\u00e3o Carlos, os term\u00f4metros podem registrar 33\u00baC, com umidade do ar tamb\u00e9m abaixo dos 20%.&nbsp;<\/p>\n\n\n\n<p>As regi\u00f5es de Itapeva, Sorocaba e Iper\u00f3 podem registrar m\u00e1ximas de 29\u00baC, com umidade abaixo dos 25%. Nesse caso, recomenda-se evitar exerc\u00edcios f\u00edsicos e trabalhos ao ar livre entre 10 e 16 horas, evitar aglomera\u00e7\u00f5es em ambientes fechados e usar soro fisiol\u00f3gico para olhos e narinas, al\u00e9m de se hidratar e umidificar o ambiente.<\/p>\n\n\n\n<p>Nas Regi\u00f5es Metropolitana de S\u00e3o Paulo, de Campinas, Jundia\u00ed, Campos do Jord\u00e3o e Guaratinguet\u00e1, a m\u00e1xima prevista ser\u00e1 de 27\u00baC, com umidade relativa do ar ficando abaixo dos 30%.&nbsp;<\/p>\n\n\n\n<p>A mudan\u00e7a clim\u00e1tica ocorre devido ao enfraquecimento da massa de ar frio nas Regi\u00f5es Sul e Sudeste do Brasil, fazendo com que as temperaturas aumentem, resultando em uma sensa\u00e7\u00e3o t\u00e9rmica mais quente.&nbsp;<\/p>\n\n\n\n<p>Diante disso, medidas de preven\u00e7\u00e3o devem ser adotadas tamb\u00e9m pela popula\u00e7\u00e3o: n\u00e3o colocar fogo em \u00e1reas de vegeta\u00e7\u00e3o seca, n\u00e3o jogar bitucas de cigarro em beiras de rodovias, n\u00e3o realizar a limpeza da \u00e1rea rural utilizando t\u00e9cnicas com fogo, n\u00e3o queimar lixo e n\u00e3o soltar bal\u00e3o.&nbsp;<\/p>\n\n\n\n<p>A Defesa Civil ainda atuar\u00e1 preventivamente com a\u00e7\u00f5es de conscientiza\u00e7\u00e3o em Ribeir\u00e3o Preto, S\u00e3o Jos\u00e9 do Rio Preto e Presidente Prudente.&nbsp;<\/p>\n\n\n\n<h2 class=\"wp-block-heading\">Cuidados com os inc\u00eandios florestais<\/h2>\n\n\n\n<p>O Governo do Estado de S\u00e3o Paulo re\u00fane uma s\u00e9rie de esfor\u00e7os para garantir a prote\u00e7\u00e3o da popula\u00e7\u00e3o nesse per\u00edodo de risco para inc\u00eandios florestais. O Departamento de Estradas e Rodagens (DER) e a Artesp acompanham a situa\u00e7\u00e3o para eventuais bloqueios de rodovias devido a focos de fogo e fuma\u00e7a que possam atrapalhar a visibilidade dos motoristas.&nbsp;<\/p>\n\n\n\n<p>Al\u00e9m disso, est\u00e1 mantido o plano emergencial na \u00e1rea da Sa\u00fade em resposta aos inc\u00eandios. O plano \u00e9 aumentar a capacidade de atendimento das unidades de sa\u00fade das regi\u00f5es de Ribeir\u00e3o Preto, Franca, Barretos, entre outras. As a\u00e7\u00f5es incluem amplia\u00e7\u00e3o dos servi\u00e7os de teleatendimento e orienta\u00e7\u00e3o de profissionais de sa\u00fade.<\/p>\n\n\n\n<p>A inala\u00e7\u00e3o de fuma\u00e7a proveniente dos inc\u00eandios agrava problemas respirat\u00f3rios. Por isso, a recomenda\u00e7\u00e3o \u00e9 procurar atendimento m\u00e9dico em caso de sintomas como falta de ar, tontura, dor e chiado no peito.<\/p>\n\n\n\n<p>A Defesa Civil alerta que, ao avistar fuma\u00e7a suspeita ou fogo de inc\u00eandio em mata, informe imediatamente o Corpo de Bombeiros (193).<\/p>\n\n\n\n<p><strong><em><strong><em><strong><em><strong><em><strong><em><strong><em><strong><em><strong><em><strong>Siga nossas redes sociais no\u00a0<a href=\"https:\/\/www.instagram.com\/ronipaparazzi\/\">Instagram\u00a0<\/a>e\u00a0<a href=\"https:\/\/www.facebook.com\/ronipaparazzicomvoce\">Facebook<\/a>\u00a0participe da nossa comunidade do Canal Roni Paparazzi no Whatsapp e receba as principais not\u00edcias da regi\u00e3o de Ara\u00e7atuba do dia direto no seu celular.<\/strong>\u00a0<a href=\"https:\/\/chat.whatsapp.com\/GsG1XKo0jPOEfjzudWQcml\" target=\"_blank\" rel=\"noreferrer noopener\">\u00a0Clique aqui e se inscreva.<\/a><\/em><\/strong><\/em><\/strong><\/em><\/strong><\/em><\/strong><\/em><\/strong><\/em><\/strong><\/em><\/strong><\/em><\/strong><\/p>\n\n\n\n<p><\/p>\n","protected":false},"excerpt":{"rendered":"<p>O Centro de Gerenciamento de Emerg\u00eancias (CGE) da Defesa Civil do Estado de S\u00e3o Paulo emitiu um alerta nesta quinta-feira (29) para o risco elevado de inc\u00eandios em quase todo o estado nos pr\u00f3ximos dias. Entre sexta-feira (30) e domingo (1\u00ba), as temperaturas voltam a subir e a umidade relativa do ar deve cair, o &hellip;<\/p>\n","protected":false},"author":1,"featured_media":11542,"comment_status":"open","ping_status":"open","sticky":false,"template":"","format":"standard","meta":{"_jetpack_memberships_contains_paid_content":false,"footnotes":"","jetpack_publicize_message":"","jetpack_publicize_feature_enabled":true,"jetpack_social_post_already_shared":false,"jetpack_social_options":{"image_generator_settings":{"template":"highway","default_image_id":0,"enabled":false},"version":2}},"categories":[3],"tags":[],"class_list":["post-11541","post","type-post","status-publish","format-standard","has-post-thumbnail","hentry","category-policial"],"jetpack_publicize_connections":[],"jetpack_featured_media_url":"https:\/\/i0.wp.com\/www.paparazzinews.com.br\/wp-content\/uploads\/2024\/08\/aceiro-negro-2-1536x1152-1.jpg?fit=1536%2C1152&ssl=1","views":"2128","jetpack_likes_enabled":true,"jetpack_sharing_enabled":true,"_links":{"self":[{"href":"https:\/\/www.paparazzinews.com.br\/index.php?rest_route=\/wp\/v2\/posts\/11541","targetHints":{"allow":["GET"]}}],"collection":[{"href":"https:\/\/www.paparazzinews.com.br\/index.php?rest_route=\/wp\/v2\/posts"}],"about":[{"href":"https:\/\/www.paparazzinews.com.br\/index.php?rest_route=\/wp\/v2\/types\/post"}],"author":[{"embeddable":true,"href":"https:\/\/www.paparazzinews.com.br\/index.php?rest_route=\/wp\/v2\/users\/1"}],"replies":[{"embeddable":true,"href":"https:\/\/www.paparazzinews.com.br\/index.php?rest_route=%2Fwp%2Fv2%2Fcomments&post=11541"}],"version-history":[{"count":1,"href":"https:\/\/www.paparazzinews.com.br\/index.php?rest_route=\/wp\/v2\/posts\/11541\/revisions"}],"predecessor-version":[{"id":11543,"href":"https:\/\/www.paparazzinews.com.br\/index.php?rest_route=\/wp\/v2\/posts\/11541\/revisions\/11543"}],"wp:featuredmedia":[{"embeddable":true,"href":"https:\/\/www.paparazzinews.com.br\/index.php?rest_route=\/wp\/v2\/media\/11542"}],"wp:attachment":[{"href":"https:\/\/www.paparazzinews.com.br\/index.php?rest_route=%2Fwp%2Fv2%2Fmedia&parent=11541"}],"wp:term":[{"taxonomy":"category","embeddable":true,"href":"https:\/\/www.paparazzinews.com.br\/index.php?rest_route=%2Fwp%2Fv2%2Fcategories&post=11541"},{"taxonomy":"post_tag","embeddable":true,"href":"https:\/\/www.paparazzinews.com.br\/index.php?rest_route=%2Fwp%2Fv2%2Ftags&post=11541"}],"curies":[{"name":"wp","href":"https:\/\/api.w.org\/{rel}","templated":true}]}}