{"id":11508,"date":"2024-08-28T14:49:28","date_gmt":"2024-08-28T17:49:28","guid":{"rendered":"https:\/\/www.paparazzinews.com.br\/?p=11508"},"modified":"2024-08-28T14:49:29","modified_gmt":"2024-08-28T17:49:29","slug":"forca-tatica-prende-homem-condenado-ha-3-anos-por-ameaca-em-andradina","status":"publish","type":"post","link":"https:\/\/www.paparazzinews.com.br\/?p=11508","title":{"rendered":"For\u00e7a T\u00e1tica prende homem condenado h\u00e1 3 anos por amea\u00e7a em Andradina"},"content":{"rendered":"\n<p>Na tarde desta segunda-feira, 26, uma equipe de For\u00e7a T\u00e1tica patrulhava o bairro Vila Mineira, em Andradina, quando abordaram indiv\u00edduo de 48 anos, aposentado.<\/p>\n\n\n\n<p>Em consulta via Copom, constataram a exist\u00eancia de mandado de pris\u00e3o pelo crime de amea\u00e7a, no \u00e2mbito da Lei Maria da Penha, com pena de 03 anos de reclus\u00e3o.<\/p>\n\n\n\n<p>Indiv\u00edduo encaminhado ao plant\u00e3o policial, e ficou recolhido na carceragem local, \u00e0 disposi\u00e7\u00e3o da Justi\u00e7a.<\/p>\n\n\n\n<p><strong><em><strong><em><strong><em><strong><em><strong><em><strong><em><strong><em><strong><em><strong>Siga nossas redes sociais no&nbsp;<a href=\"https:\/\/www.instagram.com\/ronipaparazzi\/\">Instagram&nbsp;<\/a>e&nbsp;<a href=\"https:\/\/www.facebook.com\/ronipaparazzicomvoce\">Facebook<\/a>&nbsp;participe da nossa comunidade do Canal Roni Paparazzi no Whatsapp e receba as principais not\u00edcias da regi\u00e3o de Ara\u00e7atuba do dia direto no seu celular.<\/strong>&nbsp;<a href=\"https:\/\/chat.whatsapp.com\/GsG1XKo0jPOEfjzudWQcml\" target=\"_blank\" rel=\"noreferrer noopener\">&nbsp;Clique aqui e se inscreva.<\/a><\/em><\/strong><\/em><\/strong><\/em><\/strong><\/em><\/strong><\/em><\/strong><\/em><\/strong><\/em><\/strong><\/em><\/strong><\/p>\n\n\n\n<p><a href=\"https:\/\/www.paparazzinews.com.br\/wp-admin\/post.php?post=11455&amp;action=edit\"><\/a><\/p>\n","protected":false},"excerpt":{"rendered":"<p>Na tarde desta segunda-feira, 26, uma equipe de For\u00e7a T\u00e1tica patrulhava o bairro Vila Mineira, em Andradina, quando abordaram indiv\u00edduo de 48 anos, aposentado. Em consulta via Copom, constataram a exist\u00eancia de mandado de pris\u00e3o pelo crime de amea\u00e7a, no \u00e2mbito da Lei Maria da Penha, com pena de 03 anos de reclus\u00e3o. Indiv\u00edduo encaminhado &hellip;<\/p>\n","protected":false},"author":1,"featured_media":11509,"comment_status":"open","ping_status":"open","sticky":false,"template":"","format":"standard","meta":{"_jetpack_memberships_contains_paid_content":false,"footnotes":"","jetpack_publicize_message":"","jetpack_publicize_feature_enabled":true,"jetpack_social_post_already_shared":false,"jetpack_social_options":{"image_generator_settings":{"template":"highway","default_image_id":0,"enabled":false},"version":2}},"categories":[3],"tags":[],"class_list":["post-11508","post","type-post","status-publish","format-standard","has-post-thumbnail","hentry","category-policial"],"jetpack_publicize_connections":[],"jetpack_featured_media_url":"https:\/\/i0.wp.com\/www.paparazzinews.com.br\/wp-content\/uploads\/2024\/08\/P-17-scaled-e1724867359446.jpg?fit=1000%2C750&ssl=1","views":"2243","jetpack_likes_enabled":true,"jetpack_sharing_enabled":true,"_links":{"self":[{"href":"https:\/\/www.paparazzinews.com.br\/index.php?rest_route=\/wp\/v2\/posts\/11508","targetHints":{"allow":["GET"]}}],"collection":[{"href":"https:\/\/www.paparazzinews.com.br\/index.php?rest_route=\/wp\/v2\/posts"}],"about":[{"href":"https:\/\/www.paparazzinews.com.br\/index.php?rest_route=\/wp\/v2\/types\/post"}],"author":[{"embeddable":true,"href":"https:\/\/www.paparazzinews.com.br\/index.php?rest_route=\/wp\/v2\/users\/1"}],"replies":[{"embeddable":true,"href":"https:\/\/www.paparazzinews.com.br\/index.php?rest_route=%2Fwp%2Fv2%2Fcomments&post=11508"}],"version-history":[{"count":1,"href":"https:\/\/www.paparazzinews.com.br\/index.php?rest_route=\/wp\/v2\/posts\/11508\/revisions"}],"predecessor-version":[{"id":11510,"href":"https:\/\/www.paparazzinews.com.br\/index.php?rest_route=\/wp\/v2\/posts\/11508\/revisions\/11510"}],"wp:featuredmedia":[{"embeddable":true,"href":"https:\/\/www.paparazzinews.com.br\/index.php?rest_route=\/wp\/v2\/media\/11509"}],"wp:attachment":[{"href":"https:\/\/www.paparazzinews.com.br\/index.php?rest_route=%2Fwp%2Fv2%2Fmedia&parent=11508"}],"wp:term":[{"taxonomy":"category","embeddable":true,"href":"https:\/\/www.paparazzinews.com.br\/index.php?rest_route=%2Fwp%2Fv2%2Fcategories&post=11508"},{"taxonomy":"post_tag","embeddable":true,"href":"https:\/\/www.paparazzinews.com.br\/index.php?rest_route=%2Fwp%2Fv2%2Ftags&post=11508"}],"curies":[{"name":"wp","href":"https:\/\/api.w.org\/{rel}","templated":true}]}}