{"id":11498,"date":"2024-08-28T14:29:19","date_gmt":"2024-08-28T17:29:19","guid":{"rendered":"https:\/\/www.paparazzinews.com.br\/?p=11498"},"modified":"2024-08-28T14:29:21","modified_gmt":"2024-08-28T17:29:21","slug":"obras-do-hospital-estadual-de-birigui-comecam-em-2025","status":"publish","type":"post","link":"https:\/\/www.paparazzinews.com.br\/?p=11498","title":{"rendered":"Obras do Hospital Estadual de Birigui come\u00e7am em 2025"},"content":{"rendered":"\n<p>As obras para a constru\u00e7\u00e3o do Hospital Estadual de Birigui come\u00e7ar\u00e3o no primeiro semestre de 2025.&nbsp;<a href=\"https:\/\/www.agenciasp.sp.gov.br\/especiais\/com-sp-na-direcao-certa-contas-equilibradas-abrem-caminho-para-mais-investimentos\/\">Em entrevista \u00e0&nbsp;<strong>Ag\u00eancia SP<\/strong>, nova ag\u00eancia de not\u00edcias de S\u00e3o Paulo, o governador Tarc\u00edsio de Freitas<\/a>&nbsp;explicou que o projeto j\u00e1 est\u00e1 pronto e a licita\u00e7\u00e3o da obra deve ocorrer neste segundo semestre.<\/p>\n\n\n\n<p>Com a constru\u00e7\u00e3o do Hospital Estadual de Birigui, a popula\u00e7\u00e3o contar\u00e1 com cerca de 270 novos leitos hospitalares. A unidade ir\u00e1 atender mais de 40 munic\u00edpios da regi\u00e3o, como refer\u00eancia em m\u00e9dia e alta complexidade.&nbsp;<\/p>\n\n\n\n<p>\u201cTomamos a decis\u00e3o de fazer o Hospital Estadual de Birigui que vai ajudar muito a sa\u00fade daquela regi\u00e3o e do entorno. E vamos fazer todo esfor\u00e7o para que at\u00e9 o final de 2026 a gente possa entregar esse hospital\u201d, afirmou Tarc\u00edsio em entrevista exclusiva \u00e0&nbsp;<strong>Ag\u00eancia SP<\/strong>, nova ag\u00eancia de not\u00edcias de S\u00e3o Paulo.<\/p>\n\n\n\n<p>O governador ainda enfatizou que especificamente na regi\u00e3o de Ara\u00e7atuba a gest\u00e3o identificou a necessidade de criar novos leitos. As tratativas com a prefeitura de Birigui j\u00e1 come\u00e7aram e o Estado det\u00e9m o terreno necess\u00e1rio para a constru\u00e7\u00e3o.&nbsp;<\/p>\n\n\n\n<p>Fora o novo hospital, os programas Tabela Sus Paulista e IGM Sus Paulista refor\u00e7am os investimentos na sa\u00fade de Birigui. Somente em 2024, o Estado repassou mais de R$ 7 milh\u00f5es para os servi\u00e7os de sa\u00fade da cidade.<\/p>\n\n\n\n<h2 class=\"wp-block-heading\"><strong>Ag\u00eancia SP<\/strong><\/h2>\n\n\n\n<p>Coordenada pela Secretaria de Comunica\u00e7\u00e3o do Estado (Secom), a Ag\u00eancia SP \u00e9 o novo canal de comunica\u00e7\u00e3o da gest\u00e3o paulista. A Ag\u00eancia SP \u00e9 respons\u00e1vel pela distribui\u00e7\u00e3o de conte\u00fado multim\u00eddia da administra\u00e7\u00e3o estadual em suas diversas \u00e1reas para oferecer \u00e0 popula\u00e7\u00e3o e \u00e0 imprensa informa\u00e7\u00e3o oficial com credibilidade, efici\u00eancia e agilidade, pronta para ser compartilhada por aplicativos ou redes sociais. O endere\u00e7o \u00e9&nbsp;<a href=\"http:\/\/www.agenciasp.sp.gov.br\/\">www.agenciasp.sp.gov.br<\/a>.<\/p>\n\n\n\n<p>A Ag\u00eancia refor\u00e7a a comunica\u00e7\u00e3o com o cidad\u00e3o, estimulando a participa\u00e7\u00e3o ativa nos projetos, eventos, pol\u00edticas p\u00fablicas e servi\u00e7os estaduais.<\/p>\n\n\n\n<p>Em seu site, a Ag\u00eancia segue as diretrizes de acessibilidade para websites e foi criada segundo as bases do \u201cmobile first\u201d, que prioriza o desenvolvimento de sites pensando nos usu\u00e1rios de internet m\u00f3vel para, em um segundo momento, adaptar suas funcionalidades a computadores e outras plataformas.&nbsp;<\/p>\n\n\n\n<p>A Ag\u00eancia SP tamb\u00e9m oferece filtros para encontrar not\u00edcias por regi\u00e3o, entrevistas em v\u00eddeos curtos e reportagens com gr\u00e1ficos e caixas de contexto.<\/p>\n\n\n\n<p>As produ\u00e7\u00f5es multim\u00eddia s\u00e3o realizadas no est\u00fadio da Secom. As entrevistas com autoridades estaduais ser\u00e3o distribu\u00eddas em diversos formatos.<\/p>\n\n\n\n<p><strong><em><strong><em><strong><em><strong><em><strong><em><strong><em><strong><em><strong><em><strong>Siga nossas redes sociais no\u00a0<a href=\"https:\/\/www.instagram.com\/ronipaparazzi\/\">Instagram\u00a0<\/a>e\u00a0<a href=\"https:\/\/www.facebook.com\/ronipaparazzicomvoce\">Facebook<\/a>\u00a0participe da nossa comunidade do Canal Roni Paparazzi no Whatsapp e receba as principais not\u00edcias da regi\u00e3o de Ara\u00e7atuba do dia direto no seu celular.<\/strong>\u00a0<a href=\"https:\/\/chat.whatsapp.com\/GsG1XKo0jPOEfjzudWQcml\" target=\"_blank\" rel=\"noreferrer noopener\">\u00a0Clique aqui e se inscreva.<\/a><\/em><\/strong><\/em><\/strong><\/em><\/strong><\/em><\/strong><\/em><\/strong><\/em><\/strong><\/em><\/strong><\/em><\/strong><\/p>\n","protected":false},"excerpt":{"rendered":"<p>As obras para a constru\u00e7\u00e3o do Hospital Estadual de Birigui come\u00e7ar\u00e3o no primeiro semestre de 2025.&nbsp;Em entrevista \u00e0&nbsp;Ag\u00eancia SP, nova ag\u00eancia de not\u00edcias de S\u00e3o Paulo, o governador Tarc\u00edsio de Freitas&nbsp;explicou que o projeto j\u00e1 est\u00e1 pronto e a licita\u00e7\u00e3o da obra deve ocorrer neste segundo semestre. Com a constru\u00e7\u00e3o do Hospital Estadual de Birigui, &hellip;<\/p>\n","protected":false},"author":1,"featured_media":11499,"comment_status":"open","ping_status":"open","sticky":false,"template":"","format":"standard","meta":{"_jetpack_memberships_contains_paid_content":false,"footnotes":"","jetpack_publicize_message":"","jetpack_publicize_feature_enabled":true,"jetpack_social_post_already_shared":false,"jetpack_social_options":{"image_generator_settings":{"template":"highway","default_image_id":0,"enabled":false},"version":2}},"categories":[4],"tags":[],"class_list":["post-11498","post","type-post","status-publish","format-standard","has-post-thumbnail","hentry","category-regiao"],"jetpack_publicize_connections":[],"jetpack_featured_media_url":"https:\/\/i0.wp.com\/www.paparazzinews.com.br\/wp-content\/uploads\/2024\/08\/53880779229_eecfc4a4a1_k-1536x1024-1.jpg?fit=1536%2C1024&ssl=1","views":"2141","jetpack_likes_enabled":true,"jetpack_sharing_enabled":true,"_links":{"self":[{"href":"https:\/\/www.paparazzinews.com.br\/index.php?rest_route=\/wp\/v2\/posts\/11498","targetHints":{"allow":["GET"]}}],"collection":[{"href":"https:\/\/www.paparazzinews.com.br\/index.php?rest_route=\/wp\/v2\/posts"}],"about":[{"href":"https:\/\/www.paparazzinews.com.br\/index.php?rest_route=\/wp\/v2\/types\/post"}],"author":[{"embeddable":true,"href":"https:\/\/www.paparazzinews.com.br\/index.php?rest_route=\/wp\/v2\/users\/1"}],"replies":[{"embeddable":true,"href":"https:\/\/www.paparazzinews.com.br\/index.php?rest_route=%2Fwp%2Fv2%2Fcomments&post=11498"}],"version-history":[{"count":1,"href":"https:\/\/www.paparazzinews.com.br\/index.php?rest_route=\/wp\/v2\/posts\/11498\/revisions"}],"predecessor-version":[{"id":11500,"href":"https:\/\/www.paparazzinews.com.br\/index.php?rest_route=\/wp\/v2\/posts\/11498\/revisions\/11500"}],"wp:featuredmedia":[{"embeddable":true,"href":"https:\/\/www.paparazzinews.com.br\/index.php?rest_route=\/wp\/v2\/media\/11499"}],"wp:attachment":[{"href":"https:\/\/www.paparazzinews.com.br\/index.php?rest_route=%2Fwp%2Fv2%2Fmedia&parent=11498"}],"wp:term":[{"taxonomy":"category","embeddable":true,"href":"https:\/\/www.paparazzinews.com.br\/index.php?rest_route=%2Fwp%2Fv2%2Fcategories&post=11498"},{"taxonomy":"post_tag","embeddable":true,"href":"https:\/\/www.paparazzinews.com.br\/index.php?rest_route=%2Fwp%2Fv2%2Ftags&post=11498"}],"curies":[{"name":"wp","href":"https:\/\/api.w.org\/{rel}","templated":true}]}}