{"id":11483,"date":"2024-08-28T14:18:28","date_gmt":"2024-08-28T17:18:28","guid":{"rendered":"https:\/\/www.paparazzinews.com.br\/?p=11483"},"modified":"2024-08-28T14:18:29","modified_gmt":"2024-08-28T17:18:29","slug":"policial-aposentado-de-sp-vive-sonho-ao-disputar-pela-1a-vez-as-paralimpiadas-de-paris","status":"publish","type":"post","link":"https:\/\/www.paparazzinews.com.br\/?p=11483","title":{"rendered":"Policial aposentado de SP vive sonho ao disputar pela 1\u00aa vez as Paralimp\u00edadas de Paris"},"content":{"rendered":"\n<p>O atleta paral\u00edmpico Andr\u00e9 Rocha vive o auge da carreira aos 47 anos. Multicampe\u00e3o das modalidades de lan\u00e7amento de peso e de disco, ele faz parte da delega\u00e7\u00e3o brasileira com 254 atletas que disputar\u00e1 as Paralimp\u00edadas de Paris, na Fran\u00e7a, a partir desta quarta-feira (28). \u00c9 a primeira vez que o policial aposentado participa do maior evento esportivo do mundo.<\/p>\n\n\n\n<p>Nascido e criado na cidade de Taubat\u00e9, no interior de S\u00e3o Paulo, Rocha entrou para a Pol\u00edcia Militar em 2000 e serviu por sete anos o 5\u00ba Batalh\u00e3o de Pol\u00edcia Militar do Interior (BPM\/I). Em 2005, durante uma persegui\u00e7\u00e3o policial, um acidente fez com que sua trajet\u00f3ria na corpora\u00e7\u00e3o fosse encerrada de forma precoce.<\/p>\n\n\n\n<p>O soldado, na \u00e9poca, atendia a uma ocorr\u00eancia de furto a uma resid\u00eancia na regi\u00e3o. No acompanhamento a dois suspeitos, um deles subiu no telhado e, ao tentar captur\u00e1-lo, acabou caindo em um terreno baldio ao lado da casa e fraturando a coluna. O acidente deixou o policial tetrapl\u00e9gico. Antes de ir \u00e0 reserva, permaneceu por dois anos realizando servi\u00e7os administrativos na corpora\u00e7\u00e3o.<\/p>\n\n\n\n<p>\u201cEu tinha uma carreira, ainda tinha muito o que fazer. Gostava muito do meu trabalho, mas, infelizmente, s\u00e3o coisas que podem acontecer na profiss\u00e3o\u201d, lamentou Rocha. At\u00e9 hoje, j\u00e1 realizou dez cirurgias por conta do problema da lombar. Em 2008, precisou do aux\u00edlio da cadeira de rodas para poder se locomover, mas isso n\u00e3o o impediu de seguir outros caminhos.<\/p>\n\n\n\n<figure class=\"wp-block-image\"><img data-recalc-dims=\"1\" decoding=\"async\" src=\"https:\/\/i0.wp.com\/www.agenciasp.sp.gov.br\/wp-content\/uploads\/2024\/08\/00056033.jpeg?w=708&#038;ssl=1\" alt=\"\" class=\"wp-image-15834\"\/><figcaption class=\"wp-element-caption\">Rocha j\u00e1 disputou tr\u00eas campeonatos mundiais, dois parapanamericanos e v\u00e1rios campeonatos nacionais e internacionais representando o Brasil<\/figcaption><\/figure>\n\n\n\n<h2 class=\"wp-block-heading\">O in\u00edcio de um sonho do policial<\/h2>\n\n\n\n<p>H\u00e1 11 anos, o policial da reserva conheceu o Projeto Paral\u00edmpico Esporte para Todos, da Secretaria de Esporte de Taubat\u00e9. L\u00e1, descobriu um talento que o ajudou a ter uma ascens\u00e3o mete\u00f3rica no esporte: ser arremessador de peso e de disco.<\/p>\n\n\n\n<p>Em 2013, no mesmo ano em que conheceu o projeto, o atleta disputou o seu primeiro campeonato paulista de arremesso, realizado em Campinas, interior do estado. Rocha foi campe\u00e3o e recordista das duas modalidades.<\/p>\n\n\n\n<p>Desde ent\u00e3o, j\u00e1 disputou tr\u00eas campeonatos mundiais, dois parapanamericanos e v\u00e1rios campeonatos nacionais e internacionais representando o Brasil. Foram 80 medalhas conquistadas, entre ouro, prata e bronze.<\/p>\n\n\n\n<p>Alguns momentos na carreira foram especiais. O arremessador lembra de seu 1\u00ba mundial disputado em Londres, na Inglaterra (2017), onde al\u00e9m de ser o campe\u00e3o, quebrou o recorde da categoria que perdurava por mais de 10 anos \u2014 o disco atingiu a marca de 23,80 metros ap\u00f3s o lan\u00e7amento.<\/p>\n\n\n\n<p>Mas nenhuma dessas lembran\u00e7as se compara a sua participa\u00e7\u00e3o nos Jogos Mundiais Militares de Mungyeong, na Cor\u00e9ia do Sul (2015), quando foi convidado pelo Minist\u00e9rio da Defesa para participar do evento.<\/p>\n\n\n\n<p>\u201cNa \u00e9poca, como foi a primeira vez que pessoas com defici\u00eancia foram convidadas, n\u00e3o houve separa\u00e7\u00e3o, ent\u00e3o a disputa foi com todos juntos. Consegui sair com a medalha de prata no disco\u201d, disse o paratleta. Ele foi o primeiro policial militar brasileiro a disputar a competi\u00e7\u00e3o e o primeiro atleta militar paral\u00edmpico da hist\u00f3ria a ganhar uma medalha nos jogos.<\/p>\n\n\n\n<p>\u201cO fato de ter sido policial me ajudou muito. Voc\u00ea aprende tantas coisas na corpora\u00e7\u00e3o que acabam te dando mais seguran\u00e7a. Voc\u00ea se sente mais determinado\u201d, afirmou o militar.<\/p>\n\n\n\n<figure class=\"wp-block-image\"><img data-recalc-dims=\"1\" height=\"472\" width=\"708\" decoding=\"async\" src=\"https:\/\/i0.wp.com\/www.agenciasp.sp.gov.br\/wp-content\/uploads\/2024\/08\/00056032-1024x683.jpeg?resize=708%2C472\" alt=\"\" class=\"wp-image-15832\"\/><figcaption class=\"wp-element-caption\">Com uma bagagem vitoriosa, o policial chega ao maior desafio da carreira representando o pa\u00eds nos Jogos Paral\u00edmpicos<\/figcaption><\/figure>\n\n\n\n<h2 class=\"wp-block-heading\">Jogos Paral\u00edmpicos de Paris<\/h2>\n\n\n\n<p>Com uma bagagem vitoriosa, o policial chega ao maior desafio da carreira representando o pa\u00eds nos Jogos Paral\u00edmpicos. Mesmo com o frio na barriga, o paratleta est\u00e1 confiante \u2014 ele \u00e9 o atual campe\u00e3o mundial de lan\u00e7amento de disco, torneio disputado em maio deste ano no Jap\u00e3o.<\/p>\n\n\n\n<p>\u201c\u00c9 o maior sonho da minha carreira sendo realizado\u201d, admitiu. \u201cMantive todo o planejamento de treinos que sempre fa\u00e7o com o aux\u00edlio do fisioterapeuta e de um psic\u00f3logo, ent\u00e3o me sinto preparado. Vou em busca da medalha de ouro.\u201d<\/p>\n\n\n\n<p>O paratleta chegou em Paris na ter\u00e7a-feira (27). Ele estava na Fran\u00e7a desde o dia 19, hospedado com o time brasileiro em Troyes \u2014 a mais de 150 quil\u00f4metros da capital francesa \u2014 realizando os \u00faltimos preparativos para os jogos. Em Taubat\u00e9, ele costuma treinar duas vezes por semana no Complexo Poliesportivo da cidade.<\/p>\n\n\n\n<p>A prova de lan\u00e7amento de disco nas paralimp\u00edadas ser\u00e1 no domingo, 1\u00ba de setembro, no Est\u00e1dio de France. Rocha compete na categoria F52, voltada para atletas tetrapl\u00e9gicos. O disco pesa um quilo a menos do que na prova convencional. Como n\u00e3o h\u00e1 essa categoria para o arremesso de peso nos jogos, o militar n\u00e3o ir\u00e1 participar dessa modalidade.<\/p>\n\n\n\n<p>J\u00e1 sendo um atleta paral\u00edmpico, o policial ainda tem um grande sonho pessoal: \u201cQuero inspirar pessoas a serem atletas tamb\u00e9m, de conhecer e praticar o esporte\u201d, garantiu.<\/p>\n\n\n\n<p>Hoje, ele \u00e9 coordenador do projeto Esporte para Todos, que o revelou para o mundo, na cidade natal dele. O projeto \u00e9 voltado para crian\u00e7as e adultos com defici\u00eancia interessados na pr\u00e1tica esportiva. Alguns esportes ensinados pela a\u00e7\u00e3o social s\u00e3o o atletismo, a nata\u00e7\u00e3o, a bocha e o badminton.<\/p>\n\n\n\n<p><strong><em><strong><em><strong><em><strong><em><strong><em><strong><em><strong><em><strong><em><strong>Siga nossas redes sociais no\u00a0<a href=\"https:\/\/www.instagram.com\/ronipaparazzi\/\">Instagram\u00a0<\/a>e\u00a0<a href=\"https:\/\/www.facebook.com\/ronipaparazzicomvoce\">Facebook<\/a>\u00a0participe da nossa comunidade do Canal Roni Paparazzi no Whatsapp e receba as principais not\u00edcias da regi\u00e3o de Ara\u00e7atuba do dia direto no seu celular.<\/strong>\u00a0<a href=\"https:\/\/chat.whatsapp.com\/GsG1XKo0jPOEfjzudWQcml\" target=\"_blank\" rel=\"noreferrer noopener\">\u00a0Clique aqui e se inscreva.<\/a><\/em><\/strong><\/em><\/strong><\/em><\/strong><\/em><\/strong><\/em><\/strong><\/em><\/strong><\/em><\/strong><\/em><\/strong><\/p>\n","protected":false},"excerpt":{"rendered":"<p>O atleta paral\u00edmpico Andr\u00e9 Rocha vive o auge da carreira aos 47 anos. Multicampe\u00e3o das modalidades de lan\u00e7amento de peso e de disco, ele faz parte da delega\u00e7\u00e3o brasileira com 254 atletas que disputar\u00e1 as Paralimp\u00edadas de Paris, na Fran\u00e7a, a partir desta quarta-feira (28). \u00c9 a primeira vez que o policial aposentado participa do &hellip;<\/p>\n","protected":false},"author":1,"featured_media":11484,"comment_status":"open","ping_status":"open","sticky":false,"template":"","format":"standard","meta":{"_jetpack_memberships_contains_paid_content":false,"footnotes":"","jetpack_publicize_message":"","jetpack_publicize_feature_enabled":true,"jetpack_social_post_already_shared":false,"jetpack_social_options":{"image_generator_settings":{"template":"highway","default_image_id":0,"enabled":false},"version":2}},"categories":[4],"tags":[],"class_list":["post-11483","post","type-post","status-publish","format-standard","has-post-thumbnail","hentry","category-regiao"],"jetpack_publicize_connections":[],"jetpack_featured_media_url":"https:\/\/i0.wp.com\/www.paparazzinews.com.br\/wp-content\/uploads\/2024\/08\/00056031.jpeg?fit=1024%2C682&ssl=1","views":"2150","jetpack_likes_enabled":true,"jetpack_sharing_enabled":true,"_links":{"self":[{"href":"https:\/\/www.paparazzinews.com.br\/index.php?rest_route=\/wp\/v2\/posts\/11483","targetHints":{"allow":["GET"]}}],"collection":[{"href":"https:\/\/www.paparazzinews.com.br\/index.php?rest_route=\/wp\/v2\/posts"}],"about":[{"href":"https:\/\/www.paparazzinews.com.br\/index.php?rest_route=\/wp\/v2\/types\/post"}],"author":[{"embeddable":true,"href":"https:\/\/www.paparazzinews.com.br\/index.php?rest_route=\/wp\/v2\/users\/1"}],"replies":[{"embeddable":true,"href":"https:\/\/www.paparazzinews.com.br\/index.php?rest_route=%2Fwp%2Fv2%2Fcomments&post=11483"}],"version-history":[{"count":1,"href":"https:\/\/www.paparazzinews.com.br\/index.php?rest_route=\/wp\/v2\/posts\/11483\/revisions"}],"predecessor-version":[{"id":11485,"href":"https:\/\/www.paparazzinews.com.br\/index.php?rest_route=\/wp\/v2\/posts\/11483\/revisions\/11485"}],"wp:featuredmedia":[{"embeddable":true,"href":"https:\/\/www.paparazzinews.com.br\/index.php?rest_route=\/wp\/v2\/media\/11484"}],"wp:attachment":[{"href":"https:\/\/www.paparazzinews.com.br\/index.php?rest_route=%2Fwp%2Fv2%2Fmedia&parent=11483"}],"wp:term":[{"taxonomy":"category","embeddable":true,"href":"https:\/\/www.paparazzinews.com.br\/index.php?rest_route=%2Fwp%2Fv2%2Fcategories&post=11483"},{"taxonomy":"post_tag","embeddable":true,"href":"https:\/\/www.paparazzinews.com.br\/index.php?rest_route=%2Fwp%2Fv2%2Ftags&post=11483"}],"curies":[{"name":"wp","href":"https:\/\/api.w.org\/{rel}","templated":true}]}}