{"id":11477,"date":"2024-08-28T14:11:18","date_gmt":"2024-08-28T17:11:18","guid":{"rendered":"https:\/\/www.paparazzinews.com.br\/?p=11477"},"modified":"2024-08-28T14:11:19","modified_gmt":"2024-08-28T17:11:19","slug":"jogos-paralimpicos-de-paris-terao-doutoranda-da-usp-no-para-remo-e-ex-aluna-tecnica-da-natacao","status":"publish","type":"post","link":"https:\/\/www.paparazzinews.com.br\/?p=11477","title":{"rendered":"Jogos Paral\u00edmpicos de Paris ter\u00e3o doutoranda da USP no para-remo e ex-aluna t\u00e9cnica da nata\u00e7\u00e3o"},"content":{"rendered":"\n<p>A partir desta quarta-feira (28), ser\u00e1 dada a largada para a Paralimp\u00edada de 2024. Neste ano, o Brasil contar\u00e1 com a maior delega\u00e7\u00e3o paral\u00edmpica convocada em todas as edi\u00e7\u00f5es dos jogos. Ser\u00e3o 280 atletas brasileiros nos Jogos Paral\u00edmpicos de Paris, sendo 255 esportistas com defici\u00eancia, 19 atletas-guia (sendo 18 do atletismo e um do triatlo), tr\u00eas calheiros da bocha, dois goleiros do futebol de cegos e um timoneiro do remo.&nbsp;<\/p>\n\n\n\n<p>Entre eles est\u00e1 Alina Dumas, atleta da Sele\u00e7\u00e3o Paral\u00edmpica Brasileira de Para-Remo, que tamb\u00e9m \u00e9 doutoranda da Faculdade de Medicina (FM) da USP. Atualmente \u00e9 a voga da equipe, que \u00e9 a remadora que comanda o ritmo do barco com quatro atletas, todos com limita\u00e7\u00e3o motora, mas que utilizam tronco, pernas e bra\u00e7os.<\/p>\n\n\n\n<p>A atleta tenta conciliar o estudo e sua pesquisa na \u00e1rea de medicina \u00e0 sua paix\u00e3o pelo remo. \u201cEstou gostando muito de estudar, fazendo um projeto relacionado ao remo que achei muito interessante, e pretendo continuar com essa linha de pesquisa, na parte da sa\u00fade e metabolismo \u00f3sseo\u201d, comenta.<\/p>\n\n\n\n<figure class=\"wp-block-image\"><img data-recalc-dims=\"1\" decoding=\"async\" src=\"https:\/\/i0.wp.com\/www.agenciasp.sp.gov.br\/wp-content\/uploads\/2024\/08\/Aline-Dumas-atleta-paralimpica.jpg?w=708\" alt=\"\" class=\"wp-image-15647\"\/><figcaption class=\"wp-element-caption\">Alina Dumas, doutoranda da Faculdade de Medicina da USP e atleta paral\u00edmpica<\/figcaption><\/figure>\n\n\n\n<p>Ela esteve em fase de treinamento para a competi\u00e7\u00e3o no m\u00eas de junho na Raia Ol\u00edmpica da USP, local em que fez tamb\u00e9m exerc\u00edcios de fortalecimento, j\u00e1 que os seus companheiros de equipe est\u00e3o treinando em localidades diferentes. \u201cO objetivo foi evitar as les\u00f5es e focar nos detalhes que precisavam ser melhorados\u201d, destacou Alina.&nbsp;<\/p>\n\n\n\n<p>Argentina de nascimento, ela \u00e9 naturalizada brasileira e sua hist\u00f3ria no esporte come\u00e7ou com a nata\u00e7\u00e3o. O interesse pelo remo veio ap\u00f3s assistir \u00e0 modalidade em Londres em 2012, mas foi durante a sua gradua\u00e7\u00e3o no Canad\u00e1, que, de fato, Alina come\u00e7ou a remar. Quando veio ao Brasil para continuar seus estudos, passou a remar ainda no remo convencional pelo Esporte Clube Pinheiros. Por\u00e9m, em 2020, a atleta realizou uma s\u00e9rie de cirurgias de reconstru\u00e7\u00e3o ligamentar no tornozelo e, devido a uma rejei\u00e7\u00e3o do corpo ao procedimento, Alina desenvolveu uma fibrose que passou a limitar a mobilidade do seu tornozelo esquerdo.&nbsp;<\/p>\n\n\n\n<p>LEIA TAMB\u00c9M:&nbsp;<a href=\"https:\/\/www.agenciasp.sp.gov.br\/a-caminho-da-terceira-paralimpiada-professor-de-natacao-fala-da-importancia-da-inclusao\/\">A caminho da terceira Paralimp\u00edada, professor de nata\u00e7\u00e3o fala da import\u00e2ncia da inclus\u00e3o<\/a><\/p>\n\n\n\n<p>A partir da\u00ed, seu t\u00e9cnico e um colega do para-remo recomendaram que Alina fizesse a classifica\u00e7\u00e3o do para-remo por conta dessa limita\u00e7\u00e3o. A atleta participou de duas classifica\u00e7\u00f5es, uma em mar\u00e7o e outra em junho, e acabou conquistando a ida a Paris 2024&nbsp;<a href=\"https:\/\/cpb.org.br\/modalidades\/remo\/\">na categoria e classe PR3 4+ \u2013&nbsp;<\/a>&nbsp;barco com quatro remadores e um timoneiro.<\/p>\n\n\n\n<h2 class=\"wp-block-heading\">De atleta a t\u00e9cnica na nata\u00e7\u00e3o<\/h2>\n\n\n\n<figure class=\"wp-block-image\"><img data-recalc-dims=\"1\" decoding=\"async\" src=\"https:\/\/i0.wp.com\/www.agenciasp.sp.gov.br\/wp-content\/uploads\/2024\/08\/tecnica-da-Selecao-Paralimpica-Brasileira-de-Natacao.jpg?w=708\" alt=\"\" class=\"wp-image-15646\"\/><figcaption class=\"wp-element-caption\">Gabriele Bonfim, t\u00e9cnica da Sele\u00e7\u00e3o Paral\u00edmpica Brasileira de Nata\u00e7\u00e3o<\/figcaption><\/figure>\n\n\n\n<p>\u201cA USP proporciona muitas coisas para n\u00f3s e estando ali dentro tem que aproveitar o m\u00e1ximo poss\u00edvel\u201d, conta Gabriele Bonfim, t\u00e9cnica da Sele\u00e7\u00e3o Paral\u00edmpica Brasileira de Nata\u00e7\u00e3o e da equipe Catad\u00e3o, que re\u00fane atl\u00e9ticas da USP. Ela tamb\u00e9m \u00e9 ex-aluna da Universidade e cursou Educa\u00e7\u00e3o F\u00edsica e Sa\u00fade na Escola de Artes, Ci\u00eancias e Humanidades (Each). Gabriele, que foi atleta profissional de nata\u00e7\u00e3o, ingressou no curso com o objetivo de se tornar t\u00e9cnica do esporte. \u201cNo Brasil \u00e9 muito dif\u00edcil conseguir ser atleta profissional e tamb\u00e9m fazer um curso em uma faculdade, muitos acabam tendo que escolher. Mas eu consegui organizar a rotina e fui atleta por quase todos os anos da faculdade\u201d, afirma.&nbsp;<\/p>\n\n\n\n<p>A t\u00e9cnica ingressou no movimento paral\u00edmpico em 2014, por meio de est\u00e1gios ainda durante a faculdade. Ao todo, Gabriele j\u00e1 participou de tr\u00eas ciclos paral\u00edmpicos \u2013 compostos de campeonatos mundiais, nacionais e Parapan-Americanos. A t\u00e9cnica conta que este ser\u00e1 particularmente especial, uma vez que uma atleta especificamente do seu programa de treinamento estar\u00e1 em Paris. \u201cTem sido um ciclo bem \u00e1rduo de trabalho, mas sempre \u00e9 muito gratificante quando vamos para o evento e temos os resultados que planejamos\u201d, pontua Gabriele.&nbsp;<\/p>\n\n\n\n<p>LEIA TAMB\u00c9M:&nbsp;<a href=\"https:\/\/www.agenciasp.sp.gov.br\/especiais\/conheca-o-centro-de-treinamento-paralimpico-em-sao-paulo\/\">300 quartos acess\u00edveis e 5 mil atletas: conhe\u00e7a o Centro de Treinamento Paral\u00edmpico de SP<\/a><\/p>\n\n\n\n<p>Em Paris, ela acompanhar\u00e1 a delega\u00e7\u00e3o e a atleta L\u00eddia Vieira da Cruz, que compete na modalidade e participar\u00e1 de categorias individuais e em equipe, ao longo de sete dias de prova. Al\u00e9m de t\u00e9cnica, Gabriele tamb\u00e9m atua como tapper \u2013 profissional que, por meio de um bast\u00e3o com ponta de espuma, sinaliza aos nadadores com algum tipo de defici\u00eancia visual a proximidade das bordas para que ele possa realizar a virada ou a chegada no t\u00e9rmino da prova.<\/p>\n\n\n\n<p>A delega\u00e7\u00e3o da nata\u00e7\u00e3o embarcou para os jogos para uma fase de aclimata\u00e7\u00e3o em uma cidade do interior da Fran\u00e7a e os atletas estreiam nas piscinas a partir de quinta-feira, dia 29 de agosto, numa s\u00e9rie de dez dias.<\/p>\n\n\n\n<h2 class=\"wp-block-heading\">Aumento de visibilidade<\/h2>\n\n\n\n<p>Na hist\u00f3ria dos Jogos Paral\u00edmpicos, o Brasil j\u00e1 conquistou 373 medalhas, sendo 109 de ouro, 132 de prata e 132 de bronze: est\u00e1 a 27 medalhas do seu 400\u00ba p\u00f3dio no evento. A expectativa este ano \u00e9 que, com o grande n\u00famero de atletas, a delega\u00e7\u00e3o consiga tamb\u00e9m um n\u00famero significativo de medalhas para o Pa\u00eds.<\/p>\n\n\n\n<p>A organiza\u00e7\u00e3o dos jogos tem o objetivo de aumentar a visibilidade e quantidade de espectadores para as Paralimp\u00edadas. A expectativa do IPC (Comit\u00ea Paral\u00edmpico Internacional) \u00e9 de que mais de 3 milh\u00f5es de pessoas acompanhem os jogos pela televis\u00e3o ao longo dos 11 dias de programa\u00e7\u00e3o, com quase 600 eventos. Na pr\u00f3pria cerim\u00f4nia de encerramento, Tony Estanguet, presidente do Comit\u00ea Organizador da Olimp\u00edada e da Paralimp\u00edada de 2024, reafirmou que os jogos e todas as celebra\u00e7\u00f5es ainda n\u00e3o acabaram e fez um convite a todos a acompanharem os Jogos Paral\u00edmpicos.<\/p>\n\n\n\n<p>Devido \u00e0 dimens\u00e3o global das Paralimp\u00edadas, assim como as Olimp\u00edadas, a edi\u00e7\u00e3o de 2024 d\u00e1 visibilidade \u00e0&nbsp;<a href=\"https:\/\/www.unwomen.org\/en\/paris-2024-olympics-new-era-for-women-in-sport#:~:text=The%20game%20is%20changing.,first%20to%20reach%20gender%20equality.\">quest\u00e3o de g\u00eanero e a equidade<\/a>. Mas se entre os atletas ol\u00edmpicos a meta de equidade foi atingida, no contexto das Paralimp\u00edadas as mulheres ainda s\u00e3o minoria. Na delega\u00e7\u00e3o brasileira, h\u00e1 177 mulheres que ir\u00e3o competir em Paris. Essa j\u00e1 \u00e9 a maior convoca\u00e7\u00e3o feminina para a disputa por medalhas nos Jogos.<\/p>\n\n\n\n<p><strong><em><strong><em><strong><em><strong><em><strong><em><strong><em><strong><em><strong><em><strong>Siga nossas redes sociais no\u00a0<a href=\"https:\/\/www.instagram.com\/ronipaparazzi\/\">Instagram\u00a0<\/a>e\u00a0<a href=\"https:\/\/www.facebook.com\/ronipaparazzicomvoce\">Facebook<\/a>\u00a0participe da nossa comunidade do Canal Roni Paparazzi no Whatsapp e receba as principais not\u00edcias da regi\u00e3o de Ara\u00e7atuba do dia direto no seu celular.<\/strong>\u00a0<a href=\"https:\/\/chat.whatsapp.com\/GsG1XKo0jPOEfjzudWQcml\" target=\"_blank\" rel=\"noreferrer noopener\">\u00a0Clique aqui e se inscreva.<\/a><\/em><\/strong><\/em><\/strong><\/em><\/strong><\/em><\/strong><\/em><\/strong><\/em><\/strong><\/em><\/strong><\/em><\/strong><\/p>\n","protected":false},"excerpt":{"rendered":"<p>A partir desta quarta-feira (28), ser\u00e1 dada a largada para a Paralimp\u00edada de 2024. Neste ano, o Brasil contar\u00e1 com a maior delega\u00e7\u00e3o paral\u00edmpica convocada em todas as edi\u00e7\u00f5es dos jogos. Ser\u00e3o 280 atletas brasileiros nos Jogos Paral\u00edmpicos de Paris, sendo 255 esportistas com defici\u00eancia, 19 atletas-guia (sendo 18 do atletismo e um do triatlo), &hellip;<\/p>\n","protected":false},"author":1,"featured_media":11478,"comment_status":"open","ping_status":"open","sticky":false,"template":"","format":"standard","meta":{"_jetpack_memberships_contains_paid_content":false,"footnotes":"","jetpack_publicize_message":"","jetpack_publicize_feature_enabled":true,"jetpack_social_post_already_shared":false,"jetpack_social_options":{"image_generator_settings":{"template":"highway","default_image_id":0,"enabled":false},"version":2}},"categories":[4],"tags":[],"class_list":["post-11477","post","type-post","status-publish","format-standard","has-post-thumbnail","hentry","category-regiao"],"jetpack_publicize_connections":[],"jetpack_featured_media_url":"https:\/\/i0.wp.com\/www.paparazzinews.com.br\/wp-content\/uploads\/2024\/08\/Aline-Dumas-doutoranda-da-Faculdade-de-Medicina-da-USP-1.jpg?fit=1172%2C595&ssl=1","views":"2103","jetpack_likes_enabled":true,"jetpack_sharing_enabled":true,"_links":{"self":[{"href":"https:\/\/www.paparazzinews.com.br\/index.php?rest_route=\/wp\/v2\/posts\/11477","targetHints":{"allow":["GET"]}}],"collection":[{"href":"https:\/\/www.paparazzinews.com.br\/index.php?rest_route=\/wp\/v2\/posts"}],"about":[{"href":"https:\/\/www.paparazzinews.com.br\/index.php?rest_route=\/wp\/v2\/types\/post"}],"author":[{"embeddable":true,"href":"https:\/\/www.paparazzinews.com.br\/index.php?rest_route=\/wp\/v2\/users\/1"}],"replies":[{"embeddable":true,"href":"https:\/\/www.paparazzinews.com.br\/index.php?rest_route=%2Fwp%2Fv2%2Fcomments&post=11477"}],"version-history":[{"count":1,"href":"https:\/\/www.paparazzinews.com.br\/index.php?rest_route=\/wp\/v2\/posts\/11477\/revisions"}],"predecessor-version":[{"id":11479,"href":"https:\/\/www.paparazzinews.com.br\/index.php?rest_route=\/wp\/v2\/posts\/11477\/revisions\/11479"}],"wp:featuredmedia":[{"embeddable":true,"href":"https:\/\/www.paparazzinews.com.br\/index.php?rest_route=\/wp\/v2\/media\/11478"}],"wp:attachment":[{"href":"https:\/\/www.paparazzinews.com.br\/index.php?rest_route=%2Fwp%2Fv2%2Fmedia&parent=11477"}],"wp:term":[{"taxonomy":"category","embeddable":true,"href":"https:\/\/www.paparazzinews.com.br\/index.php?rest_route=%2Fwp%2Fv2%2Fcategories&post=11477"},{"taxonomy":"post_tag","embeddable":true,"href":"https:\/\/www.paparazzinews.com.br\/index.php?rest_route=%2Fwp%2Fv2%2Ftags&post=11477"}],"curies":[{"name":"wp","href":"https:\/\/api.w.org\/{rel}","templated":true}]}}