{"id":1145,"date":"2022-11-07T17:31:50","date_gmt":"2022-11-07T20:31:50","guid":{"rendered":"https:\/\/www.paparazzinews.com.br\/?p=1145"},"modified":"2022-11-07T17:31:51","modified_gmt":"2022-11-07T20:31:51","slug":"carro-furtado-da-prefeitura-de-andradina-e-encontrado","status":"publish","type":"post","link":"https:\/\/www.paparazzinews.com.br\/?p=1145","title":{"rendered":"Carro furtado da prefeitura de Andradina \u00e9 encontrado"},"content":{"rendered":"\n<p>A Prefeitura de Andradina recuperou um carro furtado da frota municipal atrav\u00e9s do sistema de monitoramento e rastreamento instalado pela subsecretaria de Seguran\u00e7a P\u00fablica.<\/p>\n\n\n\n<p>O ve\u00edculo, modelo Gol, foi furtado na madrugada de s\u00e1bado, por volta da meia noite, no Cras 1, localizado na Vila Mineira. O ladr\u00e3o, al\u00e9m do ve\u00edculo, furtou v\u00e1rios equipamentos eletr\u00f4nicos, como tablets e eletrodom\u00e9sticos como o microondas e at\u00e9 mesmo o botij\u00e3o de g\u00e1s. O carro foi abandonado em uma estrada rural no Bairro Pantera por volta das 5 horas da manh\u00e3 de domingo. O ve\u00edculo chegou a ser visto por um morador da localidade.<\/p>\n\n\n\n<p>Segundo o subsecret\u00e1rio de Andr\u00e9 Luis de Lima Augusto, atrav\u00e9s do monitoramento pode-se tra\u00e7ar todo o caminho feito pelo ladr\u00e3o que passou a madrugada percorrendo pontos de com\u00e9rcio de drogas, provavelmente tentando negociar os objetos do furto. O ladr\u00e3o evitou ruas do Centro e fez um longo caminho por bairros como o Castanheiras, Gasparelli e Pereira Jord\u00e3o antes de abandonar o carro, retirando sua bateria.<\/p>\n\n\n\n<p>\u201cGra\u00e7as ao sistema de monitoramento a pol\u00edcia est\u00e1 investigando a autoria do furto e temos a certeza de que vamos chegar ao autor\u201d, disse Lima Augusto.<\/p>\n\n\n\n<p><strong>O sistema<br><\/strong>Ve\u00edculos da frota municipal de Andradina s\u00e3o acompanhados via sat\u00e9lite 24 horas por dia. O equipamento foi instalado para coibir o uso indevido de viaturas, ambul\u00e2ncias e outros ve\u00edculos oficiais, al\u00e9m de dar mais seguran\u00e7a ao servidores e ao mun\u00edcipes que utilizam os ve\u00edculos diariamente.<\/p>\n\n\n\n<p>O rastreador se utiliza da tecnologia do GPS (Global Positioning System, da sigla em ingl\u00eas) &#8211; Sistema de Posicionamento Global, e disponibiliza v\u00e1rios recursos aos usu\u00e1rios.<\/p>\n\n\n\n<p>Por meio do sistema, \u00e9 poss\u00edvel localizar o ve\u00edculo, rastre\u00e1-lo, registrar todo o itiner\u00e1rio realizado e a velocidade desenvolvida no percurso e at\u00e9 mesmo bloquear o funcionamento do motor caso o ve\u00edculo ultrapasse determinada velocidade limite permitida.<\/p>\n\n\n\n<p>Todas as informa\u00e7\u00f5es podem ser passadas para um computador ou mesmo um aparelho celular, possibilitando acesso instant\u00e2neo e remoto.<\/p>\n\n\n\n<p>Al\u00e9m do controle de rotas da frota oficial, a implanta\u00e7\u00e3o do sistema possibilita benef\u00edcios como controle de multas, do tempo de parada e de viagem e maior seguran\u00e7a para o usu\u00e1rio do ve\u00edculo.<\/p>\n\n\n\n<p>O sistema tamb\u00e9m promove a diminui\u00e7\u00e3o das despesas com combust\u00edvel e com manuten\u00e7\u00e3o dos ve\u00edculos, estendendo a vida \u00fatil da frota. Outra vantagem do sistema \u00e9 a redu\u00e7\u00e3o do valor do seguro dos carros.<\/p>\n","protected":false},"excerpt":{"rendered":"<p>A Prefeitura de Andradina recuperou um carro furtado da frota municipal atrav\u00e9s do sistema de monitoramento e rastreamento instalado pela subsecretaria de Seguran\u00e7a P\u00fablica. O ve\u00edculo, modelo Gol, foi furtado na madrugada de s\u00e1bado, por volta da meia noite, no Cras 1, localizado na Vila Mineira. O ladr\u00e3o, al\u00e9m do ve\u00edculo, furtou v\u00e1rios equipamentos eletr\u00f4nicos, &hellip;<\/p>\n","protected":false},"author":1,"featured_media":1146,"comment_status":"open","ping_status":"open","sticky":false,"template":"","format":"standard","meta":{"_jetpack_memberships_contains_paid_content":false,"footnotes":"","jetpack_publicize_message":"","jetpack_publicize_feature_enabled":true,"jetpack_social_post_already_shared":false,"jetpack_social_options":{"image_generator_settings":{"template":"highway","default_image_id":0,"enabled":false},"version":2}},"categories":[3],"tags":[],"class_list":["post-1145","post","type-post","status-publish","format-standard","has-post-thumbnail","hentry","category-policial"],"jetpack_publicize_connections":[],"jetpack_featured_media_url":"https:\/\/i0.wp.com\/www.paparazzinews.com.br\/wp-content\/uploads\/2022\/11\/79e35bf7-96a9-4ad2-8516-607363cbefea-e1667853096985.jpg?fit=1000%2C662&ssl=1","views":"2741","jetpack_likes_enabled":true,"jetpack_sharing_enabled":true,"_links":{"self":[{"href":"https:\/\/www.paparazzinews.com.br\/index.php?rest_route=\/wp\/v2\/posts\/1145","targetHints":{"allow":["GET"]}}],"collection":[{"href":"https:\/\/www.paparazzinews.com.br\/index.php?rest_route=\/wp\/v2\/posts"}],"about":[{"href":"https:\/\/www.paparazzinews.com.br\/index.php?rest_route=\/wp\/v2\/types\/post"}],"author":[{"embeddable":true,"href":"https:\/\/www.paparazzinews.com.br\/index.php?rest_route=\/wp\/v2\/users\/1"}],"replies":[{"embeddable":true,"href":"https:\/\/www.paparazzinews.com.br\/index.php?rest_route=%2Fwp%2Fv2%2Fcomments&post=1145"}],"version-history":[{"count":1,"href":"https:\/\/www.paparazzinews.com.br\/index.php?rest_route=\/wp\/v2\/posts\/1145\/revisions"}],"predecessor-version":[{"id":1147,"href":"https:\/\/www.paparazzinews.com.br\/index.php?rest_route=\/wp\/v2\/posts\/1145\/revisions\/1147"}],"wp:featuredmedia":[{"embeddable":true,"href":"https:\/\/www.paparazzinews.com.br\/index.php?rest_route=\/wp\/v2\/media\/1146"}],"wp:attachment":[{"href":"https:\/\/www.paparazzinews.com.br\/index.php?rest_route=%2Fwp%2Fv2%2Fmedia&parent=1145"}],"wp:term":[{"taxonomy":"category","embeddable":true,"href":"https:\/\/www.paparazzinews.com.br\/index.php?rest_route=%2Fwp%2Fv2%2Fcategories&post=1145"},{"taxonomy":"post_tag","embeddable":true,"href":"https:\/\/www.paparazzinews.com.br\/index.php?rest_route=%2Fwp%2Fv2%2Ftags&post=1145"}],"curies":[{"name":"wp","href":"https:\/\/api.w.org\/{rel}","templated":true}]}}