{"id":11449,"date":"2024-08-26T18:28:12","date_gmt":"2024-08-26T21:28:12","guid":{"rendered":"https:\/\/www.paparazzinews.com.br\/?p=11449"},"modified":"2024-08-26T18:28:13","modified_gmt":"2024-08-26T21:28:13","slug":"justica-pede-impugnacao-de-candidata-a-prefeita-em-nova-independencia","status":"publish","type":"post","link":"https:\/\/www.paparazzinews.com.br\/?p=11449","title":{"rendered":"Justi\u00e7a pede impugna\u00e7\u00e3o de candidata a prefeita em Nova Independ\u00eancia"},"content":{"rendered":"\n<p>A candidata a prefeita de Nova Independ\u00eancia, Th\u00e1is Joanini sofreu pedido de impugna\u00e7\u00e3o por parte do Minist\u00e9rio P\u00fablico Eleitoral. Segundo o promotor Eleitoral da Comarca de Andradina, Robson Alves Ribeiro, a pol\u00edtica estaria impedida de disputar \u00e0s elei\u00e7\u00f5es em decorr\u00eancia de cassa\u00e7\u00e3o de seu mandato de vereadora em setembro de 2016. A informa\u00e7\u00e3o \u00e9 do o Jornal o Foco.<\/p>\n\n\n\n<figure class=\"wp-block-image\"><img data-recalc-dims=\"1\" height=\"474\" width=\"708\" decoding=\"async\" src=\"https:\/\/i0.wp.com\/ofoco.net.br\/wp-content\/uploads\/2024\/08\/image-102-1024x686.png?resize=708%2C474\" alt=\"\" class=\"wp-image-40434\"\/><\/figure>\n\n\n\n<p>\u201cNo caso dos autos, o(a) impugnado(a), conforme se observa da documenta\u00e7\u00e3o em anexo (RCon do SISCONTA Eleitoral e do anexo relativo \u00e0 Resolu\u00e7\u00e3o n\u00ba 01\/2016), teve seu mandado cassado por quebra de decoro e deveres da verean\u00e7a, no dia 22 de setembro de 2016, portanto,<br>incidindo na causa de inelegibilidade em comento. Deste modo, tendo em vista o princ\u00edpio da preclus\u00e3o (art. 259 do C\u00f3digo Eleitoral), imp\u00f5e-se o ajuizamento da presente a\u00e7\u00e3o de impugna\u00e7\u00e3o, pois se trata de causa de inelegibilidade infraconstitucional\u201d \u2013 argumentou o representante do MPE.<\/p>\n\n\n\n<p>De acordo com a Lei Complementar 64\/90, os que tiverem seu mandatos cassados, ficar\u00e3o inileg\u00edveis por 8 anos. Tha\u00eds Joanini foi cassada pela C\u00e2mara de Nova Independ\u00eancia em 22 de setembro de 2016, por improbidade administrativa, por ter falsificado um atestado m\u00e9dico.<\/p>\n\n\n\n<p><strong><em><strong><em><strong><em><strong><em><strong><em><strong><em><strong><em><strong><em><strong>Siga nossas redes sociais no\u00a0<a href=\"https:\/\/www.instagram.com\/ronipaparazzi\/\">Instagram\u00a0<\/a>e\u00a0<a href=\"https:\/\/www.facebook.com\/ronipaparazzicomvoce\">Facebook<\/a>\u00a0participe da nossa comunidade do Canal Roni Paparazzi no Whatsapp e receba as principais not\u00edcias da regi\u00e3o de Ara\u00e7atuba do dia direto no seu celular.<\/strong>\u00a0<a href=\"https:\/\/chat.whatsapp.com\/GsG1XKo0jPOEfjzudWQcml\" target=\"_blank\" rel=\"noreferrer noopener\">\u00a0Clique aqui e se inscreva.<\/a><\/em><\/strong><\/em><\/strong><\/em><\/strong><\/em><\/strong><\/em><\/strong><\/em><\/strong><\/em><\/strong><\/em><\/strong><\/p>\n","protected":false},"excerpt":{"rendered":"<p>A candidata a prefeita de Nova Independ\u00eancia, Th\u00e1is Joanini sofreu pedido de impugna\u00e7\u00e3o por parte do Minist\u00e9rio P\u00fablico Eleitoral. Segundo o promotor Eleitoral da Comarca de Andradina, Robson Alves Ribeiro, a pol\u00edtica estaria impedida de disputar \u00e0s elei\u00e7\u00f5es em decorr\u00eancia de cassa\u00e7\u00e3o de seu mandato de vereadora em setembro de 2016. A informa\u00e7\u00e3o \u00e9 do &hellip;<\/p>\n","protected":false},"author":1,"featured_media":11450,"comment_status":"open","ping_status":"open","sticky":false,"template":"","format":"standard","meta":{"_jetpack_memberships_contains_paid_content":false,"footnotes":"","jetpack_publicize_message":"","jetpack_publicize_feature_enabled":true,"jetpack_social_post_already_shared":false,"jetpack_social_options":{"image_generator_settings":{"template":"highway","default_image_id":0,"enabled":false},"version":2}},"categories":[7],"tags":[],"class_list":["post-11449","post","type-post","status-publish","format-standard","has-post-thumbnail","hentry","category-politica"],"jetpack_publicize_connections":[],"jetpack_featured_media_url":"https:\/\/i0.wp.com\/www.paparazzinews.com.br\/wp-content\/uploads\/2024\/08\/image-101.png?fit=520%2C523&ssl=1","views":"1523","jetpack_likes_enabled":true,"jetpack_sharing_enabled":true,"_links":{"self":[{"href":"https:\/\/www.paparazzinews.com.br\/index.php?rest_route=\/wp\/v2\/posts\/11449","targetHints":{"allow":["GET"]}}],"collection":[{"href":"https:\/\/www.paparazzinews.com.br\/index.php?rest_route=\/wp\/v2\/posts"}],"about":[{"href":"https:\/\/www.paparazzinews.com.br\/index.php?rest_route=\/wp\/v2\/types\/post"}],"author":[{"embeddable":true,"href":"https:\/\/www.paparazzinews.com.br\/index.php?rest_route=\/wp\/v2\/users\/1"}],"replies":[{"embeddable":true,"href":"https:\/\/www.paparazzinews.com.br\/index.php?rest_route=%2Fwp%2Fv2%2Fcomments&post=11449"}],"version-history":[{"count":1,"href":"https:\/\/www.paparazzinews.com.br\/index.php?rest_route=\/wp\/v2\/posts\/11449\/revisions"}],"predecessor-version":[{"id":11451,"href":"https:\/\/www.paparazzinews.com.br\/index.php?rest_route=\/wp\/v2\/posts\/11449\/revisions\/11451"}],"wp:featuredmedia":[{"embeddable":true,"href":"https:\/\/www.paparazzinews.com.br\/index.php?rest_route=\/wp\/v2\/media\/11450"}],"wp:attachment":[{"href":"https:\/\/www.paparazzinews.com.br\/index.php?rest_route=%2Fwp%2Fv2%2Fmedia&parent=11449"}],"wp:term":[{"taxonomy":"category","embeddable":true,"href":"https:\/\/www.paparazzinews.com.br\/index.php?rest_route=%2Fwp%2Fv2%2Fcategories&post=11449"},{"taxonomy":"post_tag","embeddable":true,"href":"https:\/\/www.paparazzinews.com.br\/index.php?rest_route=%2Fwp%2Fv2%2Ftags&post=11449"}],"curies":[{"name":"wp","href":"https:\/\/api.w.org\/{rel}","templated":true}]}}